{"id":23957,"date":"2023-08-28T00:32:00","date_gmt":"2023-08-28T05:32:00","guid":{"rendered":"http:\/\/www.salgadonoticias.com\/?p=23957"},"modified":"2023-08-28T16:13:15","modified_gmt":"2023-08-28T21:13:15","slug":"23957","status":"publish","type":"post","link":"https:\/\/www.salgadonoticias.com\/?p=23957","title":{"rendered":"PERITOS No Registrados Podr\u00e1n Intervenir en Juicios FAMILIARES en EdoMex&#8230;!!!"},"content":{"rendered":"<p>Views: 15<\/p>\n<p>.<\/p>\n\n\n\n<figure class=\"wp-block-embed is-type-video is-provider-youtube wp-block-embed-youtube wp-embed-aspect-16-9 wp-has-aspect-ratio\"><div class=\"wp-block-embed__wrapper\">\n<iframe loading=\"lazy\" title=\"PERITOS No Registrados Podr\u00e1n Intervenir en Juicios FAMILIARES en Edomex \u2026!!!\" width=\"640\" height=\"360\" src=\"https:\/\/www.youtube.com\/embed\/bwpWvfHGWDQ?feature=oembed\" frameborder=\"0\" allow=\"accelerometer; autoplay; clipboard-write; encrypted-media; gyroscope; picture-in-picture; web-share\" referrerpolicy=\"strict-origin-when-cross-origin\" allowfullscreen><\/iframe>\n<\/div><\/figure>\n\n\n\n<p>.<\/p>\n\n\n\n<p>El Poder Judicial del EdoMex determin\u00f3 que ante la creciente el <strong><mark style=\"background-color:rgba(0, 0, 0, 0)\" class=\"has-inline-color has-vivid-red-color\">AUMENTO<\/mark><\/strong> de <strong>servicios PERICIALES<\/strong>, la <strong>complejidad<\/strong> de las agendas y procurando en todo momento la <strong>igualdad<\/strong> y justo <strong>equilibrio<\/strong> entre las partes procesales, as\u00ed como una <strong><mark style=\"background-color:rgba(0, 0, 0, 0)\" class=\"has-inline-color has-vivid-red-color\">justicia<\/mark> pronta y expedita<\/strong>; a partir de esta semana se <strong><mark style=\"background-color:rgba(0, 0, 0, 0);color:#880505\" class=\"has-inline-color\">AUTORIZA<\/mark><\/strong> la intervenci\u00f3n de <mark style=\"background-color:#fdd872\" class=\"has-inline-color\"><strong>PERITOS<\/strong> EXTERNOS<\/mark> a su <strong>lista oficial <\/strong>a costa y de com\u00fan acuerdo por las partes involucradas en el juicio.<\/p>\n\n\n\n<p>Dicha autorizaci\u00f3n es en <strong><mark style=\"background-color:rgba(0, 0, 0, 0)\" class=\"has-inline-color has-vivid-red-color\">AUXILIO<\/mark><\/strong> de los <span style=\"text-decoration: underline;\">peritos permitidos por el PJEDOMEX<\/span> para intervenir en los juicios de <strong><mark style=\"background-color:#ff6900\" class=\"has-inline-color\">car\u00e1cter familiar<\/mark><\/strong>, y as\u00ed <strong>acortar<\/strong> los <strong>tiempos<\/strong> de espera para la <strong>emisi\u00f3n<\/strong> de sus <strong><mark style=\"background-color:rgba(0, 0, 0, 0)\" class=\"has-inline-color has-vivid-red-color\">dict\u00e1menes<\/mark><\/strong> periciales y <strong>no esperar a que haya un lugar <\/strong>en la agenda para atender sus asuntos.<\/p>\n\n\n\n<p>.<\/p>\n\n\n\n<p>La Direcci\u00f3n General de Finanzas y Planeaci\u00f3n, determinar\u00e1 la <strong>forma de pago <\/strong>para las y los peritos auxiliares.<\/p>\n\n\n\n<p><\/p>\n\n\n\n<p><\/p>\n\n\n\n<p>.<\/p>\n\n\n\n<p>Si estas en el <strong><mark style=\"background-color:rgba(0, 0, 0, 0)\" class=\"has-inline-color has-vivid-red-color\">Extranjero <\/mark><\/strong>nosotros somos tu <strong><mark style=\"background-color:rgba(0, 0, 0, 0)\" class=\"has-inline-color has-vivid-green-cyan-color\">mejor<\/mark><\/strong> alternativa para <strong><mark style=\"background-color:rgba(0, 0, 0, 0)\" class=\"has-inline-color has-luminous-vivid-orange-color\">velar<\/mark><\/strong> por tus <strong><mark style=\"background-color:rgba(0, 0, 0, 0)\" class=\"has-inline-color has-vivid-cyan-blue-color\">intereses<\/mark><\/strong>.<\/p>\n\n\n\n<p>.<\/p>\n\n\n\n<p>Cuando<strong> necesites<\/strong> ayuda, <strong>asistencia<\/strong> o <strong>planeaci\u00f3n<\/strong> legal, <strong>solicita<\/strong> <strong>Cita Privada<\/strong> <a rel=\"noreferrer noopener\" href=\"mailto:bi@sm99.mx\" target=\"_blank\"><strong>Aqu\u00ed<\/strong><\/a><\/p>\n\n\n\n<p>.<\/p>\n\n\n\n<p>La informaci\u00f3n que AQU\u00cd te presentamos <strong>deriva<\/strong> de los <strong>Peri\u00f3dicos Oficiales <\/strong>de la<strong> CdMx<\/strong>, <strong>Estado<\/strong> de Mex., Diario <strong>Oficial<\/strong> de la Federaci\u00f3n, Suprema Corte de<strong> Justicia<\/strong> de la Naci\u00f3n, por lo tanto es de <strong>aplicaci\u00f3n OBLIGATORIA<\/strong><\/p>\n\n\n\n<p>La <strong>informaci\u00f3n<\/strong> de hoy procede de la Gaceta del EdoMex.<\/p>\n\n\n\n<p><strong><mark style=\"background-color:rgba(0, 0, 0, 0)\" class=\"has-inline-color has-luminous-vivid-orange-color\">AY\u00daDANOS<\/mark><\/strong> para que m\u00e1s personas conozcan esta informaci\u00f3n, <strong>Comp\u00e1rtelo<\/strong> en tus redes sociales. ?<\/p>\n\n\n\n<p><\/p>\n","protected":false},"excerpt":{"rendered":"<p>Views: 15 . . El Poder Judicial del EdoMex determin\u00f3 que ante la creciente el AUMENTO de servicios PERICIALES, la complejidad de las agendas y procurando en todo momento la igualdad y justo equilibrio entre las partes procesales, as\u00ed como una justicia pronta y expedita; a partir de esta semana se AUTORIZA la intervenci\u00f3n de [&hellip;]<\/p>\n","protected":false},"author":3,"featured_media":23965,"comment_status":"closed","ping_status":"open","sticky":false,"template":"","format":"standard","meta":{"_jetpack_memberships_contains_paid_content":false,"footnotes":""},"categories":[8],"tags":[],"jetpack_sharing_enabled":true,"jetpack_featured_media_url":"https:\/\/www.salgadonoticias.com\/wp-content\/uploads\/2023\/08\/peritos.webp","_links":{"self":[{"href":"https:\/\/www.salgadonoticias.com\/index.php?rest_route=\/wp\/v2\/posts\/23957"}],"collection":[{"href":"https:\/\/www.salgadonoticias.com\/index.php?rest_route=\/wp\/v2\/posts"}],"about":[{"href":"https:\/\/www.salgadonoticias.com\/index.php?rest_route=\/wp\/v2\/types\/post"}],"author":[{"embeddable":true,"href":"https:\/\/www.salgadonoticias.com\/index.php?rest_route=\/wp\/v2\/users\/3"}],"replies":[{"embeddable":true,"href":"https:\/\/www.salgadonoticias.com\/index.php?rest_route=%2Fwp%2Fv2%2Fcomments&post=23957"}],"version-history":[{"count":4,"href":"https:\/\/www.salgadonoticias.com\/index.php?rest_route=\/wp\/v2\/posts\/23957\/revisions"}],"predecessor-version":[{"id":23975,"href":"https:\/\/www.salgadonoticias.com\/index.php?rest_route=\/wp\/v2\/posts\/23957\/revisions\/23975"}],"wp:featuredmedia":[{"embeddable":true,"href":"https:\/\/www.salgadonoticias.com\/index.php?rest_route=\/wp\/v2\/media\/23965"}],"wp:attachment":[{"href":"https:\/\/www.salgadonoticias.com\/index.php?rest_route=%2Fwp%2Fv2%2Fmedia&parent=23957"}],"wp:term":[{"taxonomy":"category","embeddable":true,"href":"https:\/\/www.salgadonoticias.com\/index.php?rest_route=%2Fwp%2Fv2%2Fcategories&post=23957"},{"taxonomy":"post_tag","embeddable":true,"href":"https:\/\/www.salgadonoticias.com\/index.php?rest_route=%2Fwp%2Fv2%2Ftags&post=23957"}],"curies":[{"name":"wp","href":"https:\/\/api.w.org\/{rel}","templated":true}]}}