{"id":23969,"date":"2023-08-29T00:40:00","date_gmt":"2023-08-29T05:40:00","guid":{"rendered":"http:\/\/www.salgadonoticias.com\/?p=23969"},"modified":"2023-08-29T14:44:23","modified_gmt":"2023-08-29T19:44:23","slug":"23969","status":"publish","type":"post","link":"https:\/\/www.salgadonoticias.com\/?p=23969","title":{"rendered":"Copias CERTIFICADAS se pueden Solicitar y Expedir ELECTRONICAMETE&#8230;!!!"},"content":{"rendered":"<p>Views: 15<\/p>\n<p>.<\/p>\n\n\n\n<figure class=\"wp-block-embed is-type-video is-provider-youtube wp-block-embed-youtube wp-embed-aspect-16-9 wp-has-aspect-ratio\"><div class=\"wp-block-embed__wrapper\">\n<iframe loading=\"lazy\" title=\"Copias CERTIFICADAS Se pueden solicitar y expedir ELECTRONICAMENTE \u2026!!!\ufffc\" width=\"640\" height=\"360\" src=\"https:\/\/www.youtube.com\/embed\/Ss7bBDuuW6U?feature=oembed\" frameborder=\"0\" allow=\"accelerometer; autoplay; clipboard-write; encrypted-media; gyroscope; picture-in-picture; web-share\" referrerpolicy=\"strict-origin-when-cross-origin\" allowfullscreen><\/iframe>\n<\/div><\/figure>\n\n\n\n<p>.<\/p>\n\n\n\n<p>Este ANTECEDENTE:<\/p>\n\n\n\n<p>Surge luego de que un <strong>Juez <\/strong>de Distrito <strong><mark style=\"background-color:#ff6900\" class=\"has-inline-color\">negara la expedici\u00f3n de copias certificadas electr\u00f3nicamente<\/mark><\/strong> y su <strong><mark style=\"background-color:rgba(0, 0, 0, 0)\" class=\"has-inline-color has-vivid-red-color\">env\u00edo por correo electr\u00f3nico<\/mark><\/strong> a la parte quejosa, esto porque <strong>consider\u00f3<\/strong> que este supuesto no se <strong><mark style=\"background-color:rgba(0, 0, 0, 0)\" class=\"has-inline-color has-vivid-red-color\">encuentra previsto en el art\u00edculo 3o. de la Ley de Amparo<\/mark><\/strong>. <\/p>\n\n\n\n<p>Por lo que deb\u00edan ser <strong><mark style=\"background-color:#fcb900\" class=\"has-inline-color\">solicitadas y entregadas<\/mark><\/strong> por s\u00ed o por conducto de la persona autorizada para ello.<\/p>\n\n\n\n<p>.<\/p>\n\n\n\n<p>La <strong><mark style=\"background-color:rgba(0, 0, 0, 0);color:#0c0674\" class=\"has-inline-color\">Suprema Corte de Justicia<\/mark> <\/strong>a trav\u00e9s de su Tribunal Colegiado de Circuito, <strong><mark style=\"background-color:rgba(0, 0, 0, 0);color:#810d0d\" class=\"has-inline-color\">DETERMIN\u00d3<\/mark> <\/strong>que <strong><mark style=\"background-color:#fcb900\" class=\"has-inline-color\">SI<\/mark><\/strong> procede<strong> autorizar<\/strong> la <strong><mark style=\"background-color:#5ee6af\" class=\"has-inline-color\">EXPEDICI\u00d3N<\/mark><\/strong> de <strong>copias certificadas<\/strong> <strong><mark style=\"background-color:#44c294\" class=\"has-inline-color has-black-color\">ELECTR\u00d3NICAMENTE<\/mark><\/strong> haciendo uso de la Firma Electr\u00f3nica Certificada del Poder Judicial de la Federaci\u00f3n (FIREL) de la secretaria o secretario respectivo y su <mark style=\"background-color:#f4b1c2\" class=\"has-inline-color\"><strong>env\u00edo<\/strong><\/mark><mark style=\"background-color:#ffffff\" class=\"has-inline-color\"> puede ser desde el <\/mark><mark style=\"background-color:#f4b1c2\" class=\"has-inline-color\"><strong>correo electr\u00f3nico<\/strong><\/mark> institucional del <strong>juzgado<\/strong> y\/o <strong><mark style=\"background-color:#fcb900\" class=\"has-inline-color\">del funcionario certificador<\/mark><\/strong> al <strong>correo electr\u00f3nico<\/strong> que proporcione el solicitante.<\/p>\n\n\n\n<p>.<\/p>\n\n\n\n<p>La justificaci\u00f3n de la <strong><mark style=\"background-color:rgba(0, 0, 0, 0);color:#160780\" class=\"has-inline-color\">SCJN<\/mark><\/strong>, es porque conforme a lo resuelto por su la Primera Sala en el recurso de queja 3\/2022, <mark style=\"background-color:#ff6900\" class=\"has-inline-color\">el <strong>juicio de amparo<\/strong> debe ser <strong>evolutivo y no est\u00e1tico<\/strong><\/mark>, con el fin de <strong>privilegiar<\/strong> el uso de los avances tecnol\u00f3gicos actuales. <\/p>\n\n\n\n<p>As\u00ed, como lo sostuvo el Alto Tribunal, la <em><u><strong><mark style=\"background-color:rgba(0, 0, 0, 0)\" class=\"has-inline-color has-vivid-red-color\">expedici\u00f3n de copias certificadas de forma electr\u00f3nica y su remisi\u00f3n por correo electr\u00f3nico<\/mark><\/strong><\/u><\/em> constituyen una actuaci\u00f3n que <strong>s\u00f3lo var\u00eda el medio de entrega<\/strong> de dichos documentos a una persona legitimada para ello, <strong>en beneficio<\/strong> del <strong><mark style=\"background-color:#cf2e2e\" class=\"has-inline-color\">derecho de acceso a una justicia pronta y expedita<\/mark><\/strong>, que permite la adopci\u00f3n de una perspectiva flexible y de mayor aceptaci\u00f3n mediante el uso de las tecnolog\u00edas de la informaci\u00f3n y comunicaci\u00f3n como alternativa eficaz, en t\u00e9rminos de los art\u00edculos 6o., p\u00e1rrafo tercero y apartado B, fracci\u00f3n I y 17 de la <strong>Constituci\u00f3n <\/strong>General, en relaci\u00f3n con los diversos 278 y 279 del <strong><mark style=\"background-color:rgba(0, 0, 0, 0)\" class=\"has-inline-color has-vivid-red-color\">C\u00f3digo Federal de Procedimientos Civiles<\/mark><\/strong>, de aplicaci\u00f3n supletoria de la <strong><mark style=\"background-color:rgba(0, 0, 0, 0)\" class=\"has-inline-color has-vivid-red-color\">Ley de Amparo<\/mark><\/strong>, as\u00ed como 22, 36 y 67 del <strong><mark style=\"background-color:rgba(0, 0, 0, 0)\" class=\"has-inline-color has-vivid-red-color\">Acuerdo General<\/mark><\/strong> 12\/2020, del Pleno del Consejo de la Judicatura Federal, el cual tiene por objeto <strong><mark style=\"background-color:#fcb900\" class=\"has-inline-color\">regular la integraci\u00f3n de los expedientes electr\u00f3nicos.<\/mark><\/strong><\/p>\n\n\n\n<p><\/p>\n\n\n\n<p>.<\/p>\n\n\n\n<p>Esta resoluci\u00f3n ya puede <strong><mark><mark style=\"background-color:#78e7bf\" class=\"has-inline-color has-black-color\">ARGUMENTARSE<\/mark><\/mark><\/strong> en todo el pa\u00eds a partir de esta semana.<\/p>\n\n\n\n<p>.<\/p>\n\n\n\n<p>Si estas en el <strong><mark style=\"background-color:rgba(0, 0, 0, 0)\" class=\"has-inline-color has-vivid-red-color\">Extranjero <\/mark><\/strong>nosotros somos tu <strong><mark style=\"background-color:rgba(0, 0, 0, 0)\" class=\"has-inline-color has-vivid-green-cyan-color\">mejor<\/mark><\/strong> alternativa para <strong><mark style=\"background-color:rgba(0, 0, 0, 0)\" class=\"has-inline-color has-luminous-vivid-orange-color\">velar<\/mark><\/strong> por tus <strong><mark style=\"background-color:rgba(0, 0, 0, 0)\" class=\"has-inline-color has-vivid-cyan-blue-color\">intereses<\/mark><\/strong>.<\/p>\n\n\n\n<p>.<\/p>\n\n\n\n<p><\/p>\n\n\n\n<p>Cuando<strong> necesites<\/strong> ayuda, <strong>asistencia<\/strong> o <strong>planeaci\u00f3n<\/strong> legal, <strong>solicita<\/strong> <strong>Cita Privada<\/strong> <a rel=\"noreferrer noopener\" href=\"mailto:bi@sm99.mx\" target=\"_blank\"><strong>Aqu\u00ed<\/strong><\/a><\/p>\n\n\n\n<p>La informaci\u00f3n que AQU\u00cd te presentamos <strong>deriva<\/strong> de los <strong>Peri\u00f3dicos Oficiales <\/strong>de la<strong> CdMx<\/strong>, <strong>Estado<\/strong> de Mex., Diario <strong>Oficial<\/strong> de la Federaci\u00f3n, Suprema Corte de<strong> Justicia<\/strong> de la Naci\u00f3n, por lo tanto es de <strong>aplicaci\u00f3n OBLIGATORIA<\/strong><\/p>\n\n\n\n<p>La <strong>informaci\u00f3n<\/strong> de hoy procede de la Suprema Corte de Justicia<\/p>\n\n\n\n<p><strong><mark style=\"background-color:rgba(0, 0, 0, 0)\" class=\"has-inline-color has-luminous-vivid-orange-color\">AY\u00daDANOS<\/mark><\/strong> para que m\u00e1s personas conozcan esta informaci\u00f3n, <strong>Comp\u00e1rtelo<\/strong> en tus redes sociales. ?<\/p>\n","protected":false},"excerpt":{"rendered":"<p>Views: 15 . . Este ANTECEDENTE: Surge luego de que un Juez de Distrito negara la expedici\u00f3n de copias certificadas electr\u00f3nicamente y su env\u00edo por correo electr\u00f3nico a la parte quejosa, esto porque consider\u00f3 que este supuesto no se encuentra previsto en el art\u00edculo 3o. de la Ley de Amparo. Por lo que deb\u00edan ser [&hellip;]<\/p>\n","protected":false},"author":3,"featured_media":23977,"comment_status":"closed","ping_status":"open","sticky":false,"template":"","format":"standard","meta":{"_jetpack_memberships_contains_paid_content":false,"footnotes":""},"categories":[4],"tags":[],"jetpack_sharing_enabled":true,"jetpack_featured_media_url":"https:\/\/www.salgadonoticias.com\/wp-content\/uploads\/2023\/08\/COPIAS.jpg","_links":{"self":[{"href":"https:\/\/www.salgadonoticias.com\/index.php?rest_route=\/wp\/v2\/posts\/23969"}],"collection":[{"href":"https:\/\/www.salgadonoticias.com\/index.php?rest_route=\/wp\/v2\/posts"}],"about":[{"href":"https:\/\/www.salgadonoticias.com\/index.php?rest_route=\/wp\/v2\/types\/post"}],"author":[{"embeddable":true,"href":"https:\/\/www.salgadonoticias.com\/index.php?rest_route=\/wp\/v2\/users\/3"}],"replies":[{"embeddable":true,"href":"https:\/\/www.salgadonoticias.com\/index.php?rest_route=%2Fwp%2Fv2%2Fcomments&post=23969"}],"version-history":[{"count":9,"href":"https:\/\/www.salgadonoticias.com\/index.php?rest_route=\/wp\/v2\/posts\/23969\/revisions"}],"predecessor-version":[{"id":23990,"href":"https:\/\/www.salgadonoticias.com\/index.php?rest_route=\/wp\/v2\/posts\/23969\/revisions\/23990"}],"wp:featuredmedia":[{"embeddable":true,"href":"https:\/\/www.salgadonoticias.com\/index.php?rest_route=\/wp\/v2\/media\/23977"}],"wp:attachment":[{"href":"https:\/\/www.salgadonoticias.com\/index.php?rest_route=%2Fwp%2Fv2%2Fmedia&parent=23969"}],"wp:term":[{"taxonomy":"category","embeddable":true,"href":"https:\/\/www.salgadonoticias.com\/index.php?rest_route=%2Fwp%2Fv2%2Fcategories&post=23969"},{"taxonomy":"post_tag","embeddable":true,"href":"https:\/\/www.salgadonoticias.com\/index.php?rest_route=%2Fwp%2Fv2%2Ftags&post=23969"}],"curies":[{"name":"wp","href":"https:\/\/api.w.org\/{rel}","templated":true}]}}