{"id":23988,"date":"2023-08-30T00:45:00","date_gmt":"2023-08-30T05:45:00","guid":{"rendered":"http:\/\/www.salgadonoticias.com\/?p=23988"},"modified":"2023-08-30T16:16:59","modified_gmt":"2023-08-30T21:16:59","slug":"23988","status":"publish","type":"post","link":"https:\/\/www.salgadonoticias.com\/?p=23988","title":{"rendered":"Cuantificar Da\u00f1o MORAL, No DEBE ser conforme al Da\u00f1o Patrimonial\u2026!!!"},"content":{"rendered":"<p>Views: 15<\/p>\n<p>.<\/p>\n\n\n\n<figure class=\"wp-block-embed is-type-video is-provider-youtube wp-block-embed-youtube wp-embed-aspect-16-9 wp-has-aspect-ratio\"><div class=\"wp-block-embed__wrapper\">\n<iframe loading=\"lazy\" title=\"Da\u00f1o MORAL, Su Cuantificaci\u00f3n No DEBE ser conforme al Da\u00f1o Patrimonial \u2026!!!\ufffc\" width=\"640\" height=\"360\" src=\"https:\/\/www.youtube.com\/embed\/SvTUlK648OY?feature=oembed\" frameborder=\"0\" allow=\"accelerometer; autoplay; clipboard-write; encrypted-media; gyroscope; picture-in-picture; web-share\" referrerpolicy=\"strict-origin-when-cross-origin\" allowfullscreen><\/iframe>\n<\/div><\/figure>\n\n\n\n<p>.<\/p>\n\n\n\n<p>Este ANTECEDENTE:<\/p>\n\n\n\n<p>Surge despu\u00e9s de que, una persona present\u00f3 una demanda de <strong>responsabilidad civil <mark style=\"background-color:rgba(0, 0, 0, 0)\" class=\"has-inline-color has-vivid-red-color\">objetiva<\/mark><\/strong> por la <strong>muerte de su hijo con motivo de una descarga el\u00e9ctrica<\/strong>. <\/p>\n\n\n\n<p>En <strong>primera instancia<\/strong> se <strong><mark style=\"background-color:rgba(0, 0, 0, 0)\" class=\"has-inline-color has-vivid-red-color\">absolvi\u00f3<\/mark><\/strong> a la <strong>demandada principal <\/strong>y a la<strong> aseguradora<\/strong>. <\/p>\n\n\n\n<p>En apelaci\u00f3n, el Tribunal superior declar\u00f3 la <strong><mark style=\"background-color:rgba(0, 0, 0, 0)\" class=\"has-inline-color has-vivid-red-color\">improcedencia de la indemnizaci\u00f3n<\/mark><\/strong> por <strong>da\u00f1o patrimonial<\/strong>; <strong>sin embargo<\/strong>, <strong><mark style=\"background-color:#fcb900\" class=\"has-inline-color\">conden\u00f3 a las demandadas por da\u00f1o moral<\/mark><\/strong>, fijando su cuantificaci\u00f3n en <strong>correlaci\u00f3n<\/strong> con el monto que hubiere correspondido al <strong>da\u00f1o <mark style=\"background-color:rgba(0, 0, 0, 0)\" class=\"has-inline-color has-vivid-red-color\">material<\/mark><\/strong>. <\/p>\n\n\n\n<p>El actor promovi\u00f3 un <strong>juicio de amparo<\/strong>, el cual <strong><mark style=\"background-color:rgba(0, 0, 0, 0)\" class=\"has-inline-color has-vivid-red-color\">fue negado<\/mark><\/strong> para el Tribunal el hecho de que se se\u00f1alara que el monto del da\u00f1o moral deb\u00eda corresponder a una cantidad <strong>similar <\/strong>a la percibida por concepto de <strong>responsabilidad <mark style=\"background-color:rgba(0, 0, 0, 0)\" class=\"has-inline-color has-vivid-red-color\">patrimonial<\/mark><\/strong>, <strong><mark style=\"background-color:#ff6900\" class=\"has-inline-color\">no radicaba en un tope<\/mark><\/strong>, sino \u00fanicamente se utiliz\u00f3 como referencia o par\u00e1metro orientador. <\/p>\n\n\n\n<p>En desacuerdo con esta decisi\u00f3n, se <strong>interpuso<\/strong> un <strong>recurso de <mark style=\"background-color:rgba(0, 0, 0, 0)\" class=\"has-inline-color has-vivid-red-color\">revisi\u00f3n<\/mark><\/strong>.<\/p>\n\n\n\n<p>.<\/p>\n\n\n\n<p>La <strong><mark style=\"background-color:rgba(0, 0, 0, 0);color:#03047c\" class=\"has-inline-color\">Suprema Corte de Justicia<\/mark> <\/strong>a trav\u00e9s de su Primera Sala <strong><mark style=\"background-color:rgba(0, 0, 0, 0);color:#810404\" class=\"has-inline-color\">DETERMIN\u00d3<\/mark><\/strong> que, la <strong><mark style=\"background-color:#fcb900\" class=\"has-inline-color\">CUANTIFICACI\u00d3N<\/mark> <\/strong>de la reparaci\u00f3n integra del <strong><mark style=\"background-color:rgba(0, 0, 0, 0);color:#9c0a41\" class=\"has-inline-color\">DA\u00d1O MORAL<\/mark>, <\/strong><mark style=\"background-color:#2afbaf\" class=\"has-inline-color\"><strong>NO<\/strong> <strong>debe NI puede hacerse en base al da\u00f1o patrimonial<\/strong>.<\/mark><\/p>\n\n\n\n<p>.<\/p>\n\n\n\n<p>La justificaci\u00f3n de la <strong>SCJN <\/strong>es tomando en cuenta las <strong>caracter\u00edsticas<\/strong> del <strong>da\u00f1o <\/strong><mark style=\"background-color:rgba(0, 0, 0, 0)\" class=\"has-inline-color has-vivid-red-color\"><strong>moral<\/strong> <\/mark>y lo previsto en el art. 1916 del C\u00f3digo Civil Federal para su <strong>cuantificaci\u00f3n<\/strong>, se estima que <strong>relacionar<\/strong> el <strong>da\u00f1o <mark style=\"background-color:rgba(0, 0, 0, 0)\" class=\"has-inline-color has-vivid-red-color\">material<\/mark><\/strong> con el <strong>da\u00f1o <mark style=\"background-color:rgba(0, 0, 0, 0)\" class=\"has-inline-color has-vivid-red-color\">moral<\/mark><\/strong> y <strong>utilizar<\/strong> el <strong>monto <\/strong>del <strong>primero<\/strong> como un par\u00e1metro para <strong>cuantificar<\/strong> el <strong>segundo<\/strong>, es <mark style=\"background-color:#ff6900\" class=\"has-inline-color\"><strong>NO atender NI entende<\/strong>r <\/mark>las <em><u>particularidades de cada uno<\/u><\/em> de esos da\u00f1os <em><u>ni el alcance del derecho a la reparaci\u00f3n integral<\/u><\/em>. <\/p>\n\n\n\n<p>Aunque pueden provenir de un mismo hecho, <strong>el da\u00f1o moral es <mark style=\"background-color:rgba(0, 0, 0, 0)\" class=\"has-inline-color has-vivid-red-color\">aut\u00f3nomo<\/mark><\/strong> del <strong>da\u00f1o <mark style=\"background-color:rgba(0, 0, 0, 0)\" class=\"has-inline-color has-vivid-red-color\">material<\/mark><\/strong>. <\/p>\n\n\n\n<p>As\u00ed, ni siquiera el legislador <strong>puede condicionar la indemnizaci\u00f3n del da\u00f1o moral<\/strong> a <strong><mark style=\"background-color:rgba(0, 0, 0, 0)\" class=\"has-inline-color has-vivid-red-color\">cierto porcentaje de la del da\u00f1o material<\/mark><\/strong>, ya que esto <strong>implicar\u00eda<\/strong> una <strong>violaci\u00f3n al derecho a la <mark style=\"background-color:rgba(0, 0, 0, 0)\" class=\"has-inline-color has-vivid-red-color\">reparaci\u00f3n integra<\/mark>l<\/strong>. <\/p>\n\n\n\n<p>Adem\u00e1s, <strong>son distintos<\/strong> los <strong><mark style=\"background-color:rgba(0, 0, 0, 0)\" class=\"has-inline-color has-vivid-red-color\">intereses protegidos<\/mark><\/strong> en torno al <strong>da\u00f1o <mark style=\"background-color:rgba(0, 0, 0, 0)\" class=\"has-inline-color has-vivid-red-color\">material<\/mark><\/strong> y al <strong><mark style=\"background-color:rgba(0, 0, 0, 0)\" class=\"has-inline-color has-vivid-red-color\">inmaterial<\/mark><\/strong>. <\/p>\n\n\n\n<p>Bajo esa l\u00f3gica, <strong>no guarda ninguna <mark style=\"background-color:rgba(0, 0, 0, 0)\" class=\"has-inline-color has-vivid-red-color\">relaci\u00f3n<\/mark><\/strong> para efectos del respectivo monto <strong>indemnizatorio<\/strong> el que corresponde a las <strong><mark style=\"background-color:rgba(0, 0, 0, 0)\" class=\"has-inline-color has-vivid-red-color\">emociones <\/mark><mark style=\"background-color:rgba(0, 0, 0, 0)\" class=\"has-inline-color has-black-color\">y<\/mark><mark style=\"background-color:rgba(0, 0, 0, 0)\" class=\"has-inline-color has-vivid-red-color\"> sentimientos<\/mark><\/strong> con la disminuci\u00f3n del patrimonio ocasionado por el hecho il\u00edcito. <\/p>\n\n\n\n<p>Por lo tanto, de acuerdo a las <strong>circunstancias<\/strong> de cada asunto, es la <strong><mark style=\"background-color:rgba(0, 0, 0, 0)\" class=\"has-inline-color has-vivid-red-color\">persona juzgadora<\/mark><\/strong> la que debe <strong><mark style=\"background-color:#fcb900\" class=\"has-inline-color\">determinar la cuantificaci\u00f3n del correspondiente da\u00f1o moral<\/mark><\/strong> siguiendo las pautas establecidas por el legislador, precisamente para <strong>satisfacer<\/strong> el derecho a una<strong> reparaci\u00f3n <mark style=\"background-color:rgba(0, 0, 0, 0)\" class=\"has-inline-color has-vivid-red-color\">integral<\/mark><\/strong> y las innumerables particularidades que pueden surgir en cada caso concreto.<\/p>\n\n\n\n<p>Por lo anterior la SCJN tambi\u00e9n <strong>determina <\/strong>los lineamientos para su <strong>cuantificaci\u00f3n<\/strong> que los <strong>Jueces<\/strong> deben tomar en cuenta:<\/p>\n\n\n\n<ol type=\"1\">\n<li><mark style=\"background-color:rgba(0, 0, 0, 0)\" class=\"has-inline-color has-luminous-vivid-orange-color\">Debe buscarse en todo momento la reparaci\u00f3n integral del da\u00f1o moral. No se aceptan l\u00edmites o topes legales previamente establecidos o par\u00e1metros base sin posibilidad de modificaci\u00f3n o valoraci\u00f3n casu\u00edstica por parte del juzgador.<\/mark><\/li>\n\n\n\n<li><mark style=\"background-color:rgba(0, 0, 0, 0);color:#037a04\" class=\"has-inline-color\">En caso de condenarse a una indemnizaci\u00f3n, \u00e9sta debe ser integral, equitativa y justa, as\u00ed como cubrirse de forma expedita una vez que sea exigible.<\/mark><\/li>\n\n\n\n<li><mark style=\"background-color:rgba(0, 0, 0, 0);color:#034063\" class=\"has-inline-color\">No se puede condicionar, sujetar, asimilar o limitar el da\u00f1o moral a la indemnizaci\u00f3n por da\u00f1o material, pues cada uno responde a sus propias particularidades. Consecuentemente, la persona juzgadora debe ser especialmente meticulosa para no sobredimensionar el monto indemnizatorio que corresponde a este tipo de da\u00f1o. El da\u00f1o moral no es un caj\u00f3n de sastre para que, ante la dificultad de cuantificar otro tipo de da\u00f1o como el patrimonial (en espec\u00edfico, lo que corresponde a la partida de lucro cesante), se fijen condenas m\u00e1s elevadas bajo una pretendida satisfacci\u00f3n de este derecho o inter\u00e9s extrapatrimonial, pero que en realidad buscan corregir los problemas de cuantificaci\u00f3n del da\u00f1o patrimonial. Adem\u00e1s, toda vez que el da\u00f1o inmaterial puede tener consecuencias de \u00edndole patrimonial, la persona juzgadora debe tener cuidado en no traslapar o duplicar la indemnizaci\u00f3n que corresponda al da\u00f1o patrimonial de aquella que corresponda a la partida patrimonial del da\u00f1o moral.<\/mark><\/li>\n\n\n\n<li><mark style=\"background-color:rgba(0, 0, 0, 0)\" class=\"has-inline-color has-vivid-red-color\">No se debe confundir la valoraci\u00f3n de la existencia de los da\u00f1os morales con la cuantificaci\u00f3n de la compensaci\u00f3n que le corresponde. Son operaciones conceptualmente distintas.<\/mark><\/li>\n\n\n\n<li><mark style=\"background-color:rgba(0, 0, 0, 0)\" class=\"has-inline-color has-black-color\">Los elementos de cuantificaci\u00f3n de una indemnizaci\u00f3n previstos legalmente (como los establecidos en el art\u00edculo 1916, p\u00e1rrafo cuarto, del C\u00f3digo Civil Federal y en normas estatales an\u00e1logas) son factores meramente indicativos. Es una gu\u00eda para el actuar de las personas juzgadoras, partiendo de la funci\u00f3n y la finalidad del derecho a la reparaci\u00f3n del da\u00f1o moral.<\/mark><\/li>\n\n\n\n<li><mark style=\"background-color:rgba(0, 0, 0, 0);color:#886505\" class=\"has-inline-color\">Debe distinguirse la aplicabilidad de los elementos de cuantificaci\u00f3n de una indemnizaci\u00f3n trat\u00e1ndose de un caso de responsabilidad civil subjetiva de uno de responsabilidad civil objetiva. Dependiendo del tipo de caso, pueden existir variaciones o acotaciones a los elementos de cuantificaci\u00f3n de la indemnizaci\u00f3n del da\u00f1o moral; por ejemplo, lo relativo al grado de responsabilidad.<\/mark><\/li>\n\n\n\n<li><mark style=\"background-color:rgba(0, 0, 0, 0);color:#af0461\" class=\"has-inline-color\">La persona juzgadora al momento de condenar a da\u00f1os morales debe respetar y proteger el derecho a la igualdad jur\u00eddica; lo que implica que ante casos iguales debe imponer condenas iguales.<\/mark><\/li>\n\n\n\n<li><mark style=\"background-color:rgba(0, 0, 0, 0)\" class=\"has-inline-color has-luminous-vivid-orange-color\">Debe salvaguardarse, a su vez, el principio imperante en el derecho de da\u00f1os de no sobre indemnizaci\u00f3n de la v\u00edctima o enriquecimiento injustificado.<\/mark><\/li>\n\n\n\n<li>Finalmente, pueden existir casos en los que sea posible reducir la respectiva indemnizaci\u00f3n del da\u00f1o moral que tendr\u00eda que aplicarse en atenci\u00f3n al derecho a la reparaci\u00f3n integral. Esta situaci\u00f3n es de car\u00e1cter estrictamente excepcional y se activar\u00e1 cuando en el juicio se demuestre que la indemnizaci\u00f3n que proceda generar\u00e1 una carga opresiva para el responsable a la luz de la situaci\u00f3n econ\u00f3mica de las partes.<\/li>\n<\/ol>\n\n\n\n<p>.<\/p>\n\n\n\n<p>.<\/p>\n\n\n\n<p>Esta resoluci\u00f3n es de  <strong><mark><mark style=\"background-color:#78e7bf\" class=\"has-inline-color has-black-color\">APLICACI\u00d3N<\/mark><\/mark><\/strong> <strong><mark style=\"background-color:rgba(0, 0, 0, 0);color:#750303\" class=\"has-inline-color\">OBLIGATORIA<\/mark><\/strong> en todo el pa\u00eds a partir de esta semana.<\/p>\n\n\n\n<p>.<\/p>\n\n\n\n<p>Si estas en el <strong><mark style=\"background-color:rgba(0, 0, 0, 0)\" class=\"has-inline-color has-vivid-red-color\">Extranjero <\/mark><\/strong>nosotros somos tu <strong><mark style=\"background-color:rgba(0, 0, 0, 0)\" class=\"has-inline-color has-vivid-green-cyan-color\">mejor<\/mark><\/strong> alternativa para <strong><mark style=\"background-color:rgba(0, 0, 0, 0)\" class=\"has-inline-color has-luminous-vivid-orange-color\">velar<\/mark><\/strong> por tus <strong><mark style=\"background-color:rgba(0, 0, 0, 0)\" class=\"has-inline-color has-vivid-cyan-blue-color\">intereses<\/mark><\/strong>.<\/p>\n\n\n\n<p>.<\/p>\n\n\n\n<p><\/p>\n\n\n\n<p>Cuando<strong> necesites<\/strong> ayuda, <strong>asistencia<\/strong> o <strong>planeaci\u00f3n<\/strong> legal, <strong>solicita<\/strong> <strong>Cita Privada<\/strong> <a rel=\"noreferrer noopener\" href=\"mailto:bi@sm99.mx\" target=\"_blank\"><strong>Aqu\u00ed<\/strong><\/a><\/p>\n\n\n\n<p>La informaci\u00f3n que AQU\u00cd te presentamos <strong>deriva<\/strong> de los <strong>Peri\u00f3dicos Oficiales <\/strong>de la<strong> CdMx<\/strong>, <strong>Estado<\/strong> de Mex., Diario <strong>Oficial<\/strong> de la Federaci\u00f3n, Suprema Corte de<strong> Justicia<\/strong> de la Naci\u00f3n, por lo tanto es de <strong>aplicaci\u00f3n OBLIGATORIA<\/strong><\/p>\n\n\n\n<p>La <strong>informaci\u00f3n<\/strong> de hoy procede de la Suprema Corte de Justicia<\/p>\n\n\n\n<p><strong><mark style=\"background-color:rgba(0, 0, 0, 0)\" class=\"has-inline-color has-luminous-vivid-orange-color\">AY\u00daDANOS<\/mark><\/strong> para que m\u00e1s personas conozcan esta informaci\u00f3n, <strong>Comp\u00e1rtelo<\/strong> en tus redes sociales. ?<\/p>\n","protected":false},"excerpt":{"rendered":"<p>Views: 15 . . Este ANTECEDENTE: Surge despu\u00e9s de que, una persona present\u00f3 una demanda de responsabilidad civil objetiva por la muerte de su hijo con motivo de una descarga el\u00e9ctrica. En primera instancia se absolvi\u00f3 a la demandada principal y a la aseguradora. En apelaci\u00f3n, el Tribunal superior declar\u00f3 la improcedencia de la indemnizaci\u00f3n [&hellip;]<\/p>\n","protected":false},"author":3,"featured_media":23991,"comment_status":"closed","ping_status":"open","sticky":false,"template":"","format":"standard","meta":{"_jetpack_memberships_contains_paid_content":false,"footnotes":""},"categories":[4],"tags":[],"jetpack_sharing_enabled":true,"jetpack_featured_media_url":"https:\/\/www.salgadonoticias.com\/wp-content\/uploads\/2023\/08\/DANO.jpg","_links":{"self":[{"href":"https:\/\/www.salgadonoticias.com\/index.php?rest_route=\/wp\/v2\/posts\/23988"}],"collection":[{"href":"https:\/\/www.salgadonoticias.com\/index.php?rest_route=\/wp\/v2\/posts"}],"about":[{"href":"https:\/\/www.salgadonoticias.com\/index.php?rest_route=\/wp\/v2\/types\/post"}],"author":[{"embeddable":true,"href":"https:\/\/www.salgadonoticias.com\/index.php?rest_route=\/wp\/v2\/users\/3"}],"replies":[{"embeddable":true,"href":"https:\/\/www.salgadonoticias.com\/index.php?rest_route=%2Fwp%2Fv2%2Fcomments&post=23988"}],"version-history":[{"count":9,"href":"https:\/\/www.salgadonoticias.com\/index.php?rest_route=\/wp\/v2\/posts\/23988\/revisions"}],"predecessor-version":[{"id":24007,"href":"https:\/\/www.salgadonoticias.com\/index.php?rest_route=\/wp\/v2\/posts\/23988\/revisions\/24007"}],"wp:featuredmedia":[{"embeddable":true,"href":"https:\/\/www.salgadonoticias.com\/index.php?rest_route=\/wp\/v2\/media\/23991"}],"wp:attachment":[{"href":"https:\/\/www.salgadonoticias.com\/index.php?rest_route=%2Fwp%2Fv2%2Fmedia&parent=23988"}],"wp:term":[{"taxonomy":"category","embeddable":true,"href":"https:\/\/www.salgadonoticias.com\/index.php?rest_route=%2Fwp%2Fv2%2Fcategories&post=23988"},{"taxonomy":"post_tag","embeddable":true,"href":"https:\/\/www.salgadonoticias.com\/index.php?rest_route=%2Fwp%2Fv2%2Ftags&post=23988"}],"curies":[{"name":"wp","href":"https:\/\/api.w.org\/{rel}","templated":true}]}}