{"id":24008,"date":"2023-08-31T00:30:00","date_gmt":"2023-08-31T05:30:00","guid":{"rendered":"http:\/\/www.salgadonoticias.com\/?p=24008"},"modified":"2023-08-31T16:42:38","modified_gmt":"2023-08-31T21:42:38","slug":"pension","status":"publish","type":"post","link":"https:\/\/www.salgadonoticias.com\/?p=24008","title":{"rendered":"Pensi\u00f3n COMPENSATORIA RESARCITORIA aun si se tiene Capacidad laboral e Ingresos Propios&#8230;!!!"},"content":{"rendered":"<p>Views: 16<\/p>\n<p>.<\/p>\n\n\n\n<figure class=\"wp-block-embed is-type-video is-provider-youtube wp-block-embed-youtube wp-embed-aspect-16-9 wp-has-aspect-ratio\"><div class=\"wp-block-embed__wrapper\">\n<iframe loading=\"lazy\" title=\"Pensi\u00f3n COMPENSATORIA RESARCITORIA, a\u00fan si se tiene Capacidad Laboral e Ingresos Propios \u2026!!!\ufffc\" width=\"640\" height=\"360\" src=\"https:\/\/www.youtube.com\/embed\/9_2AUZi2y6Q?feature=oembed\" frameborder=\"0\" allow=\"accelerometer; autoplay; clipboard-write; encrypted-media; gyroscope; picture-in-picture; web-share\" referrerpolicy=\"strict-origin-when-cross-origin\" allowfullscreen><\/iframe>\n<\/div><\/figure>\n\n\n\n<p>.<\/p>\n\n\n\n<p>Este ANTECEDENTE:<\/p>\n\n\n\n<p>Surge luego de que un <strong>matrimonio<\/strong> <strong><mark style=\"background-color:rgba(0, 0, 0, 0)\" class=\"has-inline-color has-vivid-red-color\">litig\u00f3<\/mark><\/strong> diversas <strong>prestaciones<\/strong> <strong><mark style=\"background-color:rgba(0, 0, 0, 0)\" class=\"has-inline-color has-vivid-red-color\">familiares<\/mark><\/strong>, adem\u00e1s del divorcio sin expresi\u00f3n de causa, <strong>alimentos<\/strong> para su menor <strong><mark style=\"background-color:rgba(0, 0, 0, 0)\" class=\"has-inline-color has-vivid-red-color\">hija<\/mark><\/strong> y una <strong><mark style=\"background-color:#fcb900\" class=\"has-inline-color\">compensaci\u00f3n econ\u00f3mica<\/mark><\/strong> entre otras.<\/p>\n\n\n\n<p>En el recurso de apelaci\u00f3n la Sala determin\u00f3 que la <strong>mujer <mark style=\"background-color:#ff6900\" class=\"has-inline-color\">no ten\u00eda derecho al pago de una pensi\u00f3n compensatoria<\/mark><\/strong>, ya que se hab\u00eda <strong>desempe\u00f1ado <mark style=\"background-color:rgba(0, 0, 0, 0)\" class=\"has-inline-color has-vivid-red-color\">profesionalmente<\/mark><\/strong> durante su matrimonio, <strong>contaba<\/strong> con <strong><mark style=\"background-color:rgba(0, 0, 0, 0)\" class=\"has-inline-color has-vivid-red-color\">experiencia laboral<\/mark><\/strong>, derechos de <strong><mark style=\"background-color:rgba(0, 0, 0, 0)\" class=\"has-inline-color has-vivid-red-color\">seguridad social<\/mark><\/strong> y <strong>bienes propios<\/strong>; adem\u00e1s de que hab\u00eda manifestado durante el proceso en primera instancia que cont\u00f3 <strong>con personal<\/strong> que le auxili\u00f3 en la realizaci\u00f3n de las <strong>labores dom\u00e9sticas<\/strong>.<\/p>\n\n\n\n<p>.<\/p>\n\n\n\n<p>La <strong><mark style=\"background-color:rgba(0, 0, 0, 0);color:#0718e3\" class=\"has-inline-color\">Suprema Corte de Justicia<\/mark><\/strong>, a trav\u00e9s de su Tribunal Colegiado de Circuito, <strong><mark style=\"background-color:rgba(0, 0, 0, 0);color:#910909\" class=\"has-inline-color\">DETERMIN\u00d3<\/mark> <\/strong>que tiene <mark style=\"background-color:rgba(0, 0, 0, 0)\" class=\"has-inline-color has-vivid-red-color\"><strong>DERECHO <\/strong>al <strong>PAGO<\/strong><\/mark><strong> <\/strong>de una <strong><mark style=\"background-color:#f3c444\" class=\"has-inline-color\">Pensi\u00f3n compensatoria resarcitoria<\/mark><\/strong>, el o la c\u00f3nyuge que se <strong>dedic\u00f3<\/strong> preponderantemente a las <strong><em><mark style=\"background-color:#c4dae9\" class=\"has-inline-color\">labores del hogar y al cuidado de los integrantes del grupo familiar<\/mark><\/em><\/strong>; <strong>SIN importar<\/strong> que <span style=\"text-decoration: underline;\">cuente<\/span> con <mark style=\"background-color:rgba(0, 0, 0, 0)\" class=\"has-inline-color has-luminous-vivid-orange-color\"><strong>experiencia y capacidad laboral, bienes e ingresos propios<\/strong><\/mark> que le permitan subsistir y aun cuando tuvo personal de auxilio para la realizaci\u00f3n de aquellas labores.<\/p>\n\n\n\n<p>.<\/p>\n\n\n\n<p>La justificaci\u00f3n de la <strong><mark style=\"background-color:rgba(0, 0, 0, 0);color:#1307e3\" class=\"has-inline-color\">SCJN<\/mark> <\/strong>es porque <strong>la separaci\u00f3n familiar<\/strong> <strong><mark style=\"background-color:#ff6900\" class=\"has-inline-color\">NO ELIMINA las relaciones jur\u00eddicas de sus integrantes<\/mark><\/strong>, sino que <strong><mark style=\"background-color:rgba(0, 0, 0, 0)\" class=\"has-inline-color has-vivid-red-color\">s\u00f3lo las transforma<\/mark><\/strong>. <\/p>\n\n\n\n<p>As\u00ed que, los presupuestos jur\u00eddicos que rigen para decretar el <strong><mark style=\"background-color:rgba(0, 0, 0, 0);color:#b90c5f\" class=\"has-inline-color\">pago de alimentos<\/mark><\/strong> en el marco de una relaci\u00f3n familiar, <strong>son<\/strong> sustancialmente <strong><mark style=\"background-color:rgba(0, 0, 0, 0)\" class=\"has-inline-color has-vivid-red-color\">modificados<\/mark><\/strong> cuando <strong>ocurre la separaci\u00f3n<\/strong> y \u00e9sta es la causa por la que se <strong>solicita el pago de alimentos compensatorios<\/strong>, porque en ese supuesto <strong><mark style=\"background-color:rgba(0, 0, 0, 0)\" class=\"has-inline-color has-vivid-red-color\">ya no s\u00f3lo se involucra el pago de lo necesario para la subsistencia de la persona<\/mark><\/strong>, sino el <strong>derecho<\/strong> a <mark style=\"background-color:#fcb900\" class=\"has-inline-color\"><strong>beneficiarse<\/strong> por igual de la <strong>riqueza acumulada <\/strong>DURANTE y una vez CONCLUIDA a la <strong>relaci\u00f3n familiar<\/strong><\/mark><strong>,<\/strong> esto conforme al art. 17, numeral 4, de la Convenci\u00f3n Americana sobre Derechos Humanos.<\/p>\n\n\n\n<p>Por ello, ante las asimetr\u00edas de poder que redundan en <strong>esquemas de <mark style=\"background-color:rgba(0, 0, 0, 0)\" class=\"has-inline-color has-vivid-red-color\">inequidad<\/mark><\/strong> de derechos permitidas por el derecho privado, es <strong>indispensable<\/strong> que el <strong><mark style=\"background-color:rgba(0, 0, 0, 0)\" class=\"has-inline-color has-luminous-vivid-orange-color\">Estado intervenga<\/mark> <\/strong>al momento de llevarse a cabo la separaci\u00f3n familiar, a efecto de que pueda <strong>distribuirse<\/strong> la <strong>riqueza<\/strong> conforme a los est\u00e1ndares de los <strong>derechos humanos<\/strong> y se garantice que la <strong><mark style=\"background-color:#ff6900\" class=\"has-inline-color\">transformaci\u00f3n de los derechos<\/mark><\/strong> no sea fruto de actos de violencia o pr\u00e1cticas discriminatorias. <\/p>\n\n\n\n<p>Es por ello que se consider\u00f3 que la <strong>pensi\u00f3n compensatoria<\/strong> cuenta con dos vertientes: <\/p>\n\n\n\n<ul>\n<li>una asistencial y <\/li>\n\n\n\n<li>otra <strong>resarcitoria<\/strong>; <\/li>\n\n\n\n<li>esto significa que si bien la <strong>compensaci\u00f3n econ\u00f3mica<\/strong> se genera a partir de una \u00fanica hip\u00f3tesis de procedencia que consiste en la <strong>actualizaci\u00f3n del <mark style=\"background-color:rgba(0, 0, 0, 0)\" class=\"has-inline-color has-vivid-red-color\">desequilibrio econ\u00f3mico<\/mark><\/strong>, se reconoce que \u00e9ste puede ser generado por m\u00e1s de una raz\u00f3n y proyectarse con afectaci\u00f3n negativa en diversos derechos, lo que permea en la forma y el momento en que se corrige dicho desequilibrio. <\/li>\n\n\n\n<li>De este modo, en su <strong>vertiente resarcitoria<\/strong>, precisa este tipo de pensi\u00f3n busca <strong><mark style=\"background-color:rgba(0, 0, 0, 0)\" class=\"has-inline-color has-vivid-red-color\">compensar<\/mark><\/strong> el <strong>menoscabo econ\u00f3mico<\/strong> y el <strong>costo de oportunidad<\/strong> sufridos por el c\u00f3nyuge que en aras del funcionamiento del matrimonio o de la relaci\u00f3n familiar, asumi\u00f3 las cargas dom\u00e9sticas y familiares sin recibir remuneraci\u00f3n econ\u00f3mica a cambio.<\/li>\n<\/ul>\n\n\n\n<p>En esta vertiente, el desequilibrio econ\u00f3mico ocurre cuando la <strong>disoluci\u00f3n familiar<\/strong> pone en evidencia el <strong>da\u00f1o sufrido<\/strong> en <strong><mark style=\"background-color:#ff6900\" class=\"has-inline-color\">el potencial de crecimiento econ\u00f3mico y de formaci\u00f3n laboral<\/mark><\/strong>; por lo que la pensi\u00f3n compensatoria debe modularse a efecto de que a la persona acreedora se le<strong> suministre<\/strong> una forma de <strong><mark style=\"background-color:#fcb900\" class=\"has-inline-color\">resarcimiento por el perjuicio sufrido<\/mark><\/strong>.<\/p>\n\n\n\n<p>As\u00ed, la <strong>procedencia<\/strong> de la compensaci\u00f3n resarcitoria <strong><mark style=\"background-color:rgba(0, 0, 0, 0)\" class=\"has-inline-color has-vivid-red-color\">no precisa de la existencia de una imposibilidad de allegarse sus propios satisfactores<\/mark><\/strong>, sino de un <strong><mark style=\"background-color:#ff6900\" class=\"has-inline-color\">costo de oportunidad y\/o p\u00e9rdidas econ\u00f3micas<\/mark><\/strong> sufridos por la<strong><mark style=\"background-color:#fcb900\" class=\"has-inline-color\"> dedicaci\u00f3n en mayor medida a las labores del hogar y al cuidado de los miembros del grupo familiar<\/mark><\/strong>. <\/p>\n\n\n\n<p>En consecuencia, la existencia de derechos laborales y de recursos patrimoniales para hacer frente a su subsistencia <strong>no justifican<\/strong>, por s\u00ed mismos, <strong><mark style=\"background-color:rgba(0, 0, 0, 0)\" class=\"has-inline-color has-vivid-red-color\">la negativa a recibir el pago de una compensaci\u00f3n econ\u00f3mica<\/mark><\/strong>, precisamente porque en esta vertiente se busca resarcir el monto econ\u00f3mico eventualmente no ingresado, as\u00ed como el <strong><mark style=\"background-color:#ff6900\" class=\"has-inline-color\">tiempo y energ\u00eda empleados<\/mark><\/strong> para dedicarse en mayor medida que su pareja a las actividades no remuneradas del hogar y no a actividades remuneradas. <\/p>\n\n\n\n<p>Asimismo, el que las actividades de mantenimiento (quehaceres) del hogar pudieren haberse realizado <strong>por conducto<\/strong> de <strong><mark style=\"background-color:rgba(0, 0, 0, 0)\" class=\"has-inline-color has-vivid-red-color\">terceras personas<\/mark><\/strong> o empleados dom\u00e9sticos, <strong><mark style=\"background-color:#ff6900\" class=\"has-inline-color\">tampoco excluye<\/mark><\/strong> por s\u00ed solo la procedencia de la pensi\u00f3n compensatoria, sino que \u00fanicamente <strong>puede modular<\/strong> su <strong><mark style=\"background-color:rgba(0, 0, 0, 0)\" class=\"has-inline-color has-vivid-red-color\">cuant\u00eda<\/mark><\/strong>, pues aun cuando existiere alg\u00fan escenario en donde la sustituci\u00f3n o delegaci\u00f3n de las labores dom\u00e9sticas fue total y plena, <strong><mark style=\"background-color:#fcb900\" class=\"has-inline-color\">la contrataci\u00f3n, direcci\u00f3n, vigilancia y supervisi\u00f3n<\/mark><\/strong> son <strong><mark style=\"background-color:rgba(0, 0, 0, 0)\" class=\"has-inline-color has-vivid-red-color\">formas de dedicaci\u00f3n<\/mark><\/strong> a las actividades del hogar y cuidado de los hijos que generan costos de oportunidad y p\u00e9rdidas econ\u00f3micas susceptibles de resarcir.<\/p>\n\n\n\n<p><\/p>\n\n\n\n<p>.<\/p>\n\n\n\n<p>Esta resoluci\u00f3n ya puede <strong><mark><mark style=\"background-color:#78e7bf\" class=\"has-inline-color has-black-color\">ARGUMENTARSE<\/mark><\/mark><\/strong> en todo el pa\u00eds a partir de esta semana.<\/p>\n\n\n\n<p>.<\/p>\n\n\n\n<p>Si estas en el <strong><mark style=\"background-color:rgba(0, 0, 0, 0)\" class=\"has-inline-color has-vivid-red-color\">Extranjero <\/mark><\/strong>nosotros somos tu <strong><mark style=\"background-color:rgba(0, 0, 0, 0)\" class=\"has-inline-color has-vivid-green-cyan-color\">mejor<\/mark><\/strong> alternativa para <strong><mark style=\"background-color:rgba(0, 0, 0, 0)\" class=\"has-inline-color has-luminous-vivid-orange-color\">velar<\/mark><\/strong> por tus <strong><mark style=\"background-color:rgba(0, 0, 0, 0)\" class=\"has-inline-color has-vivid-cyan-blue-color\">intereses<\/mark><\/strong>.<\/p>\n\n\n\n<p>.<\/p>\n\n\n\n<p><\/p>\n\n\n\n<p>Cuando<strong> necesites<\/strong> ayuda, <strong>asistencia<\/strong> o <strong>planeaci\u00f3n<\/strong> legal, <strong>solicita<\/strong> <strong>Cita Privada<\/strong> <a rel=\"noreferrer noopener\" href=\"mailto:bi@sm99.mx\" target=\"_blank\"><strong>Aqu\u00ed<\/strong><\/a><\/p>\n\n\n\n<p>La informaci\u00f3n que AQU\u00cd te presentamos <strong>deriva<\/strong> de los <strong>Peri\u00f3dicos Oficiales <\/strong>de la<strong> CdMx<\/strong>, <strong>Estado<\/strong> de Mex., Diario <strong>Oficial<\/strong> de la Federaci\u00f3n, Suprema Corte de<strong> Justicia<\/strong> de la Naci\u00f3n, por lo tanto es de <strong>aplicaci\u00f3n OBLIGATORIA<\/strong><\/p>\n\n\n\n<p>La <strong>informaci\u00f3n<\/strong> de hoy procede de la Suprema Corte de Justicia<\/p>\n\n\n\n<p><strong><mark style=\"background-color:rgba(0, 0, 0, 0)\" class=\"has-inline-color has-luminous-vivid-orange-color\">AY\u00daDANOS<\/mark><\/strong> para que m\u00e1s personas conozcan esta informaci\u00f3n, <strong>Comp\u00e1rtelo<\/strong> en tus redes sociales. ?<\/p>\n","protected":false},"excerpt":{"rendered":"<p>Views: 16 . . Este ANTECEDENTE: Surge luego de que un matrimonio litig\u00f3 diversas prestaciones familiares, adem\u00e1s del divorcio sin expresi\u00f3n de causa, alimentos para su menor hija y una compensaci\u00f3n econ\u00f3mica entre otras. En el recurso de apelaci\u00f3n la Sala determin\u00f3 que la mujer no ten\u00eda derecho al pago de una pensi\u00f3n compensatoria, ya [&hellip;]<\/p>\n","protected":false},"author":3,"featured_media":24013,"comment_status":"closed","ping_status":"open","sticky":false,"template":"","format":"standard","meta":{"_jetpack_memberships_contains_paid_content":false,"footnotes":""},"categories":[4],"tags":[],"jetpack_sharing_enabled":true,"jetpack_featured_media_url":"https:\/\/www.salgadonoticias.com\/wp-content\/uploads\/2023\/08\/divorcio-mazo-dinero.jpg","_links":{"self":[{"href":"https:\/\/www.salgadonoticias.com\/index.php?rest_route=\/wp\/v2\/posts\/24008"}],"collection":[{"href":"https:\/\/www.salgadonoticias.com\/index.php?rest_route=\/wp\/v2\/posts"}],"about":[{"href":"https:\/\/www.salgadonoticias.com\/index.php?rest_route=\/wp\/v2\/types\/post"}],"author":[{"embeddable":true,"href":"https:\/\/www.salgadonoticias.com\/index.php?rest_route=\/wp\/v2\/users\/3"}],"replies":[{"embeddable":true,"href":"https:\/\/www.salgadonoticias.com\/index.php?rest_route=%2Fwp%2Fv2%2Fcomments&post=24008"}],"version-history":[{"count":8,"href":"https:\/\/www.salgadonoticias.com\/index.php?rest_route=\/wp\/v2\/posts\/24008\/revisions"}],"predecessor-version":[{"id":24020,"href":"https:\/\/www.salgadonoticias.com\/index.php?rest_route=\/wp\/v2\/posts\/24008\/revisions\/24020"}],"wp:featuredmedia":[{"embeddable":true,"href":"https:\/\/www.salgadonoticias.com\/index.php?rest_route=\/wp\/v2\/media\/24013"}],"wp:attachment":[{"href":"https:\/\/www.salgadonoticias.com\/index.php?rest_route=%2Fwp%2Fv2%2Fmedia&parent=24008"}],"wp:term":[{"taxonomy":"category","embeddable":true,"href":"https:\/\/www.salgadonoticias.com\/index.php?rest_route=%2Fwp%2Fv2%2Fcategories&post=24008"},{"taxonomy":"post_tag","embeddable":true,"href":"https:\/\/www.salgadonoticias.com\/index.php?rest_route=%2Fwp%2Fv2%2Ftags&post=24008"}],"curies":[{"name":"wp","href":"https:\/\/api.w.org\/{rel}","templated":true}]}}