{"id":24021,"date":"2023-09-01T00:44:00","date_gmt":"2023-09-01T05:44:00","guid":{"rendered":"http:\/\/www.salgadonoticias.com\/?p=24021"},"modified":"2023-09-01T15:27:26","modified_gmt":"2023-09-01T20:27:26","slug":"24021","status":"publish","type":"post","link":"https:\/\/www.salgadonoticias.com\/?p=24021","title":{"rendered":"Pago de CUOTAS al IMSS es Conforme al Salario del Domicilio del REGISTRO PATRONAL\u2026!!!"},"content":{"rendered":"<p>Views: 21<\/p>\n<p>.<\/p>\n\n\n\n<figure class=\"wp-block-embed is-type-video is-provider-youtube wp-block-embed-youtube wp-embed-aspect-16-9 wp-has-aspect-ratio\"><div class=\"wp-block-embed__wrapper\">\n<iframe loading=\"lazy\" title=\"Pago de COUTAS al IMSS es con base al Salario del Domicilio del REGISTRO PATRONAL \u2026!!!\" width=\"640\" height=\"360\" src=\"https:\/\/www.youtube.com\/embed\/d3PGrh4QdAI?feature=oembed\" frameborder=\"0\" allow=\"accelerometer; autoplay; clipboard-write; encrypted-media; gyroscope; picture-in-picture; web-share\" referrerpolicy=\"strict-origin-when-cross-origin\" allowfullscreen><\/iframe>\n<\/div><\/figure>\n\n\n\n<p>.<\/p>\n\n\n\n<p>Este ANTECEDENTE:<\/p>\n\n\n\n<p>Surge luego de que una <strong>empresa<\/strong> promovi\u00f3 <strong>juicio contencioso <mark style=\"background-color:rgba(0, 0, 0, 0)\" class=\"has-inline-color has-vivid-red-color\">administrativo<\/mark><\/strong> contra el IMSS, por supuestas omisiones de pago de aportaciones patronales. <\/p>\n\n\n\n<p>En la sentencia reclamada el <strong>Tribunal Federal de <mark style=\"background-color:rgba(0, 0, 0, 0)\" class=\"has-inline-color has-vivid-red-color\">Justicia Administrativa<\/mark><\/strong> <strong>consider\u00f3 que<\/strong> <strong><mark style=\"background-color:rgba(0, 0, 0, 0)\" class=\"has-inline-color has-vivid-red-color\">el salario base de cotizaci\u00f3n para determinar el monto de las cuotas es el del \u00e1rea geogr\u00e1fica en la que se encuentra el domicilio afiliado al registro patronal<\/mark><\/strong>, que en este caso era en la frontera norte donde el salario m\u00ednimo es mayor, y no el de la zona libre en el resto del pa\u00eds que es menor, donde supuestamente se encuentran los centros de trabajo a donde se mandaron subcontratados sus trabajadores.<\/p>\n\n\n\n<p>.<\/p>\n\n\n\n<p>La <strong><mark style=\"background-color:rgba(0, 0, 0, 0);color:#010f7b\" class=\"has-inline-color\">Suprema Corte de Justicia<\/mark> <\/strong>ante lo anterior <strong><mark style=\"background-color:rgba(0, 0, 0, 0)\" class=\"has-inline-color has-vivid-red-color\">DETERMIN\u00d3<\/mark><\/strong> que para el <strong><mark style=\"background-color:#fcb900\" class=\"has-inline-color\">PAGO<\/mark><\/strong> de las <strong>Cuotas Obrero Patronales DEBEN<\/strong> ser CONFORME al <strong><mark style=\"background-color:#79f4c3\" class=\"has-inline-color\">salario base<\/mark><\/strong> de DONDE se <strong>encuentra <\/strong>el <strong>domicilio afiliado<\/strong> al <em><u><mark style=\"background-color:#bdd9eb\" class=\"has-inline-color\"><strong>Registro Patronal<\/strong><\/mark><\/u><\/em>, y <strong><mark style=\"background-color:rgba(0, 0, 0, 0);color:#cb0b0b\" class=\"has-inline-color\">NO<\/mark><\/strong> el <strong>domicilio<\/strong> de los <strong>centros de trabajo<\/strong> donde labora los trabajadores.<\/p>\n\n\n\n<p>.<\/p>\n\n\n\n<p>La justificaci\u00f3n de la <strong><mark style=\"background-color:rgba(0, 0, 0, 0);color:#07047a\" class=\"has-inline-color\">SCJN<\/mark><\/strong> es conforme a la <strong><mark style=\"background-color:rgba(0, 0, 0, 0)\" class=\"has-inline-color has-luminous-vivid-orange-color\">interpretaci\u00f3n<\/mark><\/strong> de los art\u00edculos 27, 28, 34 y 37 de la <strong><mark style=\"background-color:rgba(0, 0, 0, 0)\" class=\"has-inline-color has-vivid-red-color\">Ley<\/mark><\/strong>, as\u00ed como de los diversos 12, 13 y 14 del <strong><mark style=\"background-color:rgba(0, 0, 0, 0)\" class=\"has-inline-color has-vivid-red-color\">Reglamento<\/mark><\/strong> ambos del <strong><mark style=\"background-color:rgba(0, 0, 0, 0)\" class=\"has-inline-color has-vivid-red-color\">Seguro Social<\/mark><\/strong> en Materia de <strong><mark style=\"background-color:#f6db94\" class=\"has-inline-color\">Afiliaci\u00f3n, Clasificaci\u00f3n de Empresas, Recaudaci\u00f3n y Fiscalizaci\u00f3n<\/mark><\/strong> vigentes en 2021, ya que si una persona se <mark style=\"background-color:rgba(0, 0, 0, 0)\" class=\"has-inline-color has-vivid-red-color\"><strong>registra<\/strong> como <strong>patr\u00f3n<\/strong><\/mark>, <strong>SIN<\/strong> haber <strong>aviso de modificaci\u00f3n de salario<\/strong>, entonces, <strong><mark style=\"background-color:#fcb900\" class=\"has-inline-color\">el registro patronal se otorga por Municipio<\/mark><\/strong>, con la independencia de EXISTIR varios centros de trabajo, y con <strong><mark style=\"background-color:rgba(0, 0, 0, 0)\" class=\"has-inline-color has-vivid-red-color\">los salarios m\u00ednimos con los que se inscribe al trabajador<\/mark><\/strong>, por lo que el <strong>salario<\/strong> para <strong>determinar<\/strong> el monto de las <strong>aportaciones<\/strong> es el que <strong>corresponde<\/strong> al <strong>\u00e1rea geogr\u00e1fica<\/strong> donde se <strong>encuentra el domicilio afiliado al registro patronal respectivo<\/strong>.<\/p>\n\n\n\n<p>Esta interpretaci\u00f3n es para <strong>contribuir<\/strong> a dar <strong>seguridad<mark style=\"background-color:rgba(0, 0, 0, 0)\" class=\"has-inline-color has-vivid-red-color\"> jur\u00eddica<\/mark><\/strong> tanto a los trabajadores como al instituto demandado y es razonable, puesto que sabr\u00e1n que <strong>mientras no haya modificaci\u00f3n de salario<\/strong>, <strong><mark style=\"background-color:#fcb900\" class=\"has-inline-color\">cotizar\u00e1n con base en el salario del \u00e1rea geogr\u00e1fica en la que se encuentra el domicilio del registro patronal<\/mark><\/strong>. <\/p>\n\n\n\n<p>Esto con <strong>independencia<\/strong> de que en el caso pueda <strong>coincidir el <mark style=\"background-color:rgba(0, 0, 0, 0)\" class=\"has-inline-color has-vivid-red-color\">domicilio fiscal<\/mark><\/strong> <strong>con el domicilio del <mark style=\"background-color:rgba(0, 0, 0, 0)\" class=\"has-inline-color has-vivid-red-color\">registro patronal<\/mark><\/strong>, pues para la determinaci\u00f3n del monto de las cuotas <strong><mark style=\"background-color:#ff6900\" class=\"has-inline-color\">se considera no el domicilio fiscal, sino el afiliado al registro patronal<\/mark><\/strong>, sin que sea trascendente el que puedan coincidir.<\/p>\n\n\n\n<p>.<\/p>\n\n\n\n<p>.<\/p>\n\n\n\n<p>Esta resoluci\u00f3n es de <strong><mark><mark style=\"background-color:#78e7bf\" class=\"has-inline-color has-black-color\">APLICACI\u00d3N<\/mark><\/mark><\/strong> <strong><mark style=\"background-color:rgba(0, 0, 0, 0);color:#a90202\" class=\"has-inline-color\">&#8220;OBLIGATORIA&#8221;<\/mark> <\/strong>en todo el pa\u00eds a partir de esta semana.<\/p>\n\n\n\n<p>.<\/p>\n\n\n\n<p>Si estas en el <strong><mark style=\"background-color:rgba(0, 0, 0, 0)\" class=\"has-inline-color has-vivid-red-color\">Extranjero <\/mark><\/strong>nosotros somos tu <strong><mark style=\"background-color:rgba(0, 0, 0, 0)\" class=\"has-inline-color has-vivid-green-cyan-color\">mejor<\/mark><\/strong> alternativa para <strong><mark style=\"background-color:rgba(0, 0, 0, 0)\" class=\"has-inline-color has-luminous-vivid-orange-color\">velar<\/mark><\/strong> por tus <strong><mark style=\"background-color:rgba(0, 0, 0, 0)\" class=\"has-inline-color has-vivid-cyan-blue-color\">intereses<\/mark><\/strong>.<\/p>\n\n\n\n<p>.<\/p>\n\n\n\n<p><\/p>\n\n\n\n<p>Cuando<strong> necesites<\/strong> ayuda, <strong>asistencia<\/strong> o <strong>planeaci\u00f3n<\/strong> legal, <strong>solicita<\/strong> <strong>Cita Privada<\/strong> <a rel=\"noreferrer noopener\" href=\"mailto:bi@sm99.mx\" target=\"_blank\"><strong>Aqu\u00ed<\/strong><\/a><\/p>\n\n\n\n<p>La informaci\u00f3n que AQU\u00cd te presentamos <strong>deriva<\/strong> de los <strong>Peri\u00f3dicos Oficiales <\/strong>de la<strong> CdMx<\/strong>, <strong>Estado<\/strong> de Mex., Diario <strong>Oficial<\/strong> de la Federaci\u00f3n, Suprema Corte de<strong> Justicia<\/strong> de la Naci\u00f3n, por lo tanto es de <strong>aplicaci\u00f3n OBLIGATORIA<\/strong><\/p>\n\n\n\n<p>La <strong>informaci\u00f3n<\/strong> de hoy procede de la Suprema Corte de Justicia<\/p>\n\n\n\n<p><strong><mark style=\"background-color:rgba(0, 0, 0, 0)\" class=\"has-inline-color has-luminous-vivid-orange-color\">AY\u00daDANOS<\/mark><\/strong> para que m\u00e1s personas conozcan esta informaci\u00f3n, <strong>Comp\u00e1rtelo<\/strong> en tus redes sociales. ?<\/p>\n","protected":false},"excerpt":{"rendered":"<p>Views: 21 . . Este ANTECEDENTE: Surge luego de que una empresa promovi\u00f3 juicio contencioso administrativo contra el IMSS, por supuestas omisiones de pago de aportaciones patronales. En la sentencia reclamada el Tribunal Federal de Justicia Administrativa consider\u00f3 que el salario base de cotizaci\u00f3n para determinar el monto de las cuotas es el del \u00e1rea [&hellip;]<\/p>\n","protected":false},"author":3,"featured_media":24025,"comment_status":"closed","ping_status":"open","sticky":false,"template":"","format":"standard","meta":{"_jetpack_memberships_contains_paid_content":false,"footnotes":""},"categories":[4],"tags":[],"jetpack_sharing_enabled":true,"jetpack_featured_media_url":"https:\/\/www.salgadonoticias.com\/wp-content\/uploads\/2023\/09\/cuota-obrero-patronal.jpg","_links":{"self":[{"href":"https:\/\/www.salgadonoticias.com\/index.php?rest_route=\/wp\/v2\/posts\/24021"}],"collection":[{"href":"https:\/\/www.salgadonoticias.com\/index.php?rest_route=\/wp\/v2\/posts"}],"about":[{"href":"https:\/\/www.salgadonoticias.com\/index.php?rest_route=\/wp\/v2\/types\/post"}],"author":[{"embeddable":true,"href":"https:\/\/www.salgadonoticias.com\/index.php?rest_route=\/wp\/v2\/users\/3"}],"replies":[{"embeddable":true,"href":"https:\/\/www.salgadonoticias.com\/index.php?rest_route=%2Fwp%2Fv2%2Fcomments&post=24021"}],"version-history":[{"count":8,"href":"https:\/\/www.salgadonoticias.com\/index.php?rest_route=\/wp\/v2\/posts\/24021\/revisions"}],"predecessor-version":[{"id":24039,"href":"https:\/\/www.salgadonoticias.com\/index.php?rest_route=\/wp\/v2\/posts\/24021\/revisions\/24039"}],"wp:featuredmedia":[{"embeddable":true,"href":"https:\/\/www.salgadonoticias.com\/index.php?rest_route=\/wp\/v2\/media\/24025"}],"wp:attachment":[{"href":"https:\/\/www.salgadonoticias.com\/index.php?rest_route=%2Fwp%2Fv2%2Fmedia&parent=24021"}],"wp:term":[{"taxonomy":"category","embeddable":true,"href":"https:\/\/www.salgadonoticias.com\/index.php?rest_route=%2Fwp%2Fv2%2Fcategories&post=24021"},{"taxonomy":"post_tag","embeddable":true,"href":"https:\/\/www.salgadonoticias.com\/index.php?rest_route=%2Fwp%2Fv2%2Ftags&post=24021"}],"curies":[{"name":"wp","href":"https:\/\/api.w.org\/{rel}","templated":true}]}}