{"id":24037,"date":"2023-09-04T01:00:00","date_gmt":"2023-09-04T06:00:00","guid":{"rendered":"http:\/\/www.salgadonoticias.com\/?p=24037"},"modified":"2023-09-04T17:03:23","modified_gmt":"2023-09-04T22:03:23","slug":"24037","status":"publish","type":"post","link":"https:\/\/www.salgadonoticias.com\/?p=24037","title":{"rendered":"Legal la PERDIDA de la Patria Potestad por INCUMPLIMIENTO del pago de Pensi\u00f3n A\u2026!!!"},"content":{"rendered":"<p>Views: 16<\/p>\n<p>.<\/p>\n\n\n\n<figure class=\"wp-block-embed is-type-video is-provider-youtube wp-block-embed-youtube wp-embed-aspect-16-9 wp-has-aspect-ratio\"><div class=\"wp-block-embed__wrapper\">\n<iframe loading=\"lazy\" title=\"Legal la P\u00c9RDIDA de la Patria Potestad por INCUMPLIMIENTO del Pago de Pensi\u00f3n Alimenticia \u2026!!!\" width=\"640\" height=\"360\" src=\"https:\/\/www.youtube.com\/embed\/J_J7LZj6T2s?feature=oembed\" frameborder=\"0\" allow=\"accelerometer; autoplay; clipboard-write; encrypted-media; gyroscope; picture-in-picture; web-share\" referrerpolicy=\"strict-origin-when-cross-origin\" allowfullscreen><\/iframe>\n<\/div><\/figure>\n\n\n\n<p>.<\/p>\n\n\n\n<p>Este ANTECEDENTE<\/p>\n\n\n\n<p>Surge luego de que Tribunales ten\u00edan criterios diferentes entre s\u00ed era <mark style=\"background-color:#f6c6d2\" class=\"has-inline-color\"><strong>Inconstitucional <\/strong>o <strong>NO<\/strong><\/mark> <span style=\"text-decoration: underline;\">DECLARAR<\/span> la <strong><mark style=\"background-color:#fcb900\" class=\"has-inline-color\">p\u00e9rdida de patria potestad<\/mark><\/strong> por <span style=\"text-decoration: underline;\">incumplimiento de pago por m\u00e1s de <strong>90 <\/strong>d\u00edas sin causa justificada de la obligaci\u00f3n alimentaria<\/span>.<\/p>\n\n\n\n<p>.<\/p>\n\n\n\n<p>La <strong><mark style=\"background-color:rgba(0, 0, 0, 0);color:#051c83\" class=\"has-inline-color\">Suprema Corte de Justicia<\/mark>, <\/strong>ante lo anterior <strong><mark style=\"background-color:rgba(0, 0, 0, 0);color:#a10505\" class=\"has-inline-color\">DETERMIN\u00d3<\/mark><\/strong> que es <strong><mark style=\"background-color:#00e388\" class=\"has-inline-color\">LEGAL<\/mark> <mark style=\"background-color:rgba(0, 0, 0, 0)\" class=\"has-inline-color has-vivid-red-color\">QUITAR<\/mark><\/strong> la <strong>Patria Potestad <\/strong>al <strong><mark style=\"background-color:rgba(0, 0, 0, 0)\" class=\"has-inline-color has-vivid-red-color\">padre<\/mark><\/strong> o <strong><mark style=\"background-color:rgba(0, 0, 0, 0)\" class=\"has-inline-color has-vivid-red-color\">madre<\/mark><\/strong> cuando <strong><mark style=\"background-color:rgba(0, 0, 0, 0);color:#9e0d70\" class=\"has-inline-color\">INCUMPLAN<\/mark><\/strong> con el <strong><mark style=\"background-color:#eac35a\" class=\"has-inline-color\">pago<\/mark><\/strong> de la <strong><mark style=\"background-color:#fddf8c\" class=\"has-inline-color\">obligaci\u00f3n alimentaria<\/mark><\/strong> <strong><mark style=\"background-color:#ff6900\" class=\"has-inline-color\">por m\u00e1s de 90 d\u00edas sin causa justificada<\/mark><\/strong>, y deja claro que esto <strong><mark style=\"background-color:rgba(0, 0, 0, 0)\" class=\"has-inline-color has-vivid-red-color\">NO es una medida excesiva y desproporcional<\/mark><\/strong> frente al riesgo que enfrentan las y los menores de edad en caso de <strong>falta de suministro de alimentos<\/strong>. (Art. 444 fracc. VII C\u00f3digo Civil del Edo. de Nuevo Le\u00f3n)<\/p>\n\n\n\n<p>.<\/p>\n\n\n\n<p>La <strong>patria potestad<\/strong> tiene la <strong>funci\u00f3n <mark style=\"background-color:rgba(0, 0, 0, 0)\" class=\"has-inline-color has-vivid-red-color\">especial\u00edsima<\/mark><\/strong> de <mark style=\"background-color:#fcb900\" class=\"has-inline-color\"><strong>garantizar<\/strong> el <strong>cumplimiento<\/strong> de los deberes de los <strong>padres<\/strong><\/mark> mediante el ejercicio de <strong><mark style=\"background-color:rgba(0, 0, 0, 0)\" class=\"has-inline-color has-vivid-red-color\">determinado<\/mark><\/strong>s <strong>derechos sobre sus hijos<\/strong> y <strong><mark style=\"background-color:rgba(0, 0, 0, 0)\" class=\"has-inline-color has-vivid-red-color\">sus bienes<\/mark><\/strong>, esto con el objetivo de <strong>garantizar su bienestar<\/strong>. <\/p>\n\n\n\n<p>Por tanto, <em><u><mark style=\"background-color:#ff6900\" class=\"has-inline-color\">\u201cel incumplimiento de los deberes de los padres puede conducir a su p\u00e9rdida o suspensi\u00f3n.\u201d<\/mark><\/u><\/em><\/p>\n\n\n\n<p>.<\/p>\n\n\n\n<p>La <strong>justificaci\u00f3n<\/strong> de la <strong><mark style=\"background-color:rgba(0, 0, 0, 0);color:#0c0489\" class=\"has-inline-color\">SCJN<\/mark><\/strong> es que, al ser los <strong><mark style=\"background-color:rgba(0, 0, 0, 0)\" class=\"has-inline-color has-vivid-red-color\">alimentos indispensables para el desarrollo y pleno crecimiento de los menores de edad<\/mark><\/strong>, dado que con ellos se logra <strong>asegurar su <mark style=\"background-color:rgba(0, 0, 0, 0)\" class=\"has-inline-color has-vivid-red-color\">subsistencia<\/mark><\/strong> y <strong><mark style=\"background-color:rgba(0, 0, 0, 0)\" class=\"has-inline-color has-vivid-red-color\">preservar<\/mark><\/strong> diversos aspectos como el <strong>biol\u00f3gico, <\/strong>el<strong> psicol\u00f3gico <\/strong>y el <strong>social<\/strong>, la falta de ministraci\u00f3n repercute de manera grave, por lo que es <strong><mark style=\"background-color:rgba(0, 0, 0, 0)\" class=\"has-inline-color has-black-color\">correcto establecer <\/mark><mark style=\"background-color:rgba(0, 0, 0, 0)\" class=\"has-inline-color has-vivid-red-color\">consecuencias<\/mark><\/strong> para <strong>el <\/strong>o<strong> la titular<\/strong> de la <strong>patria potestad<\/strong> que <strong>deja de cumplir con su obligaci\u00f3n alimentaria<\/strong>, ya que con esa conducta act\u00faa en contra de los intereses del o de la menor de edad desatendiendo la figura jur\u00eddica de la patria potestad que le impone el <strong><mark style=\"background-color:#fcb900\" class=\"has-inline-color\">deber de velar por quien est\u00e1 a su cargo<\/mark><\/strong>.<\/p>\n\n\n\n<p>Con lo cual, <strong>adem\u00e1s<\/strong>, se atiende a la <strong>obligaci\u00f3n<\/strong> constitucional de <strong><mark style=\"background-color:rgba(0, 0, 0, 0)\" class=\"has-inline-color has-vivid-red-color\">adoptar medidas<\/mark><\/strong> que resulten id\u00f3neas y necesarias para <strong>garantizar<\/strong> que <strong>las <\/strong>y<strong> los<\/strong> <strong><mark style=\"background-color:rgba(0, 0, 0, 0)\" class=\"has-inline-color has-vivid-red-color\">menores <\/mark><\/strong>vean <strong>satisfechas sus necesidades de manera<\/strong> <strong><mark style=\"background-color:#ff6900\" class=\"has-inline-color\">integral, completa y adecuada<\/mark><\/strong>. <\/p>\n\n\n\n<p>Conforme a un <strong>test <\/strong>de proporcionalidad, es posible <strong>concluir<\/strong> que la <strong><mark style=\"background-color:#9b51e0\" class=\"has-inline-color\">p\u00e9rdida de la patria potestad<\/mark><\/strong> por incumplimiento parcial o total de la obligaci\u00f3n alimentaria por m\u00e1s de noventa d\u00edas sin causa justificada, <strong><mark style=\"background-color:rgba(0, 0, 0, 0)\" class=\"has-inline-color has-vivid-red-color\">persigue un fin constitucionalmente v\u00e1lido<\/mark><\/strong>, que es <strong><mark style=\"background-color:#ff6900\" class=\"has-inline-color\">la salvaguarda de los alimentos que corresponden a los menores de edad<\/mark><\/strong>, mismos que est\u00e1n <strong>reconocidos<\/strong> en la <strong><mark style=\"background-color:rgba(0, 0, 0, 0)\" class=\"has-inline-color has-vivid-red-color\">Constituci\u00f3n Federal y en los Tratados Internacionales de Derechos Humanos<\/mark><\/strong> de los que el Estado Mexicano es Parte.<\/p>\n\n\n\n<p>Es id\u00f3nea, <strong>por no permitir<\/strong> que<strong> a su arbitrio<\/strong> <strong><mark style=\"background-color:#cf2e2e\" class=\"has-inline-color\">el obligado proporcione los alimentos por las cantidades y en los tiempos que le acomoden<\/mark><\/strong>, <strong><mark style=\"background-color:#fcb900\" class=\"has-inline-color\">sino en los plazos y formas que le fueron fijados<\/mark><\/strong>.<\/p>\n\n\n\n<p>Es necesaria, en atenci\u00f3n a la <strong>calidad <mark style=\"background-color:rgba(0, 0, 0, 0)\" class=\"has-inline-color has-vivid-red-color\">prioritaria<\/mark><\/strong> de los alimentos que corresponden a los menores, al grado de que <strong>resultan indispensables<\/strong> <strong><mark style=\"background-color:rgba(0, 0, 0, 0)\" class=\"has-inline-color has-vivid-red-color\">para su subsistencia<\/mark><\/strong>, y, asimismo, es <strong>proporcional <\/strong>frente al grado de <strong><mark style=\"background-color:rgba(0, 0, 0, 0)\" class=\"has-inline-color has-vivid-red-color\">afectaci\u00f3n que sufre la ni\u00f1a o el ni\u00f1o<\/mark><\/strong> que se ve privado de los alimentos que requiere para subsistir y que <strong>deben ser proporcionados de forma <mark style=\"background-color:#cf2e2e\" class=\"has-inline-color\">peri\u00f3dica y continua<\/mark><\/strong>, por lo que constituyen el pilar de su protecci\u00f3n.<\/p>\n\n\n\n<p><\/p>\n\n\n\n<p><\/p>\n\n\n\n<p>.<\/p>\n\n\n\n<p>Esta resoluci\u00f3n es de <strong><mark><mark style=\"background-color:#78e7bf\" class=\"has-inline-color has-black-color\">APLICACI\u00d3N<\/mark><\/mark><\/strong> <strong><mark style=\"background-color:rgba(0, 0, 0, 0);color:#a90202\" class=\"has-inline-color\">&#8220;OBLIGATORIA&#8221;<\/mark> <\/strong>en todo el pa\u00eds a partir de esta semana.<\/p>\n\n\n\n<p>.<\/p>\n\n\n\n<p>Si estas en el <strong><mark style=\"background-color:rgba(0, 0, 0, 0)\" class=\"has-inline-color has-vivid-red-color\">Extranjero <\/mark><\/strong>nosotros somos tu <strong><mark style=\"background-color:rgba(0, 0, 0, 0)\" class=\"has-inline-color has-vivid-green-cyan-color\">mejor<\/mark><\/strong> alternativa para <strong><mark style=\"background-color:rgba(0, 0, 0, 0)\" class=\"has-inline-color has-luminous-vivid-orange-color\">velar<\/mark><\/strong> por tus <strong><mark style=\"background-color:rgba(0, 0, 0, 0)\" class=\"has-inline-color has-vivid-cyan-blue-color\">intereses<\/mark><\/strong>.<\/p>\n\n\n\n<p>.<\/p>\n\n\n\n<p><\/p>\n\n\n\n<p>Cuando<strong> necesites<\/strong> ayuda, <strong>asistencia<\/strong> o <strong>planeaci\u00f3n<\/strong> legal, <strong>solicita<\/strong> <strong>Cita Privada<\/strong> <a rel=\"noreferrer noopener\" href=\"mailto:bi@sm99.mx\" target=\"_blank\"><strong>Aqu\u00ed<\/strong><\/a><\/p>\n\n\n\n<p>La informaci\u00f3n que AQU\u00cd te presentamos <strong>deriva<\/strong> de los <strong>Peri\u00f3dicos Oficiales <\/strong>de la<strong> CdMx<\/strong>, <strong>Estado<\/strong> de Mex., Diario <strong>Oficial<\/strong> de la Federaci\u00f3n, Suprema Corte de<strong> Justicia<\/strong> de la Naci\u00f3n, por lo tanto es de <strong>aplicaci\u00f3n OBLIGATORIA<\/strong><\/p>\n\n\n\n<p>La <strong>informaci\u00f3n<\/strong> de hoy procede de la Suprema Corte de Justicia<\/p>\n\n\n\n<p><strong><mark style=\"background-color:rgba(0, 0, 0, 0)\" class=\"has-inline-color has-luminous-vivid-orange-color\">AY\u00daDANOS<\/mark><\/strong> para que m\u00e1s personas conozcan esta informaci\u00f3n, <strong>Comp\u00e1rtelo<\/strong> en tus redes sociales. ?<\/p>\n","protected":false},"excerpt":{"rendered":"<p>Views: 16 . . Este ANTECEDENTE Surge luego de que Tribunales ten\u00edan criterios diferentes entre s\u00ed era Inconstitucional o NO DECLARAR la p\u00e9rdida de patria potestad por incumplimiento de pago por m\u00e1s de 90 d\u00edas sin causa justificada de la obligaci\u00f3n alimentaria. . La Suprema Corte de Justicia, ante lo anterior DETERMIN\u00d3 que es LEGAL [&hellip;]<\/p>\n","protected":false},"author":3,"featured_media":24040,"comment_status":"closed","ping_status":"open","sticky":false,"template":"","format":"standard","meta":{"_jetpack_memberships_contains_paid_content":false,"footnotes":""},"categories":[4],"tags":[],"jetpack_sharing_enabled":true,"jetpack_featured_media_url":"https:\/\/www.salgadonoticias.com\/wp-content\/uploads\/2023\/09\/patria.jpg","_links":{"self":[{"href":"https:\/\/www.salgadonoticias.com\/index.php?rest_route=\/wp\/v2\/posts\/24037"}],"collection":[{"href":"https:\/\/www.salgadonoticias.com\/index.php?rest_route=\/wp\/v2\/posts"}],"about":[{"href":"https:\/\/www.salgadonoticias.com\/index.php?rest_route=\/wp\/v2\/types\/post"}],"author":[{"embeddable":true,"href":"https:\/\/www.salgadonoticias.com\/index.php?rest_route=\/wp\/v2\/users\/3"}],"replies":[{"embeddable":true,"href":"https:\/\/www.salgadonoticias.com\/index.php?rest_route=%2Fwp%2Fv2%2Fcomments&post=24037"}],"version-history":[{"count":6,"href":"https:\/\/www.salgadonoticias.com\/index.php?rest_route=\/wp\/v2\/posts\/24037\/revisions"}],"predecessor-version":[{"id":24068,"href":"https:\/\/www.salgadonoticias.com\/index.php?rest_route=\/wp\/v2\/posts\/24037\/revisions\/24068"}],"wp:featuredmedia":[{"embeddable":true,"href":"https:\/\/www.salgadonoticias.com\/index.php?rest_route=\/wp\/v2\/media\/24040"}],"wp:attachment":[{"href":"https:\/\/www.salgadonoticias.com\/index.php?rest_route=%2Fwp%2Fv2%2Fmedia&parent=24037"}],"wp:term":[{"taxonomy":"category","embeddable":true,"href":"https:\/\/www.salgadonoticias.com\/index.php?rest_route=%2Fwp%2Fv2%2Fcategories&post=24037"},{"taxonomy":"post_tag","embeddable":true,"href":"https:\/\/www.salgadonoticias.com\/index.php?rest_route=%2Fwp%2Fv2%2Ftags&post=24037"}],"curies":[{"name":"wp","href":"https:\/\/api.w.org\/{rel}","templated":true}]}}