{"id":24045,"date":"2023-09-02T01:10:00","date_gmt":"2023-09-02T06:10:00","guid":{"rendered":"http:\/\/www.salgadonoticias.com\/?p=24045"},"modified":"2023-09-01T18:16:03","modified_gmt":"2023-09-01T23:16:03","slug":"24045","status":"publish","type":"post","link":"https:\/\/www.salgadonoticias.com\/?p=24045","title":{"rendered":"Pensi\u00f3n por Cesant\u00eda\u2026Necesario tener 60 a\u00f1os y haber cotizado como m\u00ednimo 10 a\u00f1os\u2026!!!"},"content":{"rendered":"<p>Views: 11<\/p>\n<p>.<\/p>\n\n\n\n<p><strong><mark style=\"background-color:rgba(0, 0, 0, 0);color:#890142\" class=\"has-inline-color\">Pensiones Jubilatorias ISSSTE:<\/mark><\/strong><\/p>\n\n\n\n<p>La <strong><mark style=\"background-color:rgba(0, 0, 0, 0);color:#092f81\" class=\"has-inline-color\">Suprema Corte de Justica<\/mark><\/strong> a trav\u00e9s de su Segunda Sala dio por <strong><mark style=\"background-color:rgba(0, 0, 0, 0);color:#800408\" class=\"has-inline-color\">V\u00c1LIDOS<\/mark><\/strong> los <strong><mark style=\"background-color:#fcb900\" class=\"has-inline-color\">requisitos<\/mark><\/strong> <span style=\"text-decoration: underline;\">previstos en la Ley del ISSSTE<\/span> que indican &nbsp;que para tener <strong><mark style=\"background-color:rgba(0, 0, 0, 0)\" class=\"has-inline-color has-vivid-red-color\">derecho<\/mark><\/strong> a una <span style=\"text-decoration: underline;\">pensi\u00f3n por cesant\u00eda en edad avanzada<\/span> bajo el r\u00e9gimen anterior de seguridad social, la <strong>persona<\/strong> trabajadora debe <strong>TENER<\/strong>, por lo menos, <strong><mark style=\"background-color:#fcb900\" class=\"has-inline-color\">60 a\u00f1os cumplidos<\/mark><\/strong> al momento de la separaci\u00f3n del servicio y haber <mark style=\"background-color:#fcb900\" class=\"has-inline-color\"><strong>COTIZADO<\/strong> un periodo de <strong>10 a\u00f1os<\/strong><\/mark><strong> <\/strong>como m\u00ednimo un <strong>ante el instituto.<\/strong><\/p>\n\n\n\n<p>.<br><br>La justificaci\u00f3n de la <strong><mark style=\"background-color:rgba(0, 0, 0, 0);color:#011971\" class=\"has-inline-color\">SCJN<\/mark><\/strong> es que el <strong>otorgar<\/strong> <span style=\"text-decoration: underline;\">pensiones de cesant\u00eda en edad avanzada<\/span> cuando <strong>NO<\/strong> se <strong>cumplen<\/strong> los <strong>requisitos<\/strong> arriba expuestos genera que <em><strong>pudieran obtener la prestaci\u00f3n personas que no est\u00e1n en servicio activo<\/strong><\/em> por el simple hecho de haber cotizado en alg\u00fan momento de su vida, incluso cuando su capacidad de trabajar no se encontraba disminuida. Lo anterior desvirtuar\u00eda la naturaleza de este tipo de pensi\u00f3n, que justamente est\u00e1 dise\u00f1ada para dar seguridad social a quienes cesan su actividad laboral al alcanzar una edad avanzada.<\/p>\n\n\n\n<p>.<\/p>\n\n\n\n<p>Esta resoluci\u00f3n ya puede <strong><mark><mark style=\"background-color:#f6a6ba\" class=\"has-inline-color has-black-color\">ARGUMENTARSE<\/mark><\/mark><\/strong> en todo el pa\u00eds a partir de esta semana.<\/p>\n\n\n\n<p>.<\/p>\n\n\n\n<p>Si estas en el <strong><mark style=\"background-color:rgba(0, 0, 0, 0)\" class=\"has-inline-color has-vivid-red-color\">Extranjero <\/mark><\/strong>nosotros somos tu <strong><mark style=\"background-color:rgba(0, 0, 0, 0)\" class=\"has-inline-color has-vivid-green-cyan-color\">mejor<\/mark><\/strong> alternativa para <strong><mark style=\"background-color:rgba(0, 0, 0, 0)\" class=\"has-inline-color has-luminous-vivid-orange-color\">velar<\/mark><\/strong> por tus <strong><mark style=\"background-color:rgba(0, 0, 0, 0)\" class=\"has-inline-color has-vivid-cyan-blue-color\">intereses<\/mark><\/strong>.<\/p>\n\n\n\n<p>.<\/p>\n\n\n\n<p><\/p>\n\n\n\n<p>Cuando<strong> necesites<\/strong> ayuda, <strong>asistencia<\/strong> o <strong>planeaci\u00f3n<\/strong> legal, <strong>solicita<\/strong> <strong>Cita Privada<\/strong> <a rel=\"noreferrer noopener\" href=\"mailto:bi@sm99.mx\" target=\"_blank\"><strong>Aqu\u00ed<\/strong><\/a><\/p>\n\n\n\n<p>La informaci\u00f3n que AQU\u00cd te presentamos <strong>deriva<\/strong> de los <strong>Peri\u00f3dicos Oficiales <\/strong>de la<strong> CdMx<\/strong>, <strong>Estado<\/strong> de Mex., Diario <strong>Oficial<\/strong> de la Federaci\u00f3n, Suprema Corte de<strong> Justicia<\/strong> de la Naci\u00f3n, por lo tanto es de <strong>aplicaci\u00f3n OBLIGATORIA<\/strong><\/p>\n\n\n\n<p>La <strong>informaci\u00f3n<\/strong> de hoy procede de la Suprema Corte de Justicia<\/p>\n\n\n\n<p><strong><mark style=\"background-color:rgba(0, 0, 0, 0)\" class=\"has-inline-color has-luminous-vivid-orange-color\">AY\u00daDANOS<\/mark><\/strong> para que m\u00e1s personas conozcan esta informaci\u00f3n, <strong>Comp\u00e1rtelo<\/strong> en tus redes sociales. ?<\/p>\n","protected":false},"excerpt":{"rendered":"<p>Views: 11 . Pensiones Jubilatorias ISSSTE: La Suprema Corte de Justica a trav\u00e9s de su Segunda Sala dio por V\u00c1LIDOS los requisitos previstos en la Ley del ISSSTE que indican &nbsp;que para tener derecho a una pensi\u00f3n por cesant\u00eda en edad avanzada bajo el r\u00e9gimen anterior de seguridad social, la persona trabajadora debe TENER, por [&hellip;]<\/p>\n","protected":false},"author":3,"featured_media":24050,"comment_status":"closed","ping_status":"open","sticky":false,"template":"","format":"standard","meta":{"_jetpack_memberships_contains_paid_content":false,"footnotes":""},"categories":[4],"tags":[],"jetpack_sharing_enabled":true,"jetpack_featured_media_url":"https:\/\/www.salgadonoticias.com\/wp-content\/uploads\/2023\/09\/pension.webp","_links":{"self":[{"href":"https:\/\/www.salgadonoticias.com\/index.php?rest_route=\/wp\/v2\/posts\/24045"}],"collection":[{"href":"https:\/\/www.salgadonoticias.com\/index.php?rest_route=\/wp\/v2\/posts"}],"about":[{"href":"https:\/\/www.salgadonoticias.com\/index.php?rest_route=\/wp\/v2\/types\/post"}],"author":[{"embeddable":true,"href":"https:\/\/www.salgadonoticias.com\/index.php?rest_route=\/wp\/v2\/users\/3"}],"replies":[{"embeddable":true,"href":"https:\/\/www.salgadonoticias.com\/index.php?rest_route=%2Fwp%2Fv2%2Fcomments&post=24045"}],"version-history":[{"count":4,"href":"https:\/\/www.salgadonoticias.com\/index.php?rest_route=\/wp\/v2\/posts\/24045\/revisions"}],"predecessor-version":[{"id":24052,"href":"https:\/\/www.salgadonoticias.com\/index.php?rest_route=\/wp\/v2\/posts\/24045\/revisions\/24052"}],"wp:featuredmedia":[{"embeddable":true,"href":"https:\/\/www.salgadonoticias.com\/index.php?rest_route=\/wp\/v2\/media\/24050"}],"wp:attachment":[{"href":"https:\/\/www.salgadonoticias.com\/index.php?rest_route=%2Fwp%2Fv2%2Fmedia&parent=24045"}],"wp:term":[{"taxonomy":"category","embeddable":true,"href":"https:\/\/www.salgadonoticias.com\/index.php?rest_route=%2Fwp%2Fv2%2Fcategories&post=24045"},{"taxonomy":"post_tag","embeddable":true,"href":"https:\/\/www.salgadonoticias.com\/index.php?rest_route=%2Fwp%2Fv2%2Ftags&post=24045"}],"curies":[{"name":"wp","href":"https:\/\/api.w.org\/{rel}","templated":true}]}}