{"id":2405,"date":"2013-07-18T12:40:41","date_gmt":"2013-07-18T18:40:41","guid":{"rendered":"http:\/\/www.lasintesis.com\/?p=2405"},"modified":"2013-07-18T12:43:33","modified_gmt":"2013-07-18T18:43:33","slug":"uniforme-para-todos-los-operadores-del-transporte-publico-en-el-edo-de-mexico","status":"publish","type":"post","link":"https:\/\/www.salgadonoticias.com\/?p=2405","title":{"rendered":"Uniforme para todos los Operadores del Transporte P\u00fablico en el Edo. de Mexico&#8230;."},"content":{"rendered":"<p>Views: 281<\/p><p><a href=\"http:\/\/www.lasintesis.com\/wp-content\/uploads\/2013\/07\/uniformes.jpg\"><img loading=\"lazy\" decoding=\"async\" src=\"http:\/\/www.lasintesis.com\/wp-content\/uploads\/2013\/07\/uniformes-300x224.jpg\" alt=\"\" title=\"Transporte Publico\" width=\"300\" height=\"224\" class=\"alignleft size-medium wp-image-2406\" \/><\/a><\/p>\n<p>.<br \/>\nA fin de otorgar a la sociedad mexiquense y a los usuarios del servicio p\u00fablico de transporte un servicio eficiente<br \/>\ny de calidad, <strong>se establece como Obligatorio el Uso de un Uniforme B\u00e1sico<\/strong> a los Operadores del servicio de Pasajeros, en las modalidades de Colectivo, Taxi y Mixto , as\u00ed mismo deber\u00e1n <em><strong>EXHIBIR LA TARJETA DE IDENTIFICACI\u00d3N PERSONAL<\/strong><\/em>.con las siguientes prendas:<\/p>\n<p>.<br \/>\n\u2022 <strong><em>Camisa blanca de manga corta o larga, y\/o playera blanca de cuello alto tipo polo<\/em>.<\/strong><br \/>\n\u2022 <strong><em>Pantal\u00f3n de vestir en color negro o azul marino<\/em><\/strong><\/p>\n<p>De manera opcional:<br \/>\n\u2022 Corbata<br \/>\n\u2022 Saco<br \/>\n\u2022 Chamarra<br \/>\n\u2022 Chaleco<\/p>\n<p>El uso del uniforme ser\u00e1 mientras el operador se encuentre en servicio, sin excepci\u00f3n alguna.<\/p>\n<p>Adem\u00e1s las camisas y\/o playeras deber\u00e1n portar en la parte superior izquierda, bordado el nombre completo del operador y el logotipo de la empresa u organizaci\u00f3n para la que trabaja. <\/p>\n<p><strong>Las dimensiones m\u00e1ximas de:<\/strong><br \/>\n<em>\u2022 Nombre: 3.5 cm de alto por 12.5 cm de ancho<\/em><br \/>\n<em>\u2022 Logotipo: 7 cm de alto por 12.5 cm de ancho<\/em><\/p>\n<p>Este acuerdo entra en vigor a partir de hoy&#8230;<\/p>\n<p><a href=\"http:\/\/www.edomex.gob.mx\/legistelfon\/doc\/pdf\/gct\/2013\/jul172.PDF\" title=\"Acuerdo\" target=\"_blank\">Ver Acuerdo completo&#8230;.<\/a><\/p>\n<p>.<\/p>\n<p>S\u00edguenos en twitter: @salgadolegal<\/p>\n","protected":false},"excerpt":{"rendered":"<p>Views: 281 . A fin de otorgar a la sociedad mexiquense y a los usuarios del servicio p\u00fablico de transporte un servicio eficiente y de calidad, se establece como Obligatorio el Uso de un Uniforme B\u00e1sico a los Operadores del servicio de Pasajeros, en las modalidades de Colectivo, Taxi y Mixto , as\u00ed mismo deber\u00e1n [&hellip;]<\/p>\n","protected":false},"author":3,"featured_media":0,"comment_status":"closed","ping_status":"open","sticky":false,"template":"","format":"standard","meta":{"_jetpack_memberships_contains_paid_content":false,"footnotes":""},"categories":[8,4],"tags":[],"jetpack_sharing_enabled":true,"jetpack_featured_media_url":"","_links":{"self":[{"href":"https:\/\/www.salgadonoticias.com\/index.php?rest_route=\/wp\/v2\/posts\/2405"}],"collection":[{"href":"https:\/\/www.salgadonoticias.com\/index.php?rest_route=\/wp\/v2\/posts"}],"about":[{"href":"https:\/\/www.salgadonoticias.com\/index.php?rest_route=\/wp\/v2\/types\/post"}],"author":[{"embeddable":true,"href":"https:\/\/www.salgadonoticias.com\/index.php?rest_route=\/wp\/v2\/users\/3"}],"replies":[{"embeddable":true,"href":"https:\/\/www.salgadonoticias.com\/index.php?rest_route=%2Fwp%2Fv2%2Fcomments&post=2405"}],"version-history":[{"count":4,"href":"https:\/\/www.salgadonoticias.com\/index.php?rest_route=\/wp\/v2\/posts\/2405\/revisions"}],"predecessor-version":[{"id":2410,"href":"https:\/\/www.salgadonoticias.com\/index.php?rest_route=\/wp\/v2\/posts\/2405\/revisions\/2410"}],"wp:attachment":[{"href":"https:\/\/www.salgadonoticias.com\/index.php?rest_route=%2Fwp%2Fv2%2Fmedia&parent=2405"}],"wp:term":[{"taxonomy":"category","embeddable":true,"href":"https:\/\/www.salgadonoticias.com\/index.php?rest_route=%2Fwp%2Fv2%2Fcategories&post=2405"},{"taxonomy":"post_tag","embeddable":true,"href":"https:\/\/www.salgadonoticias.com\/index.php?rest_route=%2Fwp%2Fv2%2Ftags&post=2405"}],"curies":[{"name":"wp","href":"https:\/\/api.w.org\/{rel}","templated":true}]}}