{"id":24053,"date":"2023-09-03T18:20:38","date_gmt":"2023-09-03T23:20:38","guid":{"rendered":"http:\/\/www.salgadonoticias.com\/?p=24053"},"modified":"2023-09-01T19:20:27","modified_gmt":"2023-09-02T00:20:27","slug":"24053","status":"publish","type":"post","link":"https:\/\/www.salgadonoticias.com\/?p=24053","title":{"rendered":"SCJN&#8230;Ilegal querer desaparecer Fideicomiso &#8220;FIDECINE&#8221;&#8230;!!!"},"content":{"rendered":"<p>Views: 10<\/p>\n<p>.<\/p>\n\n\n\n<p>La\u00a0<strong><mark style=\"background-color:rgba(0, 0, 0, 0);color:#160997\" class=\"has-inline-color\">Suprema Corte de Justicia de la Naci\u00f3n<\/mark>, <mark style=\"background-color:rgba(0, 0, 0, 0);color:#8c0505\" class=\"has-inline-color\">EMITI\u00d3<\/mark><\/strong> un fallo declarando que la desaparici\u00f3n del<strong>\u00a0Fideicomiso para la Cinematograf\u00eda Mexicana (Fidecine)<\/strong> en 2020 fue\u00a0<strong>inconstitucional<\/strong>\u00a0y orden\u00f3 al Congreso de M\u00e9xico corregir dicha acci\u00f3n y\u00a0<strong>reintegrar el respaldo y la protecci\u00f3n permanentes para el cine mexicano en la ley<\/strong>.  Esto implicar\u00eda que el presupuesto permanente para el cine sea obligatorio para el Congreso en cada a\u00f1o<\/p>\n\n\n\n<p>.<\/p>\n\n\n\n<p>La <strong>SCJN <\/strong>destac\u00f3 que con la desaparici\u00f3n del FIDECINE se elimin\u00f3 el \u00fanico mecanismo previsto en la ley que garantizaba el acceso y participaci\u00f3n permanente en la industria cinematogr\u00e1fica, el cual forma parte del derecho a la cultura reconocido en la Constituci\u00f3n Federal.<\/p>\n\n\n\n<p>.<\/p>\n\n\n\n<p><\/p>\n\n\n\n<p>La resoluci\u00f3n establece que la ley debe ser discutida antes de que termine el pr\u00f3ximo periodo ordinario. Actualmente, se est\u00e1 esperando\u00a0<strong>una nueva propuesta de ley en la que participaron diversos sectores de la comunidad cinematogr\u00e1fica<\/strong>.<\/p>\n\n\n\n<p>.<\/p>\n\n\n\n<p>.<\/p>\n\n\n\n<p>Si estas en el <strong><mark style=\"background-color:rgba(0, 0, 0, 0)\" class=\"has-inline-color has-vivid-red-color\">Extranjero <\/mark><\/strong>nosotros somos tu <strong><mark style=\"background-color:rgba(0, 0, 0, 0)\" class=\"has-inline-color has-vivid-green-cyan-color\">mejor<\/mark><\/strong> alternativa para <strong><mark style=\"background-color:rgba(0, 0, 0, 0)\" class=\"has-inline-color has-luminous-vivid-orange-color\">velar<\/mark><\/strong> por tus <strong><mark style=\"background-color:rgba(0, 0, 0, 0)\" class=\"has-inline-color has-vivid-cyan-blue-color\">intereses<\/mark><\/strong>.<\/p>\n\n\n\n<p>.<\/p>\n\n\n\n<p><\/p>\n\n\n\n<p>Cuando<strong> necesites<\/strong> ayuda, <strong>asistencia<\/strong> o <strong>planeaci\u00f3n<\/strong> legal, <strong>solicita<\/strong> <strong>Cita Privada<\/strong> <a rel=\"noreferrer noopener\" href=\"mailto:bi@sm99.mx\" target=\"_blank\"><strong>Aqu\u00ed<\/strong><\/a><\/p>\n\n\n\n<p>La informaci\u00f3n que AQU\u00cd te presentamos <strong>deriva<\/strong> de los <strong>Peri\u00f3dicos Oficiales <\/strong>de la<strong> CdMx<\/strong>, <strong>Estado<\/strong> de Mex., Diario <strong>Oficial<\/strong> de la Federaci\u00f3n, Suprema Corte de<strong> Justicia<\/strong> de la Naci\u00f3n, por lo tanto es de <strong>aplicaci\u00f3n OBLIGATORIA<\/strong><\/p>\n\n\n\n<p>La <strong>informaci\u00f3n<\/strong> de hoy procede de la Suprema Corte de Justicia<\/p>\n\n\n\n<p><strong><mark style=\"background-color:rgba(0, 0, 0, 0)\" class=\"has-inline-color has-luminous-vivid-orange-color\">AY\u00daDANOS<\/mark><\/strong> para que m\u00e1s personas conozcan esta informaci\u00f3n, <strong>Comp\u00e1rtelo<\/strong> en tus redes sociales. ?<\/p>\n","protected":false},"excerpt":{"rendered":"<p>Views: 10 . La\u00a0Suprema Corte de Justicia de la Naci\u00f3n, EMITI\u00d3 un fallo declarando que la desaparici\u00f3n del\u00a0Fideicomiso para la Cinematograf\u00eda Mexicana (Fidecine) en 2020 fue\u00a0inconstitucional\u00a0y orden\u00f3 al Congreso de M\u00e9xico corregir dicha acci\u00f3n y\u00a0reintegrar el respaldo y la protecci\u00f3n permanentes para el cine mexicano en la ley. Esto implicar\u00eda que el presupuesto permanente para [&hellip;]<\/p>\n","protected":false},"author":3,"featured_media":24060,"comment_status":"closed","ping_status":"open","sticky":false,"template":"","format":"standard","meta":{"_jetpack_memberships_contains_paid_content":false,"footnotes":""},"categories":[4],"tags":[],"jetpack_sharing_enabled":true,"jetpack_featured_media_url":"https:\/\/www.salgadonoticias.com\/wp-content\/uploads\/2023\/09\/fidecine.jpg","_links":{"self":[{"href":"https:\/\/www.salgadonoticias.com\/index.php?rest_route=\/wp\/v2\/posts\/24053"}],"collection":[{"href":"https:\/\/www.salgadonoticias.com\/index.php?rest_route=\/wp\/v2\/posts"}],"about":[{"href":"https:\/\/www.salgadonoticias.com\/index.php?rest_route=\/wp\/v2\/types\/post"}],"author":[{"embeddable":true,"href":"https:\/\/www.salgadonoticias.com\/index.php?rest_route=\/wp\/v2\/users\/3"}],"replies":[{"embeddable":true,"href":"https:\/\/www.salgadonoticias.com\/index.php?rest_route=%2Fwp%2Fv2%2Fcomments&post=24053"}],"version-history":[{"count":3,"href":"https:\/\/www.salgadonoticias.com\/index.php?rest_route=\/wp\/v2\/posts\/24053\/revisions"}],"predecessor-version":[{"id":24059,"href":"https:\/\/www.salgadonoticias.com\/index.php?rest_route=\/wp\/v2\/posts\/24053\/revisions\/24059"}],"wp:featuredmedia":[{"embeddable":true,"href":"https:\/\/www.salgadonoticias.com\/index.php?rest_route=\/wp\/v2\/media\/24060"}],"wp:attachment":[{"href":"https:\/\/www.salgadonoticias.com\/index.php?rest_route=%2Fwp%2Fv2%2Fmedia&parent=24053"}],"wp:term":[{"taxonomy":"category","embeddable":true,"href":"https:\/\/www.salgadonoticias.com\/index.php?rest_route=%2Fwp%2Fv2%2Fcategories&post=24053"},{"taxonomy":"post_tag","embeddable":true,"href":"https:\/\/www.salgadonoticias.com\/index.php?rest_route=%2Fwp%2Fv2%2Ftags&post=24053"}],"curies":[{"name":"wp","href":"https:\/\/api.w.org\/{rel}","templated":true}]}}