{"id":24067,"date":"2023-09-05T00:43:00","date_gmt":"2023-09-05T05:43:00","guid":{"rendered":"http:\/\/www.salgadonoticias.com\/?p=24067"},"modified":"2023-09-05T19:04:42","modified_gmt":"2023-09-06T00:04:42","slug":"indispensablepoder-otorgado-por-organismos-publicos-a-su-representante-en-juicio-civil-este-inscrito-en-el-registro-publico-de-organismos-descentralizados","status":"publish","type":"post","link":"https:\/\/www.salgadonoticias.com\/?p=24067","title":{"rendered":"En JUICIOS Civiles el Poder de Representante Gubernamental DEBE estar inscrito en el Registro de Organismos Descentralizados\u2026!!!"},"content":{"rendered":"<p>Views: 13<\/p>\n<p>.<\/p>\n\n\n\n<figure class=\"wp-block-embed is-type-video is-provider-youtube wp-block-embed-youtube wp-embed-aspect-16-9 wp-has-aspect-ratio\"><div class=\"wp-block-embed__wrapper\">\n<iframe loading=\"lazy\" title=\"Frente a Terceros Poder de Representante Gubernamental DEBE estar Inscrito en Registro P\u00fablico\u2026!!!\ufffc\" width=\"640\" height=\"360\" src=\"https:\/\/www.youtube.com\/embed\/kN2fij-1oZU?feature=oembed\" frameborder=\"0\" allow=\"accelerometer; autoplay; clipboard-write; encrypted-media; gyroscope; picture-in-picture; web-share\" referrerpolicy=\"strict-origin-when-cross-origin\" allowfullscreen><\/iframe>\n<\/div><\/figure>\n\n\n\n<p>.<\/p>\n\n\n\n<p>Este ANTECEDENTE:<\/p>\n\n\n\n<p>Surge despu\u00e9s de que tribunales sostuvieran <strong>posturas diferentes<\/strong> sobre si, <strong><mark style=\"background-color:#fcb900\" class=\"has-inline-color\">para acreditar la personalidad del apoderado de un organismo p\u00fablico descentralizado <\/mark><\/strong>para acreditar en un juicio civil <strong><mark style=\"background-color:#ff6900\" class=\"has-inline-color\">bastaba con exhibir<\/mark><\/strong> el testimonio notarial del <strong><mark style=\"background-color:rgba(0, 0, 0, 0)\" class=\"has-inline-color has-vivid-red-color\">poder<\/mark><\/strong> en el que constaba el otorgado a su favor <strong>o bien<\/strong> demostrar que dicho <strong>poder se encuentra inscrito<\/strong> en el Registro P\u00fablico de Organismos Descentralizados.<\/p>\n\n\n\n<p>.<\/p>\n\n\n\n<p>La <strong><mark style=\"background-color:rgba(0, 0, 0, 0);color:#01056b\" class=\"has-inline-color\">Suprema Corte de Justicia<\/mark>, <mark style=\"background-color:rgba(0, 0, 0, 0);color:#670202\" class=\"has-inline-color\">DETERMIN\u00d3<\/mark> <\/strong>que el <strong><mark style=\"background-color:rgba(0, 0, 0, 0)\" class=\"has-inline-color has-luminous-vivid-orange-color\">Poder OTORGADO<\/mark><\/strong> a una persona para comparecer como apoderado de un <strong>Organismo P\u00fablico Descentralizado<\/strong> en un <span style=\"text-decoration: underline;\">juicio civil<\/span> <strong>DEBE <\/strong>estar <strong><mark style=\"background-color:rgba(0, 0, 0, 0)\" class=\"has-inline-color has-vivid-red-color\">INSCRITO<\/mark><\/strong> en el <strong>Registro P\u00fablico de Organismos Descentralizados,<\/strong> s\u00f3lo as\u00ed ser\u00e1 reconocida la personalidad ostentada.<\/p>\n\n\n\n<p>.<\/p>\n\n\n\n<p>La justificaci\u00f3n de la <strong><mark style=\"background-color:rgba(0, 0, 0, 0);color:#1307e3\" class=\"has-inline-color\">SCJN<\/mark><\/strong> es conforme al art\u00edculo 22, fracc. VII, de la Ley Federal de las Entidades Paraestatales donde se establece que para la <strong><mark style=\"background-color:rgba(0, 0, 0, 0)\" class=\"has-inline-color has-vivid-red-color\">existencia y validez <\/mark><\/strong>de un <strong><mark style=\"background-color:rgba(0, 0, 0, 0);color:#590aa3\" class=\"has-inline-color\">poder otorgado<\/mark><\/strong> por un director general de un <strong>Organismo P\u00fablico Descentralizado<\/strong> bastar\u00e1 la comunicaci\u00f3n oficial que se expida al mandatario por el director general.<\/p>\n\n\n\n<p>Sin embargo, el propio legislador estableci\u00f3 expresamente que para que dicho poder <strong><mark style=\"background-color:#fcb900\" class=\"has-inline-color\">surta efectos contra terceros<\/mark><\/strong>, el mismo debe <strong>ser y estar<\/strong> <strong><mark style=\"background-color:rgba(0, 0, 0, 0);color:#9e0136\" class=\"has-inline-color\">INSCRITO<\/mark><\/strong> en el <em><u><strong>Registro P\u00fablico de Organismos Descentralizados<\/strong><\/u><\/em>.<\/p>\n\n\n\n<p>Por lo tanto, para que se reconozca la personalidad de un apoderado de un organismo de ese tipo en un juicio del orden civil, <mark style=\"background-color:#ff6900\" class=\"has-inline-color\"><strong>NO basta<\/strong> SOLO la <strong>exhibici\u00f3n<\/strong> del <strong>testimonio notarial<\/strong><\/mark> en el que conste dicho acto, pues la <strong><mark style=\"background-color:rgba(0, 0, 0, 0)\" class=\"has-inline-color has-vivid-red-color\">inscripci\u00f3n<\/mark><\/strong> establecida por el legislador constituye un <strong><mark style=\"background-color:#fcb900\" class=\"has-inline-color\">requisito de eficacia<\/mark><\/strong> para que surta efectos contra <strong><mark style=\"background-color:rgba(0, 0, 0, 0)\" class=\"has-inline-color has-vivid-red-color\">terceros<\/mark><\/strong>, entendiendo por tales, <strong>quienes no figuraron en la celebraci\u00f3n del mismo<\/strong>.<\/p>\n\n\n\n<p>Lo anterior es as\u00ed, pues el requisito de <strong><mark style=\"background-color:rgba(0, 0, 0, 0)\" class=\"has-inline-color has-vivid-red-color\">eficacia<\/mark><\/strong> de un acto jur\u00eddico se ha definido en la doctrina como la <strong>situaci\u00f3n en el tiempo<\/strong> o <strong>conducta <mark style=\"background-color:rgba(0, 0, 0, 0)\" class=\"has-inline-color has-vivid-red-color\">positiva<\/mark><\/strong> o <strong><mark style=\"background-color:rgba(0, 0, 0, 0)\" class=\"has-inline-color has-vivid-red-color\">negativa<\/mark><\/strong> que fija la ley o pactan las partes, para que un acto jur\u00eddico (unilateral o bilateral) que tiene <strong>plena existencia <\/strong>y<strong> completa validez<\/strong>, empiece a generar alguna o todas sus consecuencias de derecho.<\/p>\n\n\n\n<p>.<\/p>\n\n\n\n<p>.<\/p>\n\n\n\n<p>Esta resoluci\u00f3n es de <strong><mark><mark style=\"background-color:#78e7bf\" class=\"has-inline-color has-black-color\">APLICACI\u00d3N<\/mark><\/mark><\/strong> <strong><mark style=\"background-color:rgba(0, 0, 0, 0);color:#a90202\" class=\"has-inline-color\">&#8220;OBLIGATORIA&#8221;<\/mark> <\/strong>en todo el pa\u00eds a partir de esta semana.<\/p>\n\n\n\n<p>.<\/p>\n\n\n\n<p>Si estas en el <strong><mark style=\"background-color:rgba(0, 0, 0, 0)\" class=\"has-inline-color has-vivid-red-color\">Extranjero <\/mark><\/strong>nosotros somos tu <strong><mark style=\"background-color:rgba(0, 0, 0, 0)\" class=\"has-inline-color has-vivid-green-cyan-color\">mejor<\/mark><\/strong> alternativa para <strong><mark style=\"background-color:rgba(0, 0, 0, 0)\" class=\"has-inline-color has-luminous-vivid-orange-color\">velar<\/mark><\/strong> por tus <strong><mark style=\"background-color:rgba(0, 0, 0, 0)\" class=\"has-inline-color has-vivid-cyan-blue-color\">intereses<\/mark><\/strong>.<\/p>\n\n\n\n<p>.<\/p>\n\n\n\n<p><\/p>\n\n\n\n<p>Cuando<strong> necesites<\/strong> ayuda, <strong>asistencia<\/strong> o <strong>planeaci\u00f3n<\/strong> legal, <strong>solicita<\/strong> <strong>Cita Privada<\/strong> <a rel=\"noreferrer noopener\" href=\"mailto:bi@sm99.mx\" target=\"_blank\"><strong>Aqu\u00ed<\/strong><\/a><\/p>\n\n\n\n<p>La informaci\u00f3n que AQU\u00cd te presentamos <strong>deriva<\/strong> de los <strong>Peri\u00f3dicos Oficiales <\/strong>de la<strong> CdMx<\/strong>, <strong>Estado<\/strong> de Mex., Diario <strong>Oficial<\/strong> de la Federaci\u00f3n, Suprema Corte de<strong> Justicia<\/strong> de la Naci\u00f3n, por lo tanto es de <strong>aplicaci\u00f3n OBLIGATORIA<\/strong><\/p>\n\n\n\n<p>La <strong>informaci\u00f3n<\/strong> de hoy procede de la Suprema Corte de Justicia<\/p>\n\n\n\n<p><strong><mark style=\"background-color:rgba(0, 0, 0, 0)\" class=\"has-inline-color has-luminous-vivid-orange-color\">AY\u00daDANOS<\/mark><\/strong> para que m\u00e1s personas conozcan esta informaci\u00f3n, <strong>Comp\u00e1rtelo<\/strong> en tus redes sociales. ?<\/p>\n","protected":false},"excerpt":{"rendered":"<p>Views: 13 . . Este ANTECEDENTE: Surge despu\u00e9s de que tribunales sostuvieran posturas diferentes sobre si, para acreditar la personalidad del apoderado de un organismo p\u00fablico descentralizado para acreditar en un juicio civil bastaba con exhibir el testimonio notarial del poder en el que constaba el otorgado a su favor o bien demostrar que dicho [&hellip;]<\/p>\n","protected":false},"author":3,"featured_media":24070,"comment_status":"closed","ping_status":"open","sticky":false,"template":"","format":"standard","meta":{"_jetpack_memberships_contains_paid_content":false,"footnotes":""},"categories":[4],"tags":[],"jetpack_sharing_enabled":true,"jetpack_featured_media_url":"https:\/\/www.salgadonoticias.com\/wp-content\/uploads\/2023\/09\/juicios-por-demanda.webp","_links":{"self":[{"href":"https:\/\/www.salgadonoticias.com\/index.php?rest_route=\/wp\/v2\/posts\/24067"}],"collection":[{"href":"https:\/\/www.salgadonoticias.com\/index.php?rest_route=\/wp\/v2\/posts"}],"about":[{"href":"https:\/\/www.salgadonoticias.com\/index.php?rest_route=\/wp\/v2\/types\/post"}],"author":[{"embeddable":true,"href":"https:\/\/www.salgadonoticias.com\/index.php?rest_route=\/wp\/v2\/users\/3"}],"replies":[{"embeddable":true,"href":"https:\/\/www.salgadonoticias.com\/index.php?rest_route=%2Fwp%2Fv2%2Fcomments&post=24067"}],"version-history":[{"count":7,"href":"https:\/\/www.salgadonoticias.com\/index.php?rest_route=\/wp\/v2\/posts\/24067\/revisions"}],"predecessor-version":[{"id":24100,"href":"https:\/\/www.salgadonoticias.com\/index.php?rest_route=\/wp\/v2\/posts\/24067\/revisions\/24100"}],"wp:featuredmedia":[{"embeddable":true,"href":"https:\/\/www.salgadonoticias.com\/index.php?rest_route=\/wp\/v2\/media\/24070"}],"wp:attachment":[{"href":"https:\/\/www.salgadonoticias.com\/index.php?rest_route=%2Fwp%2Fv2%2Fmedia&parent=24067"}],"wp:term":[{"taxonomy":"category","embeddable":true,"href":"https:\/\/www.salgadonoticias.com\/index.php?rest_route=%2Fwp%2Fv2%2Fcategories&post=24067"},{"taxonomy":"post_tag","embeddable":true,"href":"https:\/\/www.salgadonoticias.com\/index.php?rest_route=%2Fwp%2Fv2%2Ftags&post=24067"}],"curies":[{"name":"wp","href":"https:\/\/api.w.org\/{rel}","templated":true}]}}