{"id":24081,"date":"2023-09-10T00:30:00","date_gmt":"2023-09-10T05:30:00","guid":{"rendered":"http:\/\/www.salgadonoticias.com\/?p=24081"},"modified":"2023-09-08T16:13:41","modified_gmt":"2023-09-08T21:13:41","slug":"24081","status":"publish","type":"post","link":"https:\/\/www.salgadonoticias.com\/?p=24081","title":{"rendered":"Fco. Salgado&#8230;Comentarios en Noticiero Televisivo sobre Asentamientos Irregulares&#8230;!!!"},"content":{"rendered":"<p>Views: 20<\/p>\n<p>.<\/p>\n\n\n\n<p>Esto lo que <strong>comentamos<\/strong> durante la <strong><mark><mark style=\"background-color:#ffffff;color:#490b83\" class=\"has-inline-color\">PARTICIPACI\u00d3N<\/mark><\/mark> <\/strong>en <strong>Multimedios<\/strong> <strong><mark style=\"background-color:rgba(0, 0, 0, 0);color:#af0404\" class=\"has-inline-color\">TV<\/mark><\/strong> con <strong>Francisco Hern\u00e1ndez<\/strong>. <\/p>\n\n\n\n<p>.<\/p>\n\n\n\n<p>Da <strong><mark style=\"background-color:#fcb900\" class=\"has-inline-color\">click en el enlace<\/mark><\/strong> y <strong>listo<\/strong>, Los comentarios <strong>duran <\/strong>solo <mark style=\"background-color:rgba(0, 0, 0, 0)\" class=\"has-inline-color has-vivid-red-color\"><strong>9 minutos<\/strong><\/mark> (INGRESA y ADELANTA<strong><mark style=\"background-color:rgba(0, 0, 0, 0)\" class=\"has-inline-color has-vivid-red-color\"> al minuto 1:40 que es la hora<\/mark><\/strong> <strong>09:40<\/strong>)<\/p>\n\n\n\n<p><a href=\"https:\/\/www.facebook.com\/watch\/live\/?ref=watch_permalink&amp;v=1065344471313545\">https:\/\/www.facebook.com\/watch\/live\/?ref=watch_permalink&amp;v=1065344471313545<\/a><\/p>\n\n\n\n<p>.<\/p>\n\n\n\n<p>.<\/p>\n\n\n\n<p>Si estas en el <strong><mark style=\"background-color:rgba(0, 0, 0, 0)\" class=\"has-inline-color has-vivid-red-color\">Extranjero <\/mark><\/strong>nosotros somos tu <strong><mark style=\"background-color:rgba(0, 0, 0, 0)\" class=\"has-inline-color has-vivid-green-cyan-color\">mejor<\/mark><\/strong> alternativa para <strong><mark style=\"background-color:rgba(0, 0, 0, 0)\" class=\"has-inline-color has-luminous-vivid-orange-color\">velar<\/mark><\/strong> por tus <strong><mark style=\"background-color:rgba(0, 0, 0, 0)\" class=\"has-inline-color has-vivid-cyan-blue-color\">intereses<\/mark><\/strong>.<\/p>\n\n\n\n<p>.<\/p>\n\n\n\n<p>Cuando<strong> necesites<\/strong> ayuda, <strong>asistencia<\/strong> o <strong>planeaci\u00f3n<\/strong> legal, <strong>solicita<\/strong> <strong>Cita Privada<\/strong> <a rel=\"noreferrer noopener\" href=\"mailto:bi@sm99.mx\" target=\"_blank\"><strong>Aqu\u00ed<\/strong><\/a><\/p>\n\n\n\n<p>La informaci\u00f3n que AQU\u00cd te presentamos <strong>deriva<\/strong> de los <strong>Peri\u00f3dicos Oficiales <\/strong>de la<strong> CdMx<\/strong>, <strong>Estado<\/strong> de Mex., Diario <strong>Oficial<\/strong> de la Federaci\u00f3n, Suprema Corte de<strong> Justicia<\/strong> de la Naci\u00f3n, por lo tanto es de <strong>aplicaci\u00f3n OBLIGATORIA<\/strong><\/p>\n\n\n\n<p><\/p>\n\n\n\n<p><strong><mark style=\"background-color:rgba(0, 0, 0, 0)\" class=\"has-inline-color has-luminous-vivid-orange-color\">AY\u00daDANOS<\/mark><\/strong> para que m\u00e1s personas conozcan esta informaci\u00f3n, <strong>Comp\u00e1rtelo<\/strong> en tus redes sociales. ?<\/p>\n","protected":false},"excerpt":{"rendered":"<p>Views: 20 . Esto lo que comentamos durante la PARTICIPACI\u00d3N en Multimedios TV con Francisco Hern\u00e1ndez. . Da click en el enlace y listo, Los comentarios duran solo 9 minutos (INGRESA y ADELANTA al minuto 1:40 que es la hora 09:40) https:\/\/www.facebook.com\/watch\/live\/?ref=watch_permalink&amp;v=1065344471313545 . . Si estas en el Extranjero nosotros somos tu mejor alternativa para [&hellip;]<\/p>\n","protected":false},"author":3,"featured_media":24090,"comment_status":"closed","ping_status":"open","sticky":false,"template":"","format":"standard","meta":{"_jetpack_memberships_contains_paid_content":false,"footnotes":""},"categories":[20,4],"tags":[],"jetpack_sharing_enabled":true,"jetpack_featured_media_url":"https:\/\/www.salgadonoticias.com\/wp-content\/uploads\/2023\/09\/entrevista.jpg","_links":{"self":[{"href":"https:\/\/www.salgadonoticias.com\/index.php?rest_route=\/wp\/v2\/posts\/24081"}],"collection":[{"href":"https:\/\/www.salgadonoticias.com\/index.php?rest_route=\/wp\/v2\/posts"}],"about":[{"href":"https:\/\/www.salgadonoticias.com\/index.php?rest_route=\/wp\/v2\/types\/post"}],"author":[{"embeddable":true,"href":"https:\/\/www.salgadonoticias.com\/index.php?rest_route=\/wp\/v2\/users\/3"}],"replies":[{"embeddable":true,"href":"https:\/\/www.salgadonoticias.com\/index.php?rest_route=%2Fwp%2Fv2%2Fcomments&post=24081"}],"version-history":[{"count":5,"href":"https:\/\/www.salgadonoticias.com\/index.php?rest_route=\/wp\/v2\/posts\/24081\/revisions"}],"predecessor-version":[{"id":24102,"href":"https:\/\/www.salgadonoticias.com\/index.php?rest_route=\/wp\/v2\/posts\/24081\/revisions\/24102"}],"wp:featuredmedia":[{"embeddable":true,"href":"https:\/\/www.salgadonoticias.com\/index.php?rest_route=\/wp\/v2\/media\/24090"}],"wp:attachment":[{"href":"https:\/\/www.salgadonoticias.com\/index.php?rest_route=%2Fwp%2Fv2%2Fmedia&parent=24081"}],"wp:term":[{"taxonomy":"category","embeddable":true,"href":"https:\/\/www.salgadonoticias.com\/index.php?rest_route=%2Fwp%2Fv2%2Fcategories&post=24081"},{"taxonomy":"post_tag","embeddable":true,"href":"https:\/\/www.salgadonoticias.com\/index.php?rest_route=%2Fwp%2Fv2%2Ftags&post=24081"}],"curies":[{"name":"wp","href":"https:\/\/api.w.org\/{rel}","templated":true}]}}