{"id":2411,"date":"2013-07-19T09:23:04","date_gmt":"2013-07-19T15:23:04","guid":{"rendered":"http:\/\/www.lasintesis.com\/?p=2411"},"modified":"2013-07-19T12:55:13","modified_gmt":"2013-07-19T18:55:13","slug":"se-abre-la-puerta-para-hacer-proselitismo-o-propaganda-politica-en-los-eventos-religiosos","status":"publish","type":"post","link":"https:\/\/www.salgadonoticias.com\/?p=2411","title":{"rendered":"Se ABRE la PUERTA para hacer Proselitismo o Propaganda Pol\u00edtica en EVENTOS RELIGIOSOS &#8230;&#8230;&#8230;&#8230;&#8230;&#8230;&#8230;&#8230;.."},"content":{"rendered":"<p>Views: 10<\/p><p><a href=\"http:\/\/www.lasintesis.com\/wp-content\/uploads\/2013\/07\/articulo24.jpg\"><img loading=\"lazy\" decoding=\"async\" src=\"http:\/\/www.lasintesis.com\/wp-content\/uploads\/2013\/07\/articulo24.jpg\" alt=\"\" title=\"articulo24\" width=\"300\" height=\"187\" class=\"alignleft size-full wp-image-2417\" \/><\/a><\/p>\n<p>El d\u00eda de hoy de manera oficial se EMITE  el cambio al Art\u00edculo 24 Constitucional, cambio que entrara en vigor a partir del pr\u00f3ximo lunes &#8230;&#8230;&#8230;&#8230;&#8230;.<\/p>\n<p>.<\/p>\n<blockquote><p>ANTES esto es lo que dec\u00eda el Art\u00edculo:<\/p><\/blockquote>\n<p>Toda persona tiene derecho a la libertad de convicciones \u00e9ticas, de conciencia y de religi\u00f3n, y a tener o adoptar, en su caso, la de su agrado. Esta libertad incluye el derecho de participar, individual o colectivamente, tanto en p\u00fablico como en privado, en las ceremonias, devociones o actos del culto respectivo, siempre que no constituyan un delito o falta penados por la ley. Nadie podr\u00e1 utilizar los actos p\u00fablicos de expresi\u00f3n de esta libertad con fines pol\u00edticos, de proselitismo o de propaganda pol\u00edtica.<\/p>\n<p>.<\/p>\n<blockquote><p>AHORA esto es lo que dice:<\/p><\/blockquote>\n<p>Todo hombre es libre para profesar la creencia religiosa que m\u00e1s le agrade y para practicar las ceremonias, devociones o actos del culto respectivo, siempre que no constituyan un delito o falta penados por la ley.<\/p>\n<p>.<\/p>\n<blockquote><p>Como podremos OBSERVAR nos damos cuenta y si somos detallistas se ABRE la PUERTA ya que el cambio implica quitar las palabras resaltadas en may\u00fascula de la redacci\u00f3n anterior:<\/p><\/blockquote>\n<p>Toda persona tiene derecho a la libertad de CONVICCIONES \u00c9TICAS, DE CONCIENCIA Y de religi\u00f3n, y a tener o adoptar, en su caso, la de su agrado. Esta libertad incluye el derecho <strong>DE PARTICIPAR, INDIVIDUAL O COLECTIVAMENTE, TANTO EN P\u00daBLICO COMO EN PRIVADO, EN LAS CEREMONIAS, DEVOCIONES O ACTOS DEL CULTO RESPECTIVO<\/strong>, siempre que no constituyan un delito o falta penados por la ley. <strong>NADIE PODR\u00c1 UTILIZAR LOS ACTOS P\u00daBLICOS DE EXPRESI\u00d3N DE ESTA LIBERTAD CON FINES POL\u00cdTICOS, DE PROSELITISMO O DE PROPAGANDA POL\u00cdTICA.<\/strong><\/p>\n<blockquote><p>Claro que esta modificaci\u00f3n constitucional requiere cambio en la ley secundaria de este Art\u00edculo,,,,, pero QUIEN PUEDE LO M\u00c1S PUEDE LO MENOS, dir\u00eda una m\u00e1xima jur\u00eddica vigente &#8230;&#8230;.<\/p><\/blockquote>\n<p>Saludos y buen fin de semana  &#8230;&#8230;&#8230;&#8230;&#8230;&#8230;.<\/p>\n","protected":false},"excerpt":{"rendered":"<p>Views: 10 El d\u00eda de hoy de manera oficial se EMITE el cambio al Art\u00edculo 24 Constitucional, cambio que entrara en vigor a partir del pr\u00f3ximo lunes &#8230;&#8230;&#8230;&#8230;&#8230;. . ANTES esto es lo que dec\u00eda el Art\u00edculo: Toda persona tiene derecho a la libertad de convicciones \u00e9ticas, de conciencia y de religi\u00f3n, y a tener [&hellip;]<\/p>\n","protected":false},"author":3,"featured_media":0,"comment_status":"closed","ping_status":"open","sticky":false,"template":"","format":"standard","meta":{"_jetpack_memberships_contains_paid_content":false,"footnotes":""},"categories":[4],"tags":[],"jetpack_sharing_enabled":true,"jetpack_featured_media_url":"","_links":{"self":[{"href":"https:\/\/www.salgadonoticias.com\/index.php?rest_route=\/wp\/v2\/posts\/2411"}],"collection":[{"href":"https:\/\/www.salgadonoticias.com\/index.php?rest_route=\/wp\/v2\/posts"}],"about":[{"href":"https:\/\/www.salgadonoticias.com\/index.php?rest_route=\/wp\/v2\/types\/post"}],"author":[{"embeddable":true,"href":"https:\/\/www.salgadonoticias.com\/index.php?rest_route=\/wp\/v2\/users\/3"}],"replies":[{"embeddable":true,"href":"https:\/\/www.salgadonoticias.com\/index.php?rest_route=%2Fwp%2Fv2%2Fcomments&post=2411"}],"version-history":[{"count":8,"href":"https:\/\/www.salgadonoticias.com\/index.php?rest_route=\/wp\/v2\/posts\/2411\/revisions"}],"predecessor-version":[{"id":2420,"href":"https:\/\/www.salgadonoticias.com\/index.php?rest_route=\/wp\/v2\/posts\/2411\/revisions\/2420"}],"wp:attachment":[{"href":"https:\/\/www.salgadonoticias.com\/index.php?rest_route=%2Fwp%2Fv2%2Fmedia&parent=2411"}],"wp:term":[{"taxonomy":"category","embeddable":true,"href":"https:\/\/www.salgadonoticias.com\/index.php?rest_route=%2Fwp%2Fv2%2Fcategories&post=2411"},{"taxonomy":"post_tag","embeddable":true,"href":"https:\/\/www.salgadonoticias.com\/index.php?rest_route=%2Fwp%2Fv2%2Ftags&post=2411"}],"curies":[{"name":"wp","href":"https:\/\/api.w.org\/{rel}","templated":true}]}}