{"id":24114,"date":"2023-09-07T01:24:00","date_gmt":"2023-09-07T06:24:00","guid":{"rendered":"http:\/\/www.salgadonoticias.com\/?p=24114"},"modified":"2023-09-07T18:54:29","modified_gmt":"2023-09-07T23:54:29","slug":"apoyo-economico-de-2000-00-a-menores-en-orfandad-por-covid-19-en-el-edomex","status":"publish","type":"post","link":"https:\/\/www.salgadonoticias.com\/?p=24114","title":{"rendered":"$2,000.00 a menores en Orfandad por Covid-19 en el EdoMex&#8230;!!!"},"content":{"rendered":"<p>Views: 11<\/p>\n<p>.<\/p>\n\n\n\n<figure class=\"wp-block-embed is-type-video is-provider-youtube wp-block-embed-youtube wp-embed-aspect-16-9 wp-has-aspect-ratio\"><div class=\"wp-block-embed__wrapper\">\n<iframe loading=\"lazy\" title=\"$2000 a menores en Orfandad por COVID en \u00e9l EdoMex \u2026!!!\" width=\"640\" height=\"360\" src=\"https:\/\/www.youtube.com\/embed\/Jm6abWv07mg?feature=oembed\" frameborder=\"0\" allow=\"accelerometer; autoplay; clipboard-write; encrypted-media; gyroscope; picture-in-picture; web-share\" referrerpolicy=\"strict-origin-when-cross-origin\" allowfullscreen><\/iframe>\n<\/div><\/figure>\n\n\n\n<p>.<\/p>\n\n\n\n<p>Esta son las <strong><mark style=\"background-color:#7bdcb5\" class=\"has-inline-color\">Reglas<\/mark> <\/strong>que se deber\u00e1n seguir y <strong><mark style=\"background-color:rgba(0, 0, 0, 0)\" class=\"has-inline-color has-vivid-red-color\">cumplir<\/mark><\/strong> para que poder acceder al Apoyo econ\u00f3mico para menores de 18 a\u00f1os, hu\u00e9rfanos por Covid-19. Dicha <strong><mark style=\"background-color:rgba(0, 0, 0, 0)\" class=\"has-inline-color has-vivid-red-color\">ayuda<\/mark><\/strong> ser\u00e1 de <strong><mark style=\"background-color:#fcb900\" class=\"has-inline-color\">$2,000.00 mensuales<\/mark><\/strong>&nbsp;en una y hasta 12 ocasiones.<\/p>\n\n\n\n<p>Estos son <strong>algunos<\/strong> de los <strong><mark style=\"background-color:rgba(0, 0, 0, 0);color:#810202\" class=\"has-inline-color\">REQUISITOS<\/mark><\/strong> y pasos a seguir:<\/p>\n\n\n\n<ul>\n<li>Ser <strong>residente<\/strong> del Edo. M\u00e9xico<\/li>\n\n\n\n<li>Ser <strong>menor<\/strong> de 18 a\u00f1os.<\/li>\n\n\n\n<li>Encontrarse en situaci\u00f3n de <strong>orfandad<\/strong> del <strong><mark style=\"background-color:rgba(0, 0, 0, 0)\" class=\"has-inline-color has-vivid-red-color\">padre, madre, ambos, <\/mark><mark style=\"background-color:rgba(0, 0, 0, 0)\" class=\"has-inline-color has-black-color\">o<\/mark><mark style=\"background-color:rgba(0, 0, 0, 0)\" class=\"has-inline-color has-vivid-red-color\"> persona tutora<\/mark><\/strong><\/li>\n\n\n\n<li>La <strong>madre, padre, o persona tutora<\/strong> deber\u00e1 <strong>realizar<\/strong> el <strong><mark style=\"background-color:rgba(0, 0, 0, 0)\" class=\"has-inline-color has-vivid-red-color\">tr\u00e1mite<\/mark><\/strong> de solicitud de participaci\u00f3n en el programa entregando:<ul><li><strong>CURP<\/strong> del menor, <\/li><\/ul><\/li>\n\n\n\n<li><ul><li>Copia de <strong>Acta de Defunci\u00f3n<\/strong><\/li><\/ul><\/li>\n\n\n\n<li><ul><li>Documento de acreditaci\u00f3n de la <strong>tutor\u00eda o guarda y custodia<\/strong> los menores.<\/li><\/ul>\n<ul>\n<li>Copia simple del <strong>Acta<\/strong> de <strong>Nacimiento<\/strong> de los menores.<\/li>\n<\/ul>\n<\/li>\n\n\n\n<li>El registro ser\u00e1 en la p\u00e1gina de<strong> internet <\/strong>del <strong>DIFEM<\/strong><\/li>\n<\/ul>\n\n\n\n<ul>\n<li>Ser\u00e1 causa de <strong><mark style=\"background-color:rgba(0, 0, 0, 0)\" class=\"has-inline-color has-black-color\">baja<\/mark><mark style=\"background-color:rgba(0, 0, 0, 0);color:#6f043e\" class=\"has-inline-color\"> del programa<\/mark><\/strong> si:<ul><li>Proporciona <strong>informaci\u00f3n socioecon\u00f3mica <mark style=\"background-color:rgba(0, 0, 0, 0)\" class=\"has-inline-color has-vivid-red-color\">falsa<\/mark><\/strong><\/li><\/ul><\/li>\n\n\n\n<li><ul><li><strong>Cambio<\/strong> de <strong><mark style=\"background-color:rgba(0, 0, 0, 0)\" class=\"has-inline-color has-vivid-red-color\">domicilio<\/mark><\/strong> fuera del EdoMex.<\/li><\/ul><\/li>\n\n\n\n<li><ul><li><strong>Renunciar <mark style=\"background-color:rgba(0, 0, 0, 0)\" class=\"has-inline-color has-vivid-red-color\">voluntariamente<\/mark><\/strong> al programa<\/li><\/ul><\/li>\n\n\n\n<li><ul><li><strong>Fallecimiento<\/strong> del beneficiario<\/li><\/ul><\/li>\n\n\n\n<li><ul><li>Ser beneficiaria(o) directa de alg\u00fan <strong>otro <mark style=\"background-color:rgba(0, 0, 0, 0)\" class=\"has-inline-color has-vivid-red-color\">programa<\/mark><\/strong><\/li><\/ul><\/li>\n<\/ul>\n\n\n\n<p>.<\/p>\n\n\n\n<p>Da click aqu\u00ed? para ver reglas completas..<\/p>\n\n\n\n<p><a href=\"https:\/\/legislacion.edomex.gob.mx\/sites\/legislacion.edomex.gob.mx\/files\/files\/pdf\/gct\/2023\/septiembre\/sep061\/sep061b.pdf\">https:\/\/legislacion.edomex.gob.mx\/sites\/legislacion.edomex.gob.mx\/files\/files\/pdf\/gct\/2023\/septiembre\/sep061\/sep061b.pdf<\/a><\/p>\n\n\n\n<p><\/p>\n\n\n\n<p><\/p>\n\n\n\n<p>.<\/p>\n\n\n\n<p>Si estas en el <strong><mark style=\"background-color:rgba(0, 0, 0, 0)\" class=\"has-inline-color has-vivid-red-color\">Extranjero <\/mark><\/strong>nosotros somos tu <strong><mark style=\"background-color:rgba(0, 0, 0, 0)\" class=\"has-inline-color has-vivid-green-cyan-color\">mejor<\/mark><\/strong> alternativa para <strong><mark style=\"background-color:rgba(0, 0, 0, 0)\" class=\"has-inline-color has-luminous-vivid-orange-color\">velar<\/mark><\/strong> por tus <strong><mark style=\"background-color:rgba(0, 0, 0, 0)\" class=\"has-inline-color has-vivid-cyan-blue-color\">intereses<\/mark><\/strong>.<\/p>\n\n\n\n<p>.<\/p>\n\n\n\n<p>Cuando<strong> necesites<\/strong> ayuda, <strong>asistencia<\/strong> o <strong>planeaci\u00f3n<\/strong> legal, <strong>solicita<\/strong> <strong>Cita Privada<\/strong> <a rel=\"noreferrer noopener\" href=\"mailto:bi@sm99.mx\" target=\"_blank\"><strong>Aqu\u00ed<\/strong><\/a><\/p>\n\n\n\n<p>La informaci\u00f3n que AQU\u00cd te presentamos <strong>deriva<\/strong> de los <strong>Peri\u00f3dicos Oficiales <\/strong>de la<strong> CdMx<\/strong>, <strong>Estado<\/strong> de Mex., Diario <strong>Oficial<\/strong> de la Federaci\u00f3n, Suprema Corte de<strong> Justicia<\/strong> de la Naci\u00f3n, por lo tanto es de <strong>aplicaci\u00f3n OBLIGATORIA<\/strong><\/p>\n\n\n\n<p>La informaci\u00f3n de hoy procede de la Gaceta del EdoMex.<\/p>\n\n\n\n<p>.<\/p>\n\n\n\n<p><strong><mark style=\"background-color:rgba(0, 0, 0, 0)\" class=\"has-inline-color has-luminous-vivid-orange-color\">AY\u00daDANOS<\/mark><\/strong> para que m\u00e1s personas conozcan esta informaci\u00f3n, <strong>Comp\u00e1rtelo<\/strong> en tus redes sociales. ?<\/p>\n","protected":false},"excerpt":{"rendered":"<p>Views: 11 . . Esta son las Reglas que se deber\u00e1n seguir y cumplir para que poder acceder al Apoyo econ\u00f3mico para menores de 18 a\u00f1os, hu\u00e9rfanos por Covid-19. Dicha ayuda ser\u00e1 de $2,000.00 mensuales&nbsp;en una y hasta 12 ocasiones. Estos son algunos de los REQUISITOS y pasos a seguir: . Da click aqu\u00ed? para [&hellip;]<\/p>\n","protected":false},"author":3,"featured_media":24115,"comment_status":"closed","ping_status":"open","sticky":false,"template":"","format":"standard","meta":{"_jetpack_memberships_contains_paid_content":false,"footnotes":""},"categories":[8],"tags":[],"jetpack_sharing_enabled":true,"jetpack_featured_media_url":"https:\/\/www.salgadonoticias.com\/wp-content\/uploads\/2023\/09\/covid.jpg","_links":{"self":[{"href":"https:\/\/www.salgadonoticias.com\/index.php?rest_route=\/wp\/v2\/posts\/24114"}],"collection":[{"href":"https:\/\/www.salgadonoticias.com\/index.php?rest_route=\/wp\/v2\/posts"}],"about":[{"href":"https:\/\/www.salgadonoticias.com\/index.php?rest_route=\/wp\/v2\/types\/post"}],"author":[{"embeddable":true,"href":"https:\/\/www.salgadonoticias.com\/index.php?rest_route=\/wp\/v2\/users\/3"}],"replies":[{"embeddable":true,"href":"https:\/\/www.salgadonoticias.com\/index.php?rest_route=%2Fwp%2Fv2%2Fcomments&post=24114"}],"version-history":[{"count":9,"href":"https:\/\/www.salgadonoticias.com\/index.php?rest_route=\/wp\/v2\/posts\/24114\/revisions"}],"predecessor-version":[{"id":24137,"href":"https:\/\/www.salgadonoticias.com\/index.php?rest_route=\/wp\/v2\/posts\/24114\/revisions\/24137"}],"wp:featuredmedia":[{"embeddable":true,"href":"https:\/\/www.salgadonoticias.com\/index.php?rest_route=\/wp\/v2\/media\/24115"}],"wp:attachment":[{"href":"https:\/\/www.salgadonoticias.com\/index.php?rest_route=%2Fwp%2Fv2%2Fmedia&parent=24114"}],"wp:term":[{"taxonomy":"category","embeddable":true,"href":"https:\/\/www.salgadonoticias.com\/index.php?rest_route=%2Fwp%2Fv2%2Fcategories&post=24114"},{"taxonomy":"post_tag","embeddable":true,"href":"https:\/\/www.salgadonoticias.com\/index.php?rest_route=%2Fwp%2Fv2%2Ftags&post=24114"}],"curies":[{"name":"wp","href":"https:\/\/api.w.org\/{rel}","templated":true}]}}