{"id":24131,"date":"2023-09-08T00:31:00","date_gmt":"2023-09-08T05:31:00","guid":{"rendered":"http:\/\/www.salgadonoticias.com\/?p=24131"},"modified":"2023-09-08T18:21:11","modified_gmt":"2023-09-08T23:21:11","slug":"scjn-ilegal-la-prohibicion-del-aborto","status":"publish","type":"post","link":"https:\/\/www.salgadonoticias.com\/?p=24131","title":{"rendered":"Los ABORTOS Voluntarios, ya NO ser\u00e1n CASTIGADOS &#8230;!!!"},"content":{"rendered":"<p>Views: 15<\/p>\n<p>.<\/p>\n\n\n\n<figure class=\"wp-block-embed is-type-video is-provider-youtube wp-block-embed-youtube wp-embed-aspect-16-9 wp-has-aspect-ratio\"><div class=\"wp-block-embed__wrapper\">\n<iframe loading=\"lazy\" title=\"Los ABORTOS Voluntarios, ya NO ser\u00e1n CASTIGADOS \u2026!!!\" width=\"640\" height=\"360\" src=\"https:\/\/www.youtube.com\/embed\/k9lOjEEKgI0?feature=oembed\" frameborder=\"0\" allow=\"accelerometer; autoplay; clipboard-write; encrypted-media; gyroscope; picture-in-picture; web-share\" referrerpolicy=\"strict-origin-when-cross-origin\" allowfullscreen><\/iframe>\n<\/div><\/figure>\n\n\n\n<p>.<\/p>\n\n\n\n<p>ILEGAL la PROHIBICI\u00d3N del Aborto Voluntario&#8230;<\/p>\n\n\n\n<p>.<\/p>\n\n\n\n<p>La <strong><mark style=\"background-color:rgba(0, 0, 0, 0);color:#020990\" class=\"has-inline-color\">Suprema Corte de Justicia<\/mark><\/strong> a trav\u00e9s de su primera sala, <strong><mark style=\"background-color:rgba(0, 0, 0, 0);color:#950606\" class=\"has-inline-color\">DETERMIN\u00d3<\/mark><\/strong> que <strong><mark style=\"background-color:#ebc55d\" class=\"has-inline-color\">PENALIZAR<\/mark><\/strong> el <strong><mark style=\"background-color:rgba(0, 0, 0, 0);color:#b30960\" class=\"has-inline-color\">aborto voluntario<\/mark><\/strong>, <span style=\"text-decoration: underline;\">ya sea que otra persona lo practique<\/span> o que la <strong>mujer<\/strong> <span style=\"text-decoration: underline;\">gestante<\/span> se lo <strong>autoprocure<\/strong>, es <strong>inconstitucional<\/strong> <strong><mark style=\"background-color:#fcb900\" class=\"has-inline-color\">ya que es anular por completo su derecho a decidir<\/mark><\/strong>.<\/p>\n\n\n\n<p>.<\/p>\n\n\n\n<p>Lo anterior se resuelve luego de conocer un asunto en el que<strong> una asociaci\u00f3n civil <\/strong>impugn\u00f3 el sistema jur\u00eddico del C\u00f3digo Penal Federal <strong>que <mark style=\"background-color:rgba(0, 0, 0, 0)\" class=\"has-inline-color has-vivid-red-color\">criminaliza<\/mark> el aborto y al personal m\u00e9dico que lo pr\u00e1ctica<\/strong>..<\/p>\n\n\n\n<p>.<\/p>\n\n\n\n<p>La justificaci\u00f3n de la <strong><strong><mark style=\"background-color:rgba(0, 0, 0, 0);color:#020990\" class=\"has-inline-color\">SCJN<\/mark><\/strong><\/strong> es que la <strong>criminalizaci\u00f3n del aborto <mark style=\"background-color:rgba(0, 0, 0, 0)\" class=\"has-inline-color has-vivid-red-color\">constituye<\/mark><\/strong> un <strong><mark style=\"background-color:#ff6900\" class=\"has-inline-color\">acto de violencia y discriminaci\u00f3n en raz\u00f3n de g\u00e9nero<\/mark><\/strong>, ya que perpet\u00faa el estereotipo de que las mujeres y las personas gestantes <strong>s\u00f3lo pueden ejercer libremente su sexualidad <\/strong>para <strong><mark style=\"background-color:rgba(0, 0, 0, 0)\" class=\"has-inline-color has-vivid-red-color\">procrear<\/mark><\/strong> y refuerza el rol de g\u00e9nero que impone la maternidad como un destino obligatorio.<\/p>\n\n\n\n<p>Adem\u00e1s <strong>tambi\u00e9n<\/strong> contempla al <strong>personal <mark style=\"background-color:rgba(0, 0, 0, 0)\" class=\"has-inline-color has-vivid-red-color\">m\u00e9dico<\/mark><\/strong> a los cuales se les <strong>impone<\/strong> la <strong><mark style=\"background-color:#fcb900\" class=\"has-inline-color\">suspensi\u00f3n del ejercicio de su profesional<\/mark><\/strong>, as\u00ed como a las comadronas y parteras que tambi\u00e9n lo practican o proporcionan ayuda para su ejecuci\u00f3n; tambi\u00e9n es <strong>ILEGAL<\/strong> CASTIGARLOS ya que genera un <strong>efecto discriminatorio<\/strong> que se traduce en una <strong>menor disponibilidad<\/strong> de profesionales capacitados y dispuestos a practicarlo, ya que esto impacta directamente en el sistema de salud.<\/p>\n\n\n\n<p>Por lo anterior a partir de ahora, <strong>las mujeres<\/strong> <strong><mark style=\"background-color:rgba(0, 0, 0, 0)\" class=\"has-inline-color has-vivid-red-color\">podr\u00e1n acudir<\/mark><\/strong> al <strong><mark style=\"background-color:#9b51e0\" class=\"has-inline-color\">IMSS, ISSSTE, PEMEX<\/mark><\/strong> y cualquier instituci\u00f3n de salud federal, donde <strong>les deber\u00e1n prestar el servicio de aborto<\/strong>.<br>.<\/p>\n\n\n\n<p>.<\/p>\n\n\n\n<p><\/p>\n\n\n\n<p>Si estas en el <strong><mark style=\"background-color:rgba(0, 0, 0, 0)\" class=\"has-inline-color has-vivid-red-color\">Extranjero <\/mark><\/strong>nosotros somos tu <strong><mark style=\"background-color:rgba(0, 0, 0, 0)\" class=\"has-inline-color has-vivid-green-cyan-color\">mejor<\/mark><\/strong> alternativa para <strong><mark style=\"background-color:rgba(0, 0, 0, 0)\" class=\"has-inline-color has-luminous-vivid-orange-color\">velar<\/mark><\/strong> por tus <strong><mark style=\"background-color:rgba(0, 0, 0, 0)\" class=\"has-inline-color has-vivid-cyan-blue-color\">intereses<\/mark><\/strong>.<\/p>\n\n\n\n<p>.<\/p>\n\n\n\n<p>Cuando<strong> necesites<\/strong> ayuda, <strong>asistencia<\/strong> o <strong>planeaci\u00f3n<\/strong> legal, <strong>solicita<\/strong> <strong>Cita Privada<\/strong> <a rel=\"noreferrer noopener\" href=\"mailto:bi@sm99.mx\" target=\"_blank\"><strong>Aqu\u00ed<\/strong><\/a><\/p>\n\n\n\n<p>La informaci\u00f3n que AQU\u00cd te presentamos <strong>deriva<\/strong> de los <strong>Peri\u00f3dicos Oficiales <\/strong>de la<strong> CdMx<\/strong>, <strong>Estado<\/strong> de Mex., Diario <strong>Oficial<\/strong> de la Federaci\u00f3n, Suprema Corte de<strong> Justicia<\/strong> de la Naci\u00f3n, por lo tanto es de <strong>aplicaci\u00f3n OBLIGATORIA<\/strong><\/p>\n\n\n\n<p>La informaci\u00f3n de hoy procede de la Gaceta del EdoMex.<\/p>\n\n\n\n<p>.<\/p>\n\n\n\n<p><strong><mark style=\"background-color:rgba(0, 0, 0, 0)\" class=\"has-inline-color has-luminous-vivid-orange-color\">AY\u00daDANOS<\/mark><\/strong> para que m\u00e1s personas conozcan esta informaci\u00f3n, <strong>Comp\u00e1rtelo<\/strong> en tus redes sociales. ?<\/p>\n","protected":false},"excerpt":{"rendered":"<p>Views: 15 . . ILEGAL la PROHIBICI\u00d3N del Aborto Voluntario&#8230; . La Suprema Corte de Justicia a trav\u00e9s de su primera sala, DETERMIN\u00d3 que PENALIZAR el aborto voluntario, ya sea que otra persona lo practique o que la mujer gestante se lo autoprocure, es inconstitucional ya que es anular por completo su derecho a decidir. [&hellip;]<\/p>\n","protected":false},"author":3,"featured_media":24132,"comment_status":"closed","ping_status":"open","sticky":false,"template":"","format":"standard","meta":{"_jetpack_memberships_contains_paid_content":false,"footnotes":""},"categories":[4],"tags":[],"jetpack_sharing_enabled":true,"jetpack_featured_media_url":"https:\/\/www.salgadonoticias.com\/wp-content\/uploads\/2023\/09\/aborto-legal-en-Mexico.jpeg","_links":{"self":[{"href":"https:\/\/www.salgadonoticias.com\/index.php?rest_route=\/wp\/v2\/posts\/24131"}],"collection":[{"href":"https:\/\/www.salgadonoticias.com\/index.php?rest_route=\/wp\/v2\/posts"}],"about":[{"href":"https:\/\/www.salgadonoticias.com\/index.php?rest_route=\/wp\/v2\/types\/post"}],"author":[{"embeddable":true,"href":"https:\/\/www.salgadonoticias.com\/index.php?rest_route=\/wp\/v2\/users\/3"}],"replies":[{"embeddable":true,"href":"https:\/\/www.salgadonoticias.com\/index.php?rest_route=%2Fwp%2Fv2%2Fcomments&post=24131"}],"version-history":[{"count":9,"href":"https:\/\/www.salgadonoticias.com\/index.php?rest_route=\/wp\/v2\/posts\/24131\/revisions"}],"predecessor-version":[{"id":24181,"href":"https:\/\/www.salgadonoticias.com\/index.php?rest_route=\/wp\/v2\/posts\/24131\/revisions\/24181"}],"wp:featuredmedia":[{"embeddable":true,"href":"https:\/\/www.salgadonoticias.com\/index.php?rest_route=\/wp\/v2\/media\/24132"}],"wp:attachment":[{"href":"https:\/\/www.salgadonoticias.com\/index.php?rest_route=%2Fwp%2Fv2%2Fmedia&parent=24131"}],"wp:term":[{"taxonomy":"category","embeddable":true,"href":"https:\/\/www.salgadonoticias.com\/index.php?rest_route=%2Fwp%2Fv2%2Fcategories&post=24131"},{"taxonomy":"post_tag","embeddable":true,"href":"https:\/\/www.salgadonoticias.com\/index.php?rest_route=%2Fwp%2Fv2%2Ftags&post=24131"}],"curies":[{"name":"wp","href":"https:\/\/api.w.org\/{rel}","templated":true}]}}