{"id":24162,"date":"2023-09-10T08:30:00","date_gmt":"2023-09-10T13:30:00","guid":{"rendered":"http:\/\/www.salgadonoticias.com\/?p=24162"},"modified":"2023-09-08T16:33:09","modified_gmt":"2023-09-08T21:33:09","slug":"24162","status":"publish","type":"post","link":"https:\/\/www.salgadonoticias.com\/?p=24162","title":{"rendered":"36 Nuevos Conciliadores Laborales&#8230;!!!"},"content":{"rendered":"<p>Views: 16<\/p>\n<p>.<\/p>\n\n\n\n<p>El Centro Federal de Conciliaci\u00f3n y Registro Laboral, publica en el Diario Oficial los n\u00fameros de <strong><mark style=\"background-color:#fcb900\" class=\"has-inline-color\">folio<\/mark><\/strong> de las <strong>personas<\/strong> que <strong>ocuparan<\/strong> los <strong>puestos<\/strong> de <strong><mark style=\"background-color:rgba(0, 0, 0, 0);color:#9b0101\" class=\"has-inline-color\">&#8220;Conciliador&#8221;<\/mark><\/strong> en <strong>diferentes regiones del pa\u00eds.<\/strong><\/p>\n\n\n\n<p>As\u00ed aparece el listado:<\/p>\n\n\n\n<figure class=\"wp-block-image size-full\"><a href=\"http:\/\/www.salgadonoticias.com\/wp-content\/uploads\/2023\/09\/image.png\"><img loading=\"lazy\" decoding=\"async\" width=\"719\" height=\"515\" src=\"http:\/\/www.salgadonoticias.com\/wp-content\/uploads\/2023\/09\/image.png\" alt=\"\" class=\"wp-image-24166\" srcset=\"https:\/\/www.salgadonoticias.com\/wp-content\/uploads\/2023\/09\/image.png 719w, https:\/\/www.salgadonoticias.com\/wp-content\/uploads\/2023\/09\/image-300x215.png 300w\" sizes=\"(max-width: 719px) 100vw, 719px\" \/><\/a><\/figure>\n\n\n\n<p>.<\/p>\n\n\n\n<p>Da click aqu\u00ed? para ver el listado completo de los folios.<\/p>\n\n\n\n<p><a href=\"https:\/\/www.dof.gob.mx\/nota_detalle.php?codigo=5701117&amp;fecha=07\/09\/2023#gsc.tab=0\">https:\/\/www.dof.gob.mx\/nota_detalle.php?codigo=5701117&amp;fecha=07\/09\/2023#gsc.tab=0<\/a><\/p>\n\n\n\n<p><\/p>\n\n\n\n<p>.<\/p>\n\n\n\n<p>Si estas en el <strong><mark style=\"background-color:rgba(0, 0, 0, 0)\" class=\"has-inline-color has-vivid-red-color\">Extranjero <\/mark><\/strong>nosotros somos tu <strong><mark style=\"background-color:rgba(0, 0, 0, 0)\" class=\"has-inline-color has-vivid-green-cyan-color\">mejor<\/mark><\/strong> alternativa para <strong><mark style=\"background-color:rgba(0, 0, 0, 0)\" class=\"has-inline-color has-luminous-vivid-orange-color\">velar<\/mark><\/strong> por tus <strong><mark style=\"background-color:rgba(0, 0, 0, 0)\" class=\"has-inline-color has-vivid-cyan-blue-color\">intereses<\/mark><\/strong>.<\/p>\n\n\n\n<p>.<\/p>\n\n\n\n<p>Cuando<strong> necesites<\/strong> ayuda, <strong>asistencia<\/strong> o <strong>planeaci\u00f3n<\/strong> legal, <strong>solicita<\/strong> <strong>Cita Privada<\/strong> <a rel=\"noreferrer noopener\" href=\"mailto:bi@sm99.mx\" target=\"_blank\"><strong>Aqu\u00ed<\/strong><\/a><\/p>\n\n\n\n<p>La informaci\u00f3n que AQU\u00cd te presentamos <strong>deriva<\/strong> de los <strong>Peri\u00f3dicos Oficiales <\/strong>de la<strong> CdMx<\/strong>, <strong>Estado<\/strong> de Mex., Diario <strong>Oficial<\/strong> de la Federaci\u00f3n, Suprema Corte de<strong> Justicia<\/strong> de la Naci\u00f3n, por lo tanto es de <strong>aplicaci\u00f3n OBLIGATORIA<\/strong><\/p>\n\n\n\n<p>La <strong>informaci\u00f3n<\/strong> de hoy procede del Diario Oficial<\/p>\n\n\n\n<p><strong><mark style=\"background-color:rgba(0, 0, 0, 0)\" class=\"has-inline-color has-luminous-vivid-orange-color\">AY\u00daDANOS<\/mark><\/strong> para que m\u00e1s personas conozcan esta informaci\u00f3n, <strong>Comp\u00e1rtelo<\/strong> en tus redes sociales. ?<\/p>\n\n\n\n<p><\/p>\n","protected":false},"excerpt":{"rendered":"<p>Views: 16 . El Centro Federal de Conciliaci\u00f3n y Registro Laboral, publica en el Diario Oficial los n\u00fameros de folio de las personas que ocuparan los puestos de &#8220;Conciliador&#8221; en diferentes regiones del pa\u00eds. As\u00ed aparece el listado: . Da click aqu\u00ed? para ver el listado completo de los folios. https:\/\/www.dof.gob.mx\/nota_detalle.php?codigo=5701117&amp;fecha=07\/09\/2023#gsc.tab=0 . Si estas en [&hellip;]<\/p>\n","protected":false},"author":3,"featured_media":24164,"comment_status":"closed","ping_status":"open","sticky":false,"template":"","format":"standard","meta":{"_jetpack_memberships_contains_paid_content":false,"footnotes":""},"categories":[4],"tags":[],"jetpack_sharing_enabled":true,"jetpack_featured_media_url":"https:\/\/www.salgadonoticias.com\/wp-content\/uploads\/2023\/09\/centro-1.jpeg","_links":{"self":[{"href":"https:\/\/www.salgadonoticias.com\/index.php?rest_route=\/wp\/v2\/posts\/24162"}],"collection":[{"href":"https:\/\/www.salgadonoticias.com\/index.php?rest_route=\/wp\/v2\/posts"}],"about":[{"href":"https:\/\/www.salgadonoticias.com\/index.php?rest_route=\/wp\/v2\/types\/post"}],"author":[{"embeddable":true,"href":"https:\/\/www.salgadonoticias.com\/index.php?rest_route=\/wp\/v2\/users\/3"}],"replies":[{"embeddable":true,"href":"https:\/\/www.salgadonoticias.com\/index.php?rest_route=%2Fwp%2Fv2%2Fcomments&post=24162"}],"version-history":[{"count":3,"href":"https:\/\/www.salgadonoticias.com\/index.php?rest_route=\/wp\/v2\/posts\/24162\/revisions"}],"predecessor-version":[{"id":24168,"href":"https:\/\/www.salgadonoticias.com\/index.php?rest_route=\/wp\/v2\/posts\/24162\/revisions\/24168"}],"wp:featuredmedia":[{"embeddable":true,"href":"https:\/\/www.salgadonoticias.com\/index.php?rest_route=\/wp\/v2\/media\/24164"}],"wp:attachment":[{"href":"https:\/\/www.salgadonoticias.com\/index.php?rest_route=%2Fwp%2Fv2%2Fmedia&parent=24162"}],"wp:term":[{"taxonomy":"category","embeddable":true,"href":"https:\/\/www.salgadonoticias.com\/index.php?rest_route=%2Fwp%2Fv2%2Fcategories&post=24162"},{"taxonomy":"post_tag","embeddable":true,"href":"https:\/\/www.salgadonoticias.com\/index.php?rest_route=%2Fwp%2Fv2%2Ftags&post=24162"}],"curies":[{"name":"wp","href":"https:\/\/api.w.org\/{rel}","templated":true}]}}