{"id":24355,"date":"2023-09-21T00:30:00","date_gmt":"2023-09-21T05:30:00","guid":{"rendered":"http:\/\/www.salgadonoticias.com\/?p=24355"},"modified":"2023-09-21T11:52:38","modified_gmt":"2023-09-21T16:52:38","slug":"nva-nom-sobre-senalizacion-y-dispositivos-viales-en-calles-y-carreteras-del-pais","status":"publish","type":"post","link":"https:\/\/www.salgadonoticias.com\/?p=24355","title":{"rendered":"Nueva NOM sobre Se\u00f1alizaci\u00f3n y Dispositivos Viales en Calles y Carreteras del Pa\u00eds &#8230;!!!"},"content":{"rendered":"<p>Views: 20<\/p>\n<p>.<\/p>\n\n\n\n<figure class=\"wp-block-embed is-type-video is-provider-youtube wp-block-embed-youtube wp-embed-aspect-16-9 wp-has-aspect-ratio\"><div class=\"wp-block-embed__wrapper\">\n<iframe loading=\"lazy\" title=\"Nueva NOM sobre Se\u00f1alizaci\u00f3n y Dispositivos Viales en Calles y Carreteras del Pa\u00eds \u2026!!!\" width=\"640\" height=\"360\" src=\"https:\/\/www.youtube.com\/embed\/S-lmEfHQGfo?feature=oembed\" frameborder=\"0\" allow=\"accelerometer; autoplay; clipboard-write; encrypted-media; gyroscope; picture-in-picture; web-share\" referrerpolicy=\"strict-origin-when-cross-origin\" allowfullscreen><\/iframe>\n<\/div><\/figure>\n\n\n\n<p>.<\/p>\n\n\n\n<p>Se emite la <strong>Norma Oficial Mexicana <mark style=\"background-color:rgba(0, 0, 0, 0);color:#ab0b0b\" class=\"has-inline-color\">NOM-034-SCT2\/Sedatu-2022<\/mark><\/strong>, por las Secretar\u00edas de Desarrollo Agrario, Territorial y Urbano; y de Infraestructura, Comunicaciones y Transportes (SICT), en ella se establecen los <strong><mark style=\"background-color:rgba(0, 0, 0, 0)\" class=\"has-inline-color has-vivid-red-color\">requisitos generales <\/mark><\/strong>para <strong><mark style=\"background-color:#ff6900\" class=\"has-inline-color\">dise\u00f1ar e implementar la se\u00f1alizaci\u00f3n y los dispositivos viales de forma m\u00e1s segura en calles y carreteras federales, estatales y municipales del pa\u00eds<\/mark><\/strong>.<\/p>\n\n\n\n<p>.<\/p>\n\n\n\n<p>El <strong><mark style=\"background-color:rgba(0, 0, 0, 0)\" class=\"has-inline-color has-luminous-vivid-orange-color\">objetivo<\/mark><\/strong> de dicha <strong>NOM<\/strong> es que la <mark style=\"background-color:#a3f7d5\" class=\"has-inline-color\"><strong>se\u00f1alizaci\u00f3n y dispositivos viales<\/strong> sean de <strong>AYUDA<\/strong><\/mark> para que las y los <strong><mark style=\"background-color:rgba(0, 0, 0, 0);color:#d0117f\" class=\"has-inline-color\">peatones, conductores y pasajeros<\/mark><\/strong> de todo tipo de <strong>veh\u00edculos<\/strong> <strong><mark style=\"background-color:#f5dd99\" class=\"has-inline-color\">transiten de forma segura<\/mark><\/strong>; en ella se incluye caracter\u00edsticas para <strong>COLOCAR<\/strong> las <span style=\"text-decoration: underline;\"><strong>marcas<\/strong><\/span> sobre el <strong><mark style=\"background-color:#e9b9c5\" class=\"has-inline-color\">pavimento, delimitar, confinar y proteger<\/mark> \u00e1reas de <mark style=\"background-color:rgba(0, 0, 0, 0);color:#071d98\" class=\"has-inline-color\">circulaci\u00f3n peatonal y vehicular<\/mark>; especificaciones para sem\u00e1foros y parqu\u00edmetros<\/strong>.<\/p>\n\n\n\n<p>.<\/p>\n\n\n\n<p>La NOM es de aplicaci\u00f3n <strong>obligatoria <\/strong>en todas las <strong>calles y carreteras del pa\u00eds<\/strong> y entra en <strong>vigor<\/strong> a partir del <strong>20 de noviembre<\/strong> del presente, <strong>cancelando<\/strong> y sustituyendo a <strong>la NOM-034-SCT2-2011<\/strong>.<\/p>\n\n\n\n<p>Da click aqu\u00ed para ver la NOM completa..<\/p>\n\n\n\n<p><a href=\"https:\/\/www.dof.gob.mx\/nota_detalle.php?codigo=5702233&amp;fecha=19\/09\/2023#gsc.tab=0\">https:\/\/www.dof.gob.mx\/nota_detalle.php?codigo=5702233&amp;fecha=19\/09\/2023#gsc.tab=0<\/a><\/p>\n\n\n\n<p>.<\/p>\n\n\n\n<p>.<\/p>\n\n\n\n<p><\/p>\n\n\n\n<p>Si estas en el <strong><mark style=\"background-color:rgba(0, 0, 0, 0)\" class=\"has-inline-color has-vivid-red-color\">Extranjero <\/mark><\/strong>nosotros somos tu <strong><mark style=\"background-color:rgba(0, 0, 0, 0)\" class=\"has-inline-color has-vivid-green-cyan-color\">mejor<\/mark><\/strong> alternativa para <strong><mark style=\"background-color:rgba(0, 0, 0, 0)\" class=\"has-inline-color has-luminous-vivid-orange-color\">velar<\/mark><\/strong> por tus <strong><mark style=\"background-color:rgba(0, 0, 0, 0)\" class=\"has-inline-color has-vivid-cyan-blue-color\">intereses<\/mark><\/strong>.<\/p>\n\n\n\n<p>.<\/p>\n\n\n\n<p>Cuando<strong> necesites<\/strong> ayuda, <strong>asistencia<\/strong> o <strong>planeaci\u00f3n<\/strong> legal, <strong>solicita<\/strong> <strong>Cita Privada<\/strong> <a rel=\"noreferrer noopener\" href=\"mailto:bi@sm99.mx\" target=\"_blank\"><strong>Aqu\u00ed<\/strong><\/a><\/p>\n\n\n\n<p>La informaci\u00f3n que AQU\u00cd te presentamos <strong>deriva<\/strong> de los <strong>Peri\u00f3dicos Oficiales <\/strong>de la<strong> CdMx<\/strong>, <strong>Estado<\/strong> de Mex., Diario <strong>Oficial<\/strong> de la Federaci\u00f3n, Suprema Corte de<strong> Justicia<\/strong> de la Naci\u00f3n, por lo tanto es de <strong>aplicaci\u00f3n OBLIGATORIA<\/strong><\/p>\n\n\n\n<p>La <strong>informaci\u00f3n<\/strong> de hoy procede del Diario Oficial<\/p>\n\n\n\n<p><strong><mark style=\"background-color:rgba(0, 0, 0, 0)\" class=\"has-inline-color has-luminous-vivid-orange-color\">AY\u00daDANOS<\/mark><\/strong> para que m\u00e1s personas conozcan esta informaci\u00f3n, <strong>Comp\u00e1rtelo<\/strong> en tus redes sociales. ?<\/p>\n\n\n\n<p><\/p>\n","protected":false},"excerpt":{"rendered":"<p>Views: 20 . . Se emite la Norma Oficial Mexicana NOM-034-SCT2\/Sedatu-2022, por las Secretar\u00edas de Desarrollo Agrario, Territorial y Urbano; y de Infraestructura, Comunicaciones y Transportes (SICT), en ella se establecen los requisitos generales para dise\u00f1ar e implementar la se\u00f1alizaci\u00f3n y los dispositivos viales de forma m\u00e1s segura en calles y carreteras federales, estatales y [&hellip;]<\/p>\n","protected":false},"author":3,"featured_media":24357,"comment_status":"closed","ping_status":"open","sticky":false,"template":"","format":"standard","meta":{"_jetpack_memberships_contains_paid_content":false,"footnotes":""},"categories":[4],"tags":[],"jetpack_sharing_enabled":true,"jetpack_featured_media_url":"https:\/\/www.salgadonoticias.com\/wp-content\/uploads\/2023\/09\/senalizacion.webp","_links":{"self":[{"href":"https:\/\/www.salgadonoticias.com\/index.php?rest_route=\/wp\/v2\/posts\/24355"}],"collection":[{"href":"https:\/\/www.salgadonoticias.com\/index.php?rest_route=\/wp\/v2\/posts"}],"about":[{"href":"https:\/\/www.salgadonoticias.com\/index.php?rest_route=\/wp\/v2\/types\/post"}],"author":[{"embeddable":true,"href":"https:\/\/www.salgadonoticias.com\/index.php?rest_route=\/wp\/v2\/users\/3"}],"replies":[{"embeddable":true,"href":"https:\/\/www.salgadonoticias.com\/index.php?rest_route=%2Fwp%2Fv2%2Fcomments&post=24355"}],"version-history":[{"count":7,"href":"https:\/\/www.salgadonoticias.com\/index.php?rest_route=\/wp\/v2\/posts\/24355\/revisions"}],"predecessor-version":[{"id":24394,"href":"https:\/\/www.salgadonoticias.com\/index.php?rest_route=\/wp\/v2\/posts\/24355\/revisions\/24394"}],"wp:featuredmedia":[{"embeddable":true,"href":"https:\/\/www.salgadonoticias.com\/index.php?rest_route=\/wp\/v2\/media\/24357"}],"wp:attachment":[{"href":"https:\/\/www.salgadonoticias.com\/index.php?rest_route=%2Fwp%2Fv2%2Fmedia&parent=24355"}],"wp:term":[{"taxonomy":"category","embeddable":true,"href":"https:\/\/www.salgadonoticias.com\/index.php?rest_route=%2Fwp%2Fv2%2Fcategories&post=24355"},{"taxonomy":"post_tag","embeddable":true,"href":"https:\/\/www.salgadonoticias.com\/index.php?rest_route=%2Fwp%2Fv2%2Ftags&post=24355"}],"curies":[{"name":"wp","href":"https:\/\/api.w.org\/{rel}","templated":true}]}}