{"id":24410,"date":"2023-09-25T00:18:00","date_gmt":"2023-09-25T05:18:00","guid":{"rendered":"http:\/\/www.salgadonoticias.com\/?p=24410"},"modified":"2023-09-25T18:39:00","modified_gmt":"2023-09-25T23:39:00","slug":"24410","status":"publish","type":"post","link":"https:\/\/www.salgadonoticias.com\/?p=24410","title":{"rendered":"Empiezan SANCIONES a Motociclistas\u2026!!!"},"content":{"rendered":"<p>Views: 17<\/p>\n<p>.<\/p>\n\n\n\n<figure class=\"wp-block-embed is-type-video is-provider-youtube wp-block-embed-youtube wp-embed-aspect-16-9 wp-has-aspect-ratio\"><div class=\"wp-block-embed__wrapper\">\n<iframe loading=\"lazy\" title=\"Empiezan SANCIONES a MOTOCICLISTAS en CDMX \u2026!!!\" width=\"640\" height=\"360\" src=\"https:\/\/www.youtube.com\/embed\/nq71mbLG4ZQ?feature=oembed\" frameborder=\"0\" allow=\"accelerometer; autoplay; clipboard-write; encrypted-media; gyroscope; picture-in-picture; web-share\" referrerpolicy=\"strict-origin-when-cross-origin\" allowfullscreen><\/iframe>\n<\/div><\/figure>\n\n\n\n<p>.<\/p>\n\n\n\n<p>Si pens\u00e1bamos que a\u00fan falta tiempo para la entrada en vigor de las <strong>duras SANCIONES <\/strong>para los motociclistas d\u00e9jame contarte que estas ya est\u00e1n vigentes, as\u00ed que te recordamos en qu\u00e9 consisten:<\/p>\n\n\n\n<p><mark style=\"background-color:rgba(0, 0, 0, 0);color:#1b07e3\" class=\"has-inline-color\"> <strong>Faltas<\/strong>:<\/mark><\/p>\n\n\n\n<ul>\n<li><strong><mark style=\"background-color:rgba(0, 0, 0, 0);color:#e31d07\" class=\"has-inline-color\">Transportar a menores de 12 a\u00f1os<\/mark><\/strong><\/li>\n\n\n\n<li><strong><mark style=\"background-color:rgba(0, 0, 0, 0);color:#976f01\" class=\"has-inline-color\">No usar casco durante sus trayectos<\/mark><\/strong><\/li>\n\n\n\n<li><strong><mark style=\"background-color:rgba(0, 0, 0, 0);color:#096aa3\" class=\"has-inline-color\">Transporten a m\u00e1s personas de las permitidas en una motocicleta<\/mark><\/strong><\/li>\n\n\n\n<li><mark style=\"background-color:rgba(0, 0, 0, 0);color:#043342\" class=\"has-inline-color\"><strong>Conduzcan SIN LICENCIA \u201cVIGENTE\u201d<\/strong> (Tipo A1 &#8211; A2)<\/mark><\/li>\n\n\n\n<li><strong><mark style=\"background-color:rgba(0, 0, 0, 0);color:#86061c\" class=\"has-inline-color\">Circular SIN placas<\/mark><\/strong><\/li>\n\n\n\n<li><strong><mark style=\"background-color:rgba(0, 0, 0, 0);color:#05734b\" class=\"has-inline-color\">Si el conductor es menor de edad<\/mark><\/strong><\/li>\n<\/ul>\n\n\n\n<p class=\"has-medium-font-size\"><strong><mark style=\"background-color:rgba(0, 0, 0, 0);color:#960505\" class=\"has-inline-color\">Sanciones:<\/mark><\/strong><\/p>\n\n\n\n<ul>\n<li class=\"has-medium-font-size\"><strong><mark style=\"background-color:#efc246\" class=\"has-inline-color\">CORRALON<\/mark><\/strong><\/li>\n\n\n\n<li class=\"has-medium-font-size\"><span style=\"text-decoration: underline;\"><mark style=\"background-color:#89f0c7\" class=\"has-inline-color\"><strong>Multas<\/strong>&nbsp;equivalentes a <strong>20, 25, 30, 40 o 50<\/strong> veces la UMA vigente<\/mark><\/span><\/li>\n\n\n\n<li class=\"has-medium-font-size\"><mark style=\"background-color:#f6a2b7\" class=\"has-inline-color\">Se <strong>restar\u00e1n<\/strong> de <strong>3 a 6<\/strong> puntos a las licencias de conducir.\u00a0<\/mark><\/li>\n<\/ul>\n\n\n\n<p>.<\/p>\n\n\n\n<p>OTRAS <strong><mark style=\"background-color:rgba(0, 0, 0, 0)\" class=\"has-inline-color has-luminous-vivid-orange-color\">obligaciones<\/mark><\/strong> de los motociclistas adem\u00e1s de las ya especificadas son:<\/p>\n\n\n\n<ul>\n<li><strong>Circular permanentemente con las luces traseras y delanteras encendidas,<\/strong><\/li>\n\n\n\n<li><strong>Utilizar bandas reflejantes o aditamentos luminosos en la noche.<\/strong><\/li>\n\n\n\n<li><strong>Preferentemente, llevar consigo visores, chamarras, petos y otros accesorios de protecci\u00f3n dise\u00f1ados especialmente para circular en moto.<\/strong><\/li>\n\n\n\n<li><strong>Los Cascos deben cumplir las especificaciones marcadas en el reglamento.<\/strong><\/li>\n<\/ul>\n\n\n\n<p>.<\/p>\n\n\n\n<p>Da click para ver las reformas completas al Reglamento de Tr\u00e1nsito.<\/p>\n\n\n\n<p><a href=\"https:\/\/data.consejeria.cdmx.gob.mx\/portal_old\/uploads\/gacetas\/fe3cf24ff979ec8e92f45050f4afec79.pdf\">https:\/\/data.consejeria.cdmx.gob.mx\/portal_old\/uploads\/gacetas\/fe3cf24ff979ec8e92f45050f4afec79.pdf<\/a><\/p>\n\n\n\n<p>.<\/p>\n\n\n\n<p>.<\/p>\n\n\n\n<p>Si estas en el <strong><mark style=\"background-color:rgba(0, 0, 0, 0)\" class=\"has-inline-color has-vivid-red-color\">Extranjero <\/mark><\/strong>nosotros somos tu <strong><mark style=\"background-color:rgba(0, 0, 0, 0)\" class=\"has-inline-color has-vivid-green-cyan-color\">mejor<\/mark><\/strong> alternativa para <strong><mark style=\"background-color:rgba(0, 0, 0, 0)\" class=\"has-inline-color has-luminous-vivid-orange-color\">velar<\/mark><\/strong> por tus <strong><mark style=\"background-color:rgba(0, 0, 0, 0)\" class=\"has-inline-color has-vivid-cyan-blue-color\">intereses<\/mark><\/strong>.<\/p>\n\n\n\n<p>.<\/p>\n\n\n\n<p>Cuando<strong> necesites<\/strong> ayuda, <strong>asistencia<\/strong> o <strong>planeaci\u00f3n<\/strong> legal, <strong>solicita<\/strong> <strong>Cita Privada<\/strong> <a rel=\"noreferrer noopener\" href=\"mailto:bi@sm99.mx\" target=\"_blank\"><strong>Aqu\u00ed<\/strong><\/a><\/p>\n\n\n\n<p>La informaci\u00f3n que AQU\u00cd te presentamos <strong>deriva<\/strong> de los <strong>Peri\u00f3dicos Oficiales <\/strong>de la<strong> CdMx<\/strong>, <strong>Estado<\/strong> de Mex., Diario <strong>Oficial<\/strong> de la Federaci\u00f3n, Suprema Corte de<strong> Justicia<\/strong> de la Naci\u00f3n, por lo tanto es de <strong>aplicaci\u00f3n OBLIGATORIA<\/strong><\/p>\n\n\n\n<p>La <strong>informaci\u00f3n<\/strong> de hoy procede de la Gaceta de la CdMx.<\/p>\n\n\n\n<p><strong><mark style=\"background-color:rgba(0, 0, 0, 0)\" class=\"has-inline-color has-luminous-vivid-orange-color\">AY\u00daDANOS<\/mark><\/strong> para que m\u00e1s personas conozcan esta informaci\u00f3n, <strong>Comp\u00e1rtelo<\/strong> en tus redes sociales. ?<\/p>\n\n\n\n<p><\/p>\n","protected":false},"excerpt":{"rendered":"<p>Views: 17 . . Si pens\u00e1bamos que a\u00fan falta tiempo para la entrada en vigor de las duras SANCIONES para los motociclistas d\u00e9jame contarte que estas ya est\u00e1n vigentes, as\u00ed que te recordamos en qu\u00e9 consisten: Faltas: Sanciones: . OTRAS obligaciones de los motociclistas adem\u00e1s de las ya especificadas son: . Da click para ver [&hellip;]<\/p>\n","protected":false},"author":3,"featured_media":24414,"comment_status":"closed","ping_status":"open","sticky":false,"template":"","format":"standard","meta":{"_jetpack_memberships_contains_paid_content":false,"footnotes":""},"categories":[7],"tags":[],"jetpack_sharing_enabled":true,"jetpack_featured_media_url":"https:\/\/www.salgadonoticias.com\/wp-content\/uploads\/2023\/09\/motos.webp","_links":{"self":[{"href":"https:\/\/www.salgadonoticias.com\/index.php?rest_route=\/wp\/v2\/posts\/24410"}],"collection":[{"href":"https:\/\/www.salgadonoticias.com\/index.php?rest_route=\/wp\/v2\/posts"}],"about":[{"href":"https:\/\/www.salgadonoticias.com\/index.php?rest_route=\/wp\/v2\/types\/post"}],"author":[{"embeddable":true,"href":"https:\/\/www.salgadonoticias.com\/index.php?rest_route=\/wp\/v2\/users\/3"}],"replies":[{"embeddable":true,"href":"https:\/\/www.salgadonoticias.com\/index.php?rest_route=%2Fwp%2Fv2%2Fcomments&post=24410"}],"version-history":[{"count":14,"href":"https:\/\/www.salgadonoticias.com\/index.php?rest_route=\/wp\/v2\/posts\/24410\/revisions"}],"predecessor-version":[{"id":24458,"href":"https:\/\/www.salgadonoticias.com\/index.php?rest_route=\/wp\/v2\/posts\/24410\/revisions\/24458"}],"wp:featuredmedia":[{"embeddable":true,"href":"https:\/\/www.salgadonoticias.com\/index.php?rest_route=\/wp\/v2\/media\/24414"}],"wp:attachment":[{"href":"https:\/\/www.salgadonoticias.com\/index.php?rest_route=%2Fwp%2Fv2%2Fmedia&parent=24410"}],"wp:term":[{"taxonomy":"category","embeddable":true,"href":"https:\/\/www.salgadonoticias.com\/index.php?rest_route=%2Fwp%2Fv2%2Fcategories&post=24410"},{"taxonomy":"post_tag","embeddable":true,"href":"https:\/\/www.salgadonoticias.com\/index.php?rest_route=%2Fwp%2Fv2%2Ftags&post=24410"}],"curies":[{"name":"wp","href":"https:\/\/api.w.org\/{rel}","templated":true}]}}