{"id":24446,"date":"2023-09-27T00:30:00","date_gmt":"2023-09-27T05:30:00","guid":{"rendered":"http:\/\/www.salgadonoticias.com\/?p=24446"},"modified":"2023-09-27T16:48:59","modified_gmt":"2023-09-27T21:48:59","slug":"24446","status":"publish","type":"post","link":"https:\/\/www.salgadonoticias.com\/?p=24446","title":{"rendered":"NIETOS tienen Derecho a Pensi\u00f3n por ORFANDAD de los Abuelos&#8230;!!!"},"content":{"rendered":"<p>Views: 21<\/p>\n<p>.<\/p>\n\n\n\n<figure class=\"wp-block-embed is-type-video is-provider-youtube wp-block-embed-youtube wp-embed-aspect-16-9 wp-has-aspect-ratio\"><div class=\"wp-block-embed__wrapper\">\n<iframe loading=\"lazy\" title=\"Nietos Tienen derecho a Pensi\u00f3n de los Abuelos por ORFANDAD \u2026!!!\" width=\"640\" height=\"360\" src=\"https:\/\/www.youtube.com\/embed\/WcVxRM2EKv4?feature=oembed\" frameborder=\"0\" allow=\"accelerometer; autoplay; clipboard-write; encrypted-media; gyroscope; picture-in-picture; web-share\" referrerpolicy=\"strict-origin-when-cross-origin\" allowfullscreen><\/iframe>\n<\/div><\/figure>\n\n\n\n<p>.<\/p>\n\n\n\n<p>El ANTECEDENTE:<\/p>\n\n\n\n<p>Surge luego de que el <span style=\"text-decoration: underline;\">ISSSTE<\/span> le <strong>negar\u00e1<\/strong> a un adolescente la <strong>pensi\u00f3n por orfandad<\/strong> derivada de la <strong>muerte de su abuela <\/strong>de quien <strong>depend\u00eda <mark style=\"background-color:rgba(0, 0, 0, 0)\" class=\"has-inline-color has-vivid-red-color\">econ\u00f3micamente<\/mark><\/strong> desde su ni\u00f1ez y ejerc\u00eda su patria potestad a su favor, a falta de sus padres, la instituci\u00f3n consider\u00f3 que no acredit\u00f3 el v\u00ednculo de filiaci\u00f3n con la entonces trabajadora. <\/p>\n\n\n\n<p>Por lo que el peticionario promovi\u00f3 juicio de amparo indirecto en el que reclam\u00f3 tal decisi\u00f3n.<\/p>\n\n\n\n<p>.<\/p>\n\n\n\n<p>La <strong><mark style=\"background-color:rgba(0, 0, 0, 0);color:#020fa0\" class=\"has-inline-color\">Suprema Corte de Justicia<\/mark>, <\/strong>por conducto de su Segunda sala, <strong><mark style=\"background-color:rgba(0, 0, 0, 0);color:#900808\" class=\"has-inline-color\">DETERMIN\u00d3<\/mark><\/strong> que procede <strong><mark style=\"background-color:#a8f1d4\" class=\"has-inline-color\">OTORGAR<\/mark><\/strong> a <strong><mark style=\"background-color:#fec62c\" class=\"has-inline-color\">Nietos la Pensi\u00f3n por Orfandad<\/mark><\/strong> <strong><mark style=\"background-color:rgba(0, 0, 0, 0)\" class=\"has-inline-color has-vivid-red-color\">tras el fallecimiento de sus abuelos<\/mark><\/strong>, esto <strong>siempre<\/strong> que ellos hayan <strong>asumido las obligaciones legales<\/strong> correspondiente <strong>como<\/strong> los <strong>padres<\/strong>, debido a que en ese sentido su <strong><mark style=\"background-color:rgba(0, 0, 0, 0);color:#b60505\" class=\"has-inline-color\">nieto se equipara a un hijo<\/mark><\/strong>, pues el v\u00ednculo jur\u00eddico entre ellos fue reconocido legalmente.<\/p>\n\n\n\n<p>.<\/p>\n\n\n\n<p>La justificaci\u00f3n de la <mark style=\"background-color:rgba(0, 0, 0, 0);color:#062098\" class=\"has-inline-color\"><strong>SCJN<\/strong><\/mark> es que los art\u00edculos os art\u00edculos 75 de la Ley del ISSSTE (abrogada) y 36 del Reglamento para el Otorgamiento de Pensiones de los Trabajadores ISSSTE tienen una <strong>finalidad<\/strong> constitucionalmente <strong>imperiosa<\/strong> establecida en el art\u00edculo 123 de la Constituci\u00f3n Pol\u00edtica ya que, por regla general, en materia de <strong>seguridad social<\/strong> \u00daNICAMENTE los <strong>hijos<\/strong> son <strong>beneficiarios<\/strong> de la <strong>pensi\u00f3n por orfandad<\/strong>, toda vez que el objetivo de este derecho es <strong><mark style=\"background-color:#ff6900\" class=\"has-inline-color\">proteger al n\u00facleo familiar<\/mark><\/strong>.<\/p>\n\n\n\n<p><\/p>\n\n\n\n<p>N<strong>o obstante<\/strong>, atendiendo a la realidad social, los <strong>nietos sujetos a <mark style=\"background-color:rgba(0, 0, 0, 0)\" class=\"has-inline-color has-vivid-red-color\">patria potestad<\/mark> se equiparan a los hijos<\/strong>, aunque no exista un v\u00ednculo paterno-filial, en los casos en que la <strong>abuela trabajadora act\u00fae como madre del infante asumiendo las obligaciones y los deberes legales<\/strong> que les corresponden a los padres, derivado del ejercicio de la patria potestad de su nieto <strong>otorgado<\/strong> en un diverso <strong>juicio familiar<\/strong>, cuando la <strong>dependencia econ\u00f3mica<\/strong> recaiga directamente en ella. <\/p>\n\n\n\n<p><\/p>\n\n\n\n<p>Con esta Interpretaci\u00f3n se tiene como finalidad tutelar el <strong>derecho a la <mark style=\"background-color:#fcb900\" class=\"has-inline-color\">seguridad social <\/mark>con motivo de la muerte de la persona trabajadora o pensionada y cuidar del desamparo a los miembros de la familia, de quienes se debe garantizar la subsistencia dada la muerte del sost\u00e9n econ\u00f3mico<\/strong>.<\/p>\n\n\n\n<p><\/p>\n\n\n\n<p>As\u00ed que la protecci\u00f3n a este derecho debe imperar desde una <strong>perspectiva <mark style=\"background-color:rgba(0, 0, 0, 0)\" class=\"has-inline-color has-vivid-red-color\">amplia<\/mark><\/strong> y no en un esquema restrictivo de familia, de conformidad con el art\u00edculo 4 de la Constituci\u00f3n Pol\u00edtica de los Estados Unidos Mexicanos. Con ello, <strong><mark style=\"background-color:#fcb900\" class=\"has-inline-color\">el nieto sujeto a patria potestad se equipara a un hijo de la persona trabajadora<\/mark><\/strong> y puede acceder a la pensi\u00f3n por orfandad, cumpliendo con los requisitos previstos por la normativa para su otorgamiento.<\/p>\n\n\n\n<p><\/p>\n\n\n\n<p>.<\/p>\n\n\n\n<p>Esta <strong><mark style=\"background-color:#0b679f\" class=\"has-inline-color has-white-color\">RESOLUCI\u00d3N<\/mark><\/strong> es de <strong>aplicaci\u00f3n<\/strong> <strong><mark style=\"background-color:rgba(0, 0, 0, 0);color:#9c0505\" class=\"has-inline-color\">OBLIGATORIA<\/mark> <\/strong>en todo el pa\u00eds a partir de esta semana.<\/p>\n\n\n\n<p>.<\/p>\n\n\n\n<p>Si estas en el <strong><mark style=\"background-color:rgba(0, 0, 0, 0)\" class=\"has-inline-color has-vivid-red-color\">Extranjero <\/mark><\/strong>nosotros somos tu <strong><mark style=\"background-color:rgba(0, 0, 0, 0)\" class=\"has-inline-color has-vivid-green-cyan-color\">mejor<\/mark><\/strong> alternativa para <strong><mark style=\"background-color:rgba(0, 0, 0, 0)\" class=\"has-inline-color has-luminous-vivid-orange-color\">velar<\/mark><\/strong> por tus <strong><mark style=\"background-color:rgba(0, 0, 0, 0)\" class=\"has-inline-color has-vivid-cyan-blue-color\">intereses<\/mark><\/strong>.<\/p>\n\n\n\n<p>.<\/p>\n\n\n\n<p>Cuando<strong> necesites<\/strong> ayuda, <strong>asistencia<\/strong> o <strong>planeaci\u00f3n<\/strong> legal, <strong>solicita<\/strong> <strong>Cita Privada<\/strong> <a rel=\"noreferrer noopener\" href=\"mailto:bi@sm99.mx\" target=\"_blank\"><strong>Aqu\u00ed<\/strong><\/a><\/p>\n\n\n\n<p>La informaci\u00f3n que AQU\u00cd te presentamos <strong>deriva<\/strong> de los <strong>Peri\u00f3dicos Oficiales <\/strong>de la<strong> CdMx<\/strong>, <strong>Estado<\/strong> de Mex., Diario <strong>Oficial<\/strong> de la Federaci\u00f3n, Suprema Corte de<strong> Justicia<\/strong> de la Naci\u00f3n, por lo tanto es de <strong>aplicaci\u00f3n OBLIGATORIA<\/strong><\/p>\n\n\n\n<p>La <strong>informaci\u00f3n<\/strong> de hoy procede de la Suprema Corte de Justicia.<\/p>\n\n\n\n<p><strong><mark style=\"background-color:rgba(0, 0, 0, 0)\" class=\"has-inline-color has-luminous-vivid-orange-color\">AY\u00daDANOS<\/mark><\/strong> para que m\u00e1s personas conozcan esta informaci\u00f3n, <strong>Comp\u00e1rtelo<\/strong> en tus redes sociales. ?<\/p>\n\n\n\n<p><\/p>\n","protected":false},"excerpt":{"rendered":"<p>Views: 21 . . El ANTECEDENTE: Surge luego de que el ISSSTE le negar\u00e1 a un adolescente la pensi\u00f3n por orfandad derivada de la muerte de su abuela de quien depend\u00eda econ\u00f3micamente desde su ni\u00f1ez y ejerc\u00eda su patria potestad a su favor, a falta de sus padres, la instituci\u00f3n consider\u00f3 que no acredit\u00f3 el [&hellip;]<\/p>\n","protected":false},"author":3,"featured_media":24449,"comment_status":"closed","ping_status":"open","sticky":false,"template":"","format":"standard","meta":{"_jetpack_memberships_contains_paid_content":false,"footnotes":""},"categories":[4],"tags":[],"jetpack_sharing_enabled":true,"jetpack_featured_media_url":"https:\/\/www.salgadonoticias.com\/wp-content\/uploads\/2023\/09\/nietos.jpg","_links":{"self":[{"href":"https:\/\/www.salgadonoticias.com\/index.php?rest_route=\/wp\/v2\/posts\/24446"}],"collection":[{"href":"https:\/\/www.salgadonoticias.com\/index.php?rest_route=\/wp\/v2\/posts"}],"about":[{"href":"https:\/\/www.salgadonoticias.com\/index.php?rest_route=\/wp\/v2\/types\/post"}],"author":[{"embeddable":true,"href":"https:\/\/www.salgadonoticias.com\/index.php?rest_route=\/wp\/v2\/users\/3"}],"replies":[{"embeddable":true,"href":"https:\/\/www.salgadonoticias.com\/index.php?rest_route=%2Fwp%2Fv2%2Fcomments&post=24446"}],"version-history":[{"count":9,"href":"https:\/\/www.salgadonoticias.com\/index.php?rest_route=\/wp\/v2\/posts\/24446\/revisions"}],"predecessor-version":[{"id":24497,"href":"https:\/\/www.salgadonoticias.com\/index.php?rest_route=\/wp\/v2\/posts\/24446\/revisions\/24497"}],"wp:featuredmedia":[{"embeddable":true,"href":"https:\/\/www.salgadonoticias.com\/index.php?rest_route=\/wp\/v2\/media\/24449"}],"wp:attachment":[{"href":"https:\/\/www.salgadonoticias.com\/index.php?rest_route=%2Fwp%2Fv2%2Fmedia&parent=24446"}],"wp:term":[{"taxonomy":"category","embeddable":true,"href":"https:\/\/www.salgadonoticias.com\/index.php?rest_route=%2Fwp%2Fv2%2Fcategories&post=24446"},{"taxonomy":"post_tag","embeddable":true,"href":"https:\/\/www.salgadonoticias.com\/index.php?rest_route=%2Fwp%2Fv2%2Ftags&post=24446"}],"curies":[{"name":"wp","href":"https:\/\/api.w.org\/{rel}","templated":true}]}}