{"id":24467,"date":"2023-09-28T00:22:00","date_gmt":"2023-09-28T05:22:00","guid":{"rendered":"http:\/\/www.salgadonoticias.com\/?p=24467"},"modified":"2023-09-28T15:29:08","modified_gmt":"2023-09-28T20:29:08","slug":"24467","status":"publish","type":"post","link":"https:\/\/www.salgadonoticias.com\/?p=24467","title":{"rendered":"Si Bur\u00f3cratas Trabajan m\u00e1s de 6 meses, se les DEBE pagar Prima y Vacaciones&#8230;!!!"},"content":{"rendered":"<p>Views: 22<\/p>\n<p>.<\/p>\n\n\n\n<figure class=\"wp-block-embed is-type-video is-provider-youtube wp-block-embed-youtube wp-embed-aspect-16-9 wp-has-aspect-ratio\"><div class=\"wp-block-embed__wrapper\">\n<iframe loading=\"lazy\" title=\"Si Bur\u00f3cratas Trabajan m\u00e1s de 6 meses, se les DEBE pagar Prima y Vacaciones \u2026!!!\" width=\"640\" height=\"360\" src=\"https:\/\/www.youtube.com\/embed\/-dkcg6XoKZw?feature=oembed\" frameborder=\"0\" allow=\"accelerometer; autoplay; clipboard-write; encrypted-media; gyroscope; picture-in-picture; web-share\" referrerpolicy=\"strict-origin-when-cross-origin\" allowfullscreen><\/iframe>\n<\/div><\/figure>\n\n\n\n<p>.<\/p>\n\n\n\n<p>Este ANTECEDENTE:<\/p>\n\n\n\n<p>Surge despu\u00e9s de que en un <strong>juicio laboral<\/strong> <strong><mark style=\"background-color:rgba(0, 0, 0, 0)\" class=\"has-inline-color has-vivid-red-color\">burocr\u00e1tico<\/mark><\/strong> una dependencia de la administraci\u00f3n p\u00fablica promoviera AMPARO debido a que <strong><mark style=\"background-color:#ff6900\" class=\"has-inline-color\">se le conden\u00f3<\/mark><\/strong> al <strong>pago proporcional de vacaciones y prima vacacional<\/strong> a un trabajador por el <strong>periodo laborado<\/strong> en el a\u00f1o en que este <strong><mark style=\"background-color:rgba(0, 0, 0, 0)\" class=\"has-inline-color has-vivid-red-color\">concluy\u00f3 la prestaci\u00f3n de sus servicios<\/mark><\/strong>, esto como parte del periodo vacacional que le correspond\u00eda, alegando la instituci\u00f3n que el trabajador carec\u00eda de acci\u00f3n y derecho para reclamar el pago de dichas prestaciones.<\/p>\n\n\n\n<p>.<\/p>\n\n\n\n<p>La <strong><mark style=\"background-color:rgba(0, 0, 0, 0);color:#021878\" class=\"has-inline-color\">Suprema Corte de Justicia<\/mark><\/strong> <strong><mark style=\"background-color:rgba(0, 0, 0, 0);color:#9c0505\" class=\"has-inline-color\">DETERMIN\u00d3<\/mark> <\/strong>que a los trabajadores <strong>Burocr\u00e1ticos<\/strong> tienen derecho y que s\u00e9 les debe <strong><mark style=\"background-color:rgba(0, 0, 0, 0);color:#bb043c\" class=\"has-inline-color\">PAGAR<\/mark><\/strong> la <strong><mark style=\"background-color:#f8d77b\" class=\"has-inline-color\">parte proporcional de vacaciones y su prima vacacional<\/mark><\/strong> siempre que la <strong><mark style=\"background-color:#82f2c9\" class=\"has-inline-color\">tengan M\u00c1S de seis meses consecutivos<\/mark> <\/strong>de servicios y concluyan su relaci\u00f3n laboral.<\/p>\n\n\n\n<p>.<\/p>\n\n\n\n<p>La justificaci\u00f3n de la <strong>SCJN <\/strong><mark style=\"background-color:#fcb900\" class=\"has-inline-color\">se basa<\/mark> en la <strong>tesis de jurisprudencia<\/strong> 2a.\/J. 72\/2018 (10a.), donde se determin\u00f3 que los trabajadores burocr\u00e1ticos <strong>no tienen derecho al pago proporcional de las vacaciones y prima vacacional <\/strong>cuando <strong>laboren<\/strong> por un <strong><mark style=\"background-color:#cf2e2e\" class=\"has-inline-color\">periodo MENOR a <u>6 meses<\/u><\/mark><\/strong>, por no ser aplicable supletoriamente el art\u00edculo 79 de la Ley Federal del Trabajo; <strong>SIN EMBARGO<\/strong>, del <strong>art\u00edculo 30<\/strong> de la Ley Federal de los Trabajadores al Servicio del Estado se DEDUCE que cuando un <strong>trabajador<\/strong> sea <strong>separado<\/strong> de su <strong>empleo<\/strong> y <strong><mark style=\"background-color:#fcb900\" class=\"has-inline-color\">tenga m\u00e1s de 6 meses consecutivos<\/mark> de servicios<\/strong>, se le DEBE <strong>cubrir<\/strong> la <strong>parte proporcional de vacaciones y prima vacacional<\/strong> que haya generado al tiempo de la separaci\u00f3n, en virtud de que ello implica una <strong><mark style=\"background-color:rgba(0, 0, 0, 0)\" class=\"has-inline-color has-vivid-red-color\">retribuci\u00f3n justa<\/mark><\/strong> por el tiempo de servicios y por tratarse de una prestaci\u00f3n que deveng\u00f3 antes de concluir la relaci\u00f3n laboral.<\/p>\n\n\n\n<p>.<\/p>\n\n\n\n<p>Esta <strong><span style=\"text-decoration: underline;\"><mark style=\"background-color:#06462e\" class=\"has-inline-color has-white-color\">RESOLUCI\u00d3N<\/mark><\/span><\/strong> es de <strong>aplicaci\u00f3n<\/strong> <strong><mark style=\"background-color:rgba(0, 0, 0, 0);color:#9c0505\" class=\"has-inline-color\">OBLIGATORIA<\/mark> <\/strong>en todo el pa\u00eds a partir de esta semana.<\/p>\n\n\n\n<p>.<\/p>\n\n\n\n<p>Si estas en el <strong><mark style=\"background-color:rgba(0, 0, 0, 0)\" class=\"has-inline-color has-vivid-red-color\">Extranjero <\/mark><\/strong>nosotros somos tu <strong><mark style=\"background-color:rgba(0, 0, 0, 0)\" class=\"has-inline-color has-vivid-green-cyan-color\">mejor<\/mark><\/strong> alternativa para <strong><mark style=\"background-color:rgba(0, 0, 0, 0)\" class=\"has-inline-color has-luminous-vivid-orange-color\">velar<\/mark><\/strong> por tus <strong><mark style=\"background-color:rgba(0, 0, 0, 0)\" class=\"has-inline-color has-vivid-cyan-blue-color\">intereses<\/mark><\/strong>.<\/p>\n\n\n\n<p>.<\/p>\n\n\n\n<p>Cuando<strong> necesites<\/strong> ayuda, <strong>asistencia<\/strong> o <strong>planeaci\u00f3n<\/strong> legal, <strong>solicita<\/strong> <strong>Cita Privada<\/strong> <a rel=\"noreferrer noopener\" href=\"mailto:bi@sm99.mx\" target=\"_blank\"><strong>Aqu\u00ed<\/strong><\/a><\/p>\n\n\n\n<p>La informaci\u00f3n que AQU\u00cd te presentamos <strong>deriva<\/strong> de los <strong>Peri\u00f3dicos Oficiales <\/strong>de la<strong> CdMx<\/strong>, <strong>Estado<\/strong> de Mex., Diario <strong>Oficial<\/strong> de la Federaci\u00f3n, Suprema Corte de<strong> Justicia<\/strong> de la Naci\u00f3n, por lo tanto es de <strong>aplicaci\u00f3n OBLIGATORIA<\/strong><\/p>\n\n\n\n<p>La <strong>informaci\u00f3n<\/strong> de hoy procede de la Suprema Corte de Justicia.<\/p>\n\n\n\n<p><strong><mark style=\"background-color:rgba(0, 0, 0, 0)\" class=\"has-inline-color has-luminous-vivid-orange-color\">AY\u00daDANOS<\/mark><\/strong> para que m\u00e1s personas conozcan esta informaci\u00f3n, <strong>Comp\u00e1rtelo<\/strong> en tus redes sociales. ?<\/p>\n\n\n\n<p><\/p>\n","protected":false},"excerpt":{"rendered":"<p>Views: 22 . . Este ANTECEDENTE: Surge despu\u00e9s de que en un juicio laboral burocr\u00e1tico una dependencia de la administraci\u00f3n p\u00fablica promoviera AMPARO debido a que se le conden\u00f3 al pago proporcional de vacaciones y prima vacacional a un trabajador por el periodo laborado en el a\u00f1o en que este concluy\u00f3 la prestaci\u00f3n de sus [&hellip;]<\/p>\n","protected":false},"author":3,"featured_media":24469,"comment_status":"closed","ping_status":"open","sticky":false,"template":"","format":"standard","meta":{"_jetpack_memberships_contains_paid_content":false,"footnotes":""},"categories":[4],"tags":[],"jetpack_sharing_enabled":true,"jetpack_featured_media_url":"https:\/\/www.salgadonoticias.com\/wp-content\/uploads\/2023\/09\/vacaciones.jpg","_links":{"self":[{"href":"https:\/\/www.salgadonoticias.com\/index.php?rest_route=\/wp\/v2\/posts\/24467"}],"collection":[{"href":"https:\/\/www.salgadonoticias.com\/index.php?rest_route=\/wp\/v2\/posts"}],"about":[{"href":"https:\/\/www.salgadonoticias.com\/index.php?rest_route=\/wp\/v2\/types\/post"}],"author":[{"embeddable":true,"href":"https:\/\/www.salgadonoticias.com\/index.php?rest_route=\/wp\/v2\/users\/3"}],"replies":[{"embeddable":true,"href":"https:\/\/www.salgadonoticias.com\/index.php?rest_route=%2Fwp%2Fv2%2Fcomments&post=24467"}],"version-history":[{"count":8,"href":"https:\/\/www.salgadonoticias.com\/index.php?rest_route=\/wp\/v2\/posts\/24467\/revisions"}],"predecessor-version":[{"id":24519,"href":"https:\/\/www.salgadonoticias.com\/index.php?rest_route=\/wp\/v2\/posts\/24467\/revisions\/24519"}],"wp:featuredmedia":[{"embeddable":true,"href":"https:\/\/www.salgadonoticias.com\/index.php?rest_route=\/wp\/v2\/media\/24469"}],"wp:attachment":[{"href":"https:\/\/www.salgadonoticias.com\/index.php?rest_route=%2Fwp%2Fv2%2Fmedia&parent=24467"}],"wp:term":[{"taxonomy":"category","embeddable":true,"href":"https:\/\/www.salgadonoticias.com\/index.php?rest_route=%2Fwp%2Fv2%2Fcategories&post=24467"},{"taxonomy":"post_tag","embeddable":true,"href":"https:\/\/www.salgadonoticias.com\/index.php?rest_route=%2Fwp%2Fv2%2Ftags&post=24467"}],"curies":[{"name":"wp","href":"https:\/\/api.w.org\/{rel}","templated":true}]}}