{"id":24475,"date":"2023-09-30T00:58:00","date_gmt":"2023-09-30T05:58:00","guid":{"rendered":"http:\/\/www.salgadonoticias.com\/?p=24475"},"modified":"2023-09-27T18:31:27","modified_gmt":"2023-09-27T23:31:27","slug":"__trashed-3","status":"publish","type":"post","link":"https:\/\/www.salgadonoticias.com\/?p=24475","title":{"rendered":"Convocatoria para Peritos Externos del PJEdoMex&#8230;!!!"},"content":{"rendered":"<p>Views: 289<\/p>\n<p>.<\/p>\n\n\n\n<p><mark style=\"background-color:rgba(0, 0, 0, 0);color:#900450\" class=\"has-inline-color\"><strong>Aspirantes a Peritos Externos<\/strong>.<\/mark><\/p>\n\n\n\n<p>El Poder Judicial del Edo de M\u00e9xico., hace la <strong><mark style=\"background-color:rgba(0, 0, 0, 0);color:#0711e3\" class=\"has-inline-color\">convocatoria<\/mark> <\/strong>a las y los <strong><mark style=\"background-color:#afe4cf\" class=\"has-inline-color\">profesionistas<\/mark><\/strong>, t\u00e9cnicos o pr\u00e1cticos, interesados en <strong><mark style=\"background-color:#eda572\" class=\"has-inline-color\">formar parte de la lista Oficial de Peritos Externos<\/mark><\/strong>.<\/p>\n\n\n\n<p>Son <strong><mark style=\"background-color:rgba(0, 0, 0, 0)\" class=\"has-inline-color has-vivid-red-color\">75 especialidades<\/mark><\/strong> entre las que se cuentan:<\/p>\n\n\n\n<ul>\n<li>Actuaria Financiera y matem\u00e1ticas<\/li>\n\n\n\n<li>Anesteciolog\u00eda<\/li>\n\n\n\n<li>Geriatr\u00eda<\/li>\n\n\n\n<li>Gineco-obstetricia<\/li>\n\n\n\n<li>Psicolog\u00eda Infantil<\/li>\n\n\n\n<li>Contabilidad<\/li>\n\n\n\n<li>Medicina del Trabajo<\/li>\n\n\n\n<li>Valuaci\u00f3n de joyas, bienes inmuebles <\/li>\n\n\n\n<li>etc<\/li>\n<\/ul>\n\n\n\n<p>.<\/p>\n\n\n\n<p><strong><mark style=\"background-color:rgba(0, 0, 0, 0);color:#117902\" class=\"has-inline-color\">Bases<\/mark><\/strong><\/p>\n\n\n\n<ul>\n<li>Ser mexicano<\/li>\n\n\n\n<li>Tener los conocimiento, capacidad y preparaci\u00f3n en la especialidad que quiera dictaminar<\/li>\n\n\n\n<li>No estar activo en el servicio p\u00fablico<\/li>\n\n\n\n<li>Contar con firma electr\u00f3nica del PJEDOMEX<\/li>\n\n\n\n<li>etc.<\/li>\n<\/ul>\n\n\n\n<p>.<\/p>\n\n\n\n<p><strong><mark style=\"background-color:rgba(0, 0, 0, 0);color:#af06a1\" class=\"has-inline-color\">Registro y carga de documentos:<\/mark><\/strong><\/p>\n\n\n\n<p>Ser\u00e1 en la <strong><mark style=\"background-color:rgba(0, 0, 0, 0)\" class=\"has-inline-color has-vivid-red-color\">p\u00e1gina del Poder Judicial del EdoMex<\/mark><\/strong>, del <strong><mark style=\"background-color:#7bdcb5\" class=\"has-inline-color\">2 al 6 de octubre del 2023<\/mark><\/strong><\/p>\n\n\n\n<p>.<\/p>\n\n\n\n<p>Da click aqu\u00ed para ver convocatoria completa&#8230;<\/p>\n\n\n\n<p><a href=\"https:\/\/legislacion.edomex.gob.mx\/sites\/legislacion.edomex.gob.mx\/files\/files\/pdf\/gct\/2023\/septiembre\/sep271\/sep271d.pdf\">https:\/\/legislacion.edomex.gob.mx\/sites\/legislacion.edomex.gob.mx\/files\/files\/pdf\/gct\/2023\/septiembre\/sep271\/sep271d.pdf<\/a><\/p>\n\n\n\n<p>.<\/p>\n\n\n\n<p>.<\/p>\n\n\n\n<p>Si estas en el <strong><mark style=\"background-color:rgba(0, 0, 0, 0)\" class=\"has-inline-color has-vivid-red-color\">Extranjero <\/mark><\/strong>nosotros somos tu <strong><mark style=\"background-color:rgba(0, 0, 0, 0)\" class=\"has-inline-color has-vivid-green-cyan-color\">mejor<\/mark><\/strong> alternativa para <strong><mark style=\"background-color:rgba(0, 0, 0, 0)\" class=\"has-inline-color has-luminous-vivid-orange-color\">velar<\/mark><\/strong> por tus <strong><mark style=\"background-color:rgba(0, 0, 0, 0)\" class=\"has-inline-color has-vivid-cyan-blue-color\">intereses<\/mark><\/strong>.<\/p>\n\n\n\n<p>.<\/p>\n\n\n\n<p><\/p>\n\n\n\n<p>Cuando<strong> necesites<\/strong> ayuda, <strong>asistencia<\/strong> o <strong>planeaci\u00f3n<\/strong> legal, <strong>solicita<\/strong> <strong>Cita Privada<\/strong> <a rel=\"noreferrer noopener\" href=\"mailto:bi@sm99.mx\" target=\"_blank\"><strong>Aqu\u00ed<\/strong><\/a><\/p>\n\n\n\n<p>La informaci\u00f3n que AQU\u00cd te presentamos <strong>deriva<\/strong> de los <strong>Peri\u00f3dicos Oficiales <\/strong>de la<strong> CdMx<\/strong>, <strong>Estado<\/strong> de Mex., Diario <strong>Oficial<\/strong> de la Federaci\u00f3n, Suprema Corte de<strong> Justicia<\/strong> de la Naci\u00f3n, por lo tanto es de <strong>aplicaci\u00f3n OBLIGATORIA<\/strong><\/p>\n\n\n\n<p>La <strong>informaci\u00f3n<\/strong> de hoy procede de la Gaceta del EdoMex.<\/p>\n\n\n\n<p><strong><mark style=\"background-color:rgba(0, 0, 0, 0)\" class=\"has-inline-color has-luminous-vivid-orange-color\">AY\u00daDANOS<\/mark><\/strong> para que m\u00e1s personas conozcan esta informaci\u00f3n, <strong>Comp\u00e1rtelo<\/strong> en tus redes sociales. ?<\/p>\n\n\n\n<p><\/p>\n\n\n\n<p><\/p>\n\n\n\n<p><\/p>\n","protected":false},"excerpt":{"rendered":"<p>Views: 289 . Aspirantes a Peritos Externos. El Poder Judicial del Edo de M\u00e9xico., hace la convocatoria a las y los profesionistas, t\u00e9cnicos o pr\u00e1cticos, interesados en formar parte de la lista Oficial de Peritos Externos. Son 75 especialidades entre las que se cuentan: . Bases . Registro y carga de documentos: Ser\u00e1 en la [&hellip;]<\/p>\n","protected":false},"author":3,"featured_media":24501,"comment_status":"closed","ping_status":"open","sticky":false,"template":"","format":"standard","meta":{"_jetpack_memberships_contains_paid_content":false,"footnotes":""},"categories":[8],"tags":[],"jetpack_sharing_enabled":true,"jetpack_featured_media_url":"https:\/\/www.salgadonoticias.com\/wp-content\/uploads\/2023\/09\/peritos.jpg","_links":{"self":[{"href":"https:\/\/www.salgadonoticias.com\/index.php?rest_route=\/wp\/v2\/posts\/24475"}],"collection":[{"href":"https:\/\/www.salgadonoticias.com\/index.php?rest_route=\/wp\/v2\/posts"}],"about":[{"href":"https:\/\/www.salgadonoticias.com\/index.php?rest_route=\/wp\/v2\/types\/post"}],"author":[{"embeddable":true,"href":"https:\/\/www.salgadonoticias.com\/index.php?rest_route=\/wp\/v2\/users\/3"}],"replies":[{"embeddable":true,"href":"https:\/\/www.salgadonoticias.com\/index.php?rest_route=%2Fwp%2Fv2%2Fcomments&post=24475"}],"version-history":[{"count":3,"href":"https:\/\/www.salgadonoticias.com\/index.php?rest_route=\/wp\/v2\/posts\/24475\/revisions"}],"predecessor-version":[{"id":24499,"href":"https:\/\/www.salgadonoticias.com\/index.php?rest_route=\/wp\/v2\/posts\/24475\/revisions\/24499"}],"wp:featuredmedia":[{"embeddable":true,"href":"https:\/\/www.salgadonoticias.com\/index.php?rest_route=\/wp\/v2\/media\/24501"}],"wp:attachment":[{"href":"https:\/\/www.salgadonoticias.com\/index.php?rest_route=%2Fwp%2Fv2%2Fmedia&parent=24475"}],"wp:term":[{"taxonomy":"category","embeddable":true,"href":"https:\/\/www.salgadonoticias.com\/index.php?rest_route=%2Fwp%2Fv2%2Fcategories&post=24475"},{"taxonomy":"post_tag","embeddable":true,"href":"https:\/\/www.salgadonoticias.com\/index.php?rest_route=%2Fwp%2Fv2%2Ftags&post=24475"}],"curies":[{"name":"wp","href":"https:\/\/api.w.org\/{rel}","templated":true}]}}