{"id":24534,"date":"2023-10-01T01:36:00","date_gmt":"2023-10-01T06:36:00","guid":{"rendered":"http:\/\/www.salgadonoticias.com\/?p=24534"},"modified":"2023-09-29T17:49:06","modified_gmt":"2023-09-29T22:49:06","slug":"24534","status":"publish","type":"post","link":"https:\/\/www.salgadonoticias.com\/?p=24534","title":{"rendered":"Lugares y Fechas para el Avistamiento de Ballenas en M\u00e9xico&#8230;!!!"},"content":{"rendered":"<p>Views: 17<\/p>\n<p>.<\/p>\n\n\n\n<p>La Secretaria del Medio Ambiente, publica en el Diario Oficial los l<strong><mark style=\"background-color:rgba(0, 0, 0, 0)\" class=\"has-inline-color has-vivid-red-color\">ugares y fechas<\/mark><\/strong> en las que se podr\u00e1n realizar los <mark style=\"background-color:#fcb900\" class=\"has-inline-color\"><strong>AVISTAMIENTO<\/strong> de las <strong>BALLENAS<\/strong><\/mark> en los diferentes estados del que tienen playas en el oc\u00e9ano pacifico.<\/p>\n\n\n\n<p>.<\/p>\n\n\n\n<p>Algunos los lugares y fechas:<\/p>\n\n\n\n<ul>\n<li>Bah\u00eda de Todos Santos, del 15-dic-23 a 15-mayo-24<\/li>\n\n\n\n<li>Parque Nacional Bah\u00eda de Loreto, del 01 de enero al 30 de abril de 2024.<\/li>\n\n\n\n<li>San Blas-Isla Isabel, del 8-dic-23 al 23-mzo-24<\/li>\n\n\n\n<li>Bah\u00eda de Banderas, del 8-dic-23 al 23-mzo-24<\/li>\n<\/ul>\n\n\n\n<p>Tambi\u00e9n se especifican las <mark style=\"background-color:#7bdcb5\" class=\"has-inline-color\">zonas <strong>restringidas<\/strong><\/mark><strong>.<\/strong> <\/p>\n\n\n\n<p><\/p>\n\n\n\n<p>Da click aqu\u00ed ? para ver las fecha y lugares espec\u00edficos de los avistamientos.<\/p>\n\n\n\n<p><a href=\"https:\/\/www.dof.gob.mx\/nota_detalle.php?codigo=5703411&amp;fecha=29\/09\/2023#gsc.tab=0\">https:\/\/www.dof.gob.mx\/nota_detalle.php?codigo=5703411&amp;fecha=29\/09\/2023#gsc.tab=0<\/a><\/p>\n\n\n\n<p>.<\/p>\n\n\n\n<p>Si estas en el <strong><mark style=\"background-color:rgba(0, 0, 0, 0)\" class=\"has-inline-color has-vivid-red-color\">Extranjero <\/mark><\/strong>nosotros somos tu <strong><mark style=\"background-color:rgba(0, 0, 0, 0)\" class=\"has-inline-color has-vivid-green-cyan-color\">mejor<\/mark><\/strong> alternativa para <strong><mark style=\"background-color:rgba(0, 0, 0, 0)\" class=\"has-inline-color has-luminous-vivid-orange-color\">velar<\/mark><\/strong> por tus <strong><mark style=\"background-color:rgba(0, 0, 0, 0)\" class=\"has-inline-color has-vivid-cyan-blue-color\">intereses<\/mark><\/strong>.<\/p>\n\n\n\n<p>.<\/p>\n\n\n\n<p>Cuando<strong> necesites<\/strong> ayuda, <strong>asistencia<\/strong> o <strong>planeaci\u00f3n<\/strong> legal, <strong>solicita<\/strong> <strong>Cita Privada<\/strong> <a rel=\"noreferrer noopener\" href=\"mailto:bi@sm99.mx\" target=\"_blank\"><strong>Aqu\u00ed<\/strong><\/a><\/p>\n\n\n\n<p>La informaci\u00f3n que AQU\u00cd te presentamos <strong>deriva<\/strong> de los <strong>Peri\u00f3dicos Oficiales <\/strong>de la<strong> CdMx<\/strong>, <strong>Estado<\/strong> de Mex., Diario <strong>Oficial<\/strong> de la Federaci\u00f3n, Suprema Corte de<strong> Justicia<\/strong> de la Naci\u00f3n, por lo tanto es de <strong>aplicaci\u00f3n OBLIGATORIA<\/strong><\/p>\n\n\n\n<p>La <strong>informaci\u00f3n<\/strong> de hoy procede del Diario Oficial<\/p>\n\n\n\n<p><strong><mark style=\"background-color:rgba(0, 0, 0, 0)\" class=\"has-inline-color has-luminous-vivid-orange-color\">AY\u00daDANOS<\/mark><\/strong> para que m\u00e1s personas conozcan esta informaci\u00f3n, <strong>Comp\u00e1rtelo<\/strong> en tus redes sociales. ?<\/p>\n\n\n\n<p><\/p>\n","protected":false},"excerpt":{"rendered":"<p>Views: 17 . La Secretaria del Medio Ambiente, publica en el Diario Oficial los lugares y fechas en las que se podr\u00e1n realizar los AVISTAMIENTO de las BALLENAS en los diferentes estados del que tienen playas en el oc\u00e9ano pacifico. . Algunos los lugares y fechas: Tambi\u00e9n se especifican las zonas restringidas. Da click aqu\u00ed [&hellip;]<\/p>\n","protected":false},"author":3,"featured_media":24537,"comment_status":"closed","ping_status":"open","sticky":false,"template":"","format":"standard","meta":{"_jetpack_memberships_contains_paid_content":false,"footnotes":""},"categories":[4],"tags":[],"jetpack_sharing_enabled":true,"jetpack_featured_media_url":"https:\/\/www.salgadonoticias.com\/wp-content\/uploads\/2023\/10\/ballenas.jpg","_links":{"self":[{"href":"https:\/\/www.salgadonoticias.com\/index.php?rest_route=\/wp\/v2\/posts\/24534"}],"collection":[{"href":"https:\/\/www.salgadonoticias.com\/index.php?rest_route=\/wp\/v2\/posts"}],"about":[{"href":"https:\/\/www.salgadonoticias.com\/index.php?rest_route=\/wp\/v2\/types\/post"}],"author":[{"embeddable":true,"href":"https:\/\/www.salgadonoticias.com\/index.php?rest_route=\/wp\/v2\/users\/3"}],"replies":[{"embeddable":true,"href":"https:\/\/www.salgadonoticias.com\/index.php?rest_route=%2Fwp%2Fv2%2Fcomments&post=24534"}],"version-history":[{"count":4,"href":"https:\/\/www.salgadonoticias.com\/index.php?rest_route=\/wp\/v2\/posts\/24534\/revisions"}],"predecessor-version":[{"id":24545,"href":"https:\/\/www.salgadonoticias.com\/index.php?rest_route=\/wp\/v2\/posts\/24534\/revisions\/24545"}],"wp:featuredmedia":[{"embeddable":true,"href":"https:\/\/www.salgadonoticias.com\/index.php?rest_route=\/wp\/v2\/media\/24537"}],"wp:attachment":[{"href":"https:\/\/www.salgadonoticias.com\/index.php?rest_route=%2Fwp%2Fv2%2Fmedia&parent=24534"}],"wp:term":[{"taxonomy":"category","embeddable":true,"href":"https:\/\/www.salgadonoticias.com\/index.php?rest_route=%2Fwp%2Fv2%2Fcategories&post=24534"},{"taxonomy":"post_tag","embeddable":true,"href":"https:\/\/www.salgadonoticias.com\/index.php?rest_route=%2Fwp%2Fv2%2Ftags&post=24534"}],"curies":[{"name":"wp","href":"https:\/\/api.w.org\/{rel}","templated":true}]}}