{"id":24542,"date":"2023-10-02T01:20:00","date_gmt":"2023-10-02T06:20:00","guid":{"rendered":"http:\/\/www.salgadonoticias.com\/?p=24542"},"modified":"2023-10-02T18:20:04","modified_gmt":"2023-10-02T23:20:04","slug":"24542","status":"publish","type":"post","link":"https:\/\/www.salgadonoticias.com\/?p=24542","title":{"rendered":"Pensi\u00f3n por JUBILACI\u00d3N en el ISSSTE, Debe Cuantificarse con Base al \u00daltimo A\u00f1o Cotizado&#8230;!!!"},"content":{"rendered":"<p>Views: 14<\/p>\n<p>.<\/p>\n\n\n\n<figure class=\"wp-block-embed is-type-video is-provider-youtube wp-block-embed-youtube wp-embed-aspect-16-9 wp-has-aspect-ratio\"><div class=\"wp-block-embed__wrapper\">\n<iframe loading=\"lazy\" title=\"Pension por JUBILACION en el ISSSTE debe Cuantificarse con base el Ultimo A\u00f1o Cotizado \u2026!!!\ufffc\" width=\"640\" height=\"360\" src=\"https:\/\/www.youtube.com\/embed\/zAYD_ZKlVDE?feature=oembed\" frameborder=\"0\" allow=\"accelerometer; autoplay; clipboard-write; encrypted-media; gyroscope; picture-in-picture; web-share\" referrerpolicy=\"strict-origin-when-cross-origin\" allowfullscreen><\/iframe>\n<\/div><\/figure>\n\n\n\n<p>.<\/p>\n\n\n\n<p>Este ANTECEDENTE:<\/p>\n\n\n\n<p>Se da luego de que Tribunales tuvieron <strong>posturas <mark style=\"background-color:rgba(0, 0, 0, 0)\" class=\"has-inline-color has-vivid-red-color\">diferentes<\/mark><\/strong> con respecto a si para calcular el <span style=\"text-decoration: underline;\">monto m\u00e1ximo<\/span> de la <em>pensi\u00f3n por jubilaci\u00f3n <\/em><strong>otorgada<\/strong> por el <strong><mark style=\"background-color:rgba(0, 0, 0, 0)\" class=\"has-inline-color has-vivid-red-color\">ISSSTE<\/mark><\/strong>, debe SER <strong><mark style=\"background-color:#ff6900\" class=\"has-inline-color\">con base en el \u00faltimo a\u00f1o en que el trabajador estuvo cotizando, o bien, la fecha en que se otorg\u00f3 dicho beneficio<\/mark><\/strong>.<\/p>\n\n\n\n<p>.o<\/p>\n\n\n\n<p>La <strong><mark style=\"background-color:rgba(0, 0, 0, 0);color:#01089c\" class=\"has-inline-color\">Suprema Corte de Justicia<\/mark> <mark style=\"background-color:rgba(0, 0, 0, 0);color:#7e0303\" class=\"has-inline-color\">DETERMIN\u00d3<\/mark> <\/strong>que el monto o <strong><mark style=\"background-color:#a3e7cc\" class=\"has-inline-color\">TOPE M\u00c1XIMO<\/mark><\/strong> de una <em><u><strong>pensi\u00f3n por jubilaci\u00f3n<\/strong><\/u> <\/em>deben ser <strong>calculada y otorgada <\/strong>con base <strong><mark style=\"background-color:#efd282\" class=\"has-inline-color\">al \u00faltimo a\u00f1o cotizado<\/mark><\/strong>, <mark style=\"background-color:#fcb900\" class=\"has-inline-color\"><strong>y no se debe utilizar el salario m\u00ednimo o la UMA para su otorgamiento<\/strong><\/mark>. <\/p>\n\n\n\n<p>.<\/p>\n\n\n\n<p>La justificaci\u00f3n de la <strong>SCJN <\/strong>es despu\u00e9s del examen de los art\u00edculos 7 y 19 del <strong>Reglamento<\/strong> para el otorgamiento de <strong>pensiones<\/strong> de los trabajadores sujetos al r\u00e9gimen del art\u00edculo d\u00e9cimo transitorio del Decreto por el que se expide la (abrogada y vigente) Ley del Instituto de Seguridad y Servicios Sociales de los Trabajadores del Estado ISSSTE, as\u00ed como del art\u00edculo 17 de la referida ley, de ah\u00ed se desprende que el <strong><mark style=\"background-color:rgba(0, 0, 0, 0);color:#880707\" class=\"has-inline-color\">DERECHO<\/mark><\/strong> a la <mark style=\"background-color:rgba(0, 0, 0, 0)\" class=\"has-inline-color has-vivid-red-color\">&#8220;<strong>pensi\u00f3n por jubilaci\u00f3n<\/strong>&#8220;<\/mark> <strong><mark style=\"background-color:#42f8af\" class=\"has-inline-color\">corresponde al <\/mark><mark style=\"background-color:#cf2e2e\" class=\"has-inline-color\">100 % del sueldo b\u00e1sico<\/mark><mark style=\"background-color:#42f8af\" class=\"has-inline-color\"> del \u00faltimo a\u00f1o de servicios<\/mark><\/strong>, entendido \u00e9ste como el <strong>\u00faltimo<\/strong> a\u00f1o en el que el trabajador <strong>estuvo <mark style=\"background-color:rgba(0, 0, 0, 0)\" class=\"has-inline-color has-vivid-red-color\">cotizando<\/mark><\/strong> ante el Instituto de Seguridad y Servicios Sociales de los Trabajadores del Estado <strong><mark style=\"background-color:#ff6900\" class=\"has-inline-color\">y no el vigente en la fecha en que se le otorga la pensi\u00f3n al beneficiario<\/mark><\/strong>, ya que debe existir congruencia entre esas aportaciones que el trabajador en activo enter\u00f3 y la pensi\u00f3n otorgada. <\/p>\n\n\n\n<p>Ello, considerando lo definido por la Segunda Sala de la Suprema Corte de Justicia de la Naci\u00f3n, en relaci\u00f3n con que la <strong>pensi\u00f3n<\/strong> <strong><mark style=\"background-color:rgba(0, 0, 0, 0)\" class=\"has-inline-color has-vivid-red-color\">ahora debe ser calculada conforme al indicador econ\u00f3mico Unidad de Medida y Actualizaci\u00f3n (UMA), o bien, en salarios m\u00ednimos<\/mark><\/strong>, para aquellos asegurados que, con posterioridad a la reforma constitucional en materia de desindexaci\u00f3n del salario m\u00ednimo, obtuvieron sentencia ejecutoria o as\u00ed lo determin\u00f3 el propio instituto.<\/p>\n\n\n\n<p>.<\/p>\n\n\n\n<p>.<\/p>\n\n\n\n<p>Esta ya es de <strong>aplicaci\u00f3n <mark style=\"background-color:rgba(0, 0, 0, 0);color:#710505\" class=\"has-inline-color\">OBLIGATORIA<\/mark><\/strong> en todo el pa\u00eds, a partir de esta semana.<\/p>\n\n\n\n<p><\/p>\n\n\n\n<p>.<\/p>\n\n\n\n<p id=\"block-efefeb78-d6c4-4622-8042-bd61c7501b4f\">Cuando<strong> necesites<\/strong> ayuda, <strong>asistencia<\/strong> o <strong>planeaci\u00f3n<\/strong> legal, <strong>solicita<\/strong> <strong>Cita Privada<\/strong> <a rel=\"noreferrer noopener\" href=\"mailto:bi@sm99.mx\" target=\"_blank\"><strong>Aqu\u00ed<\/strong><\/a><\/p>\n\n\n\n<p id=\"block-127bd0bb-ec2e-47a5-a5ba-f6476c1d1367\">La informaci\u00f3n que AQU\u00cd te presentamos <strong>deriva<\/strong> de los <strong>Peri\u00f3dicos Oficiales <\/strong>de la<strong> CdMx<\/strong>, <strong>Estado<\/strong> de Mex., Diario <strong>Oficial<\/strong> de la Federaci\u00f3n, Suprema Corte de<strong> Justicia<\/strong> de la Naci\u00f3n, por lo tanto es de <strong>aplicaci\u00f3n OBLIGATORIA<\/strong><\/p>\n\n\n\n<p id=\"block-22c67c0a-58b2-4c47-8a85-8bd1ba3daefc\">La <strong>informaci\u00f3n<\/strong> de hoy procede de la Suprema Corte<\/p>\n\n\n\n<p>.<\/p>\n\n\n\n<p id=\"block-acdda148-43eb-4e2b-848f-9211186ad4ee\"><strong><mark style=\"background-color:rgba(0, 0, 0, 0)\" class=\"has-inline-color has-luminous-vivid-orange-color\">Ay\u00fadanos<\/mark><\/strong> para que m\u00e1s personas conozcan esta informaci\u00f3n, <strong>Comp\u00e1rtelo<\/strong> en tus redes sociales. ?<\/p>\n\n\n<div class=\"wp-block-image\">\n<figure class=\"alignright size-full is-resized\"><a href=\"http:\/\/www.salgadonoticias.com\/wp-content\/uploads\/2023\/10\/image.png\"><img loading=\"lazy\" decoding=\"async\" src=\"http:\/\/www.salgadonoticias.com\/wp-content\/uploads\/2023\/10\/image.png\" alt=\"\" class=\"wp-image-24572\" width=\"77\" height=\"77\" srcset=\"https:\/\/www.salgadonoticias.com\/wp-content\/uploads\/2023\/10\/image.png 225w, https:\/\/www.salgadonoticias.com\/wp-content\/uploads\/2023\/10\/image-150x150.png 150w\" sizes=\"(max-width: 77px) 100vw, 77px\" \/><\/a><\/figure><\/div>","protected":false},"excerpt":{"rendered":"<p>Views: 14 . . Este ANTECEDENTE: Se da luego de que Tribunales tuvieron posturas diferentes con respecto a si para calcular el monto m\u00e1ximo de la pensi\u00f3n por jubilaci\u00f3n otorgada por el ISSSTE, debe SER con base en el \u00faltimo a\u00f1o en que el trabajador estuvo cotizando, o bien, la fecha en que se otorg\u00f3 [&hellip;]<\/p>\n","protected":false},"author":3,"featured_media":24550,"comment_status":"closed","ping_status":"open","sticky":false,"template":"","format":"standard","meta":{"_jetpack_memberships_contains_paid_content":false,"footnotes":""},"categories":[4],"tags":[],"jetpack_sharing_enabled":true,"jetpack_featured_media_url":"https:\/\/www.salgadonoticias.com\/wp-content\/uploads\/2023\/10\/pension-2.jpg","_links":{"self":[{"href":"https:\/\/www.salgadonoticias.com\/index.php?rest_route=\/wp\/v2\/posts\/24542"}],"collection":[{"href":"https:\/\/www.salgadonoticias.com\/index.php?rest_route=\/wp\/v2\/posts"}],"about":[{"href":"https:\/\/www.salgadonoticias.com\/index.php?rest_route=\/wp\/v2\/types\/post"}],"author":[{"embeddable":true,"href":"https:\/\/www.salgadonoticias.com\/index.php?rest_route=\/wp\/v2\/users\/3"}],"replies":[{"embeddable":true,"href":"https:\/\/www.salgadonoticias.com\/index.php?rest_route=%2Fwp%2Fv2%2Fcomments&post=24542"}],"version-history":[{"count":6,"href":"https:\/\/www.salgadonoticias.com\/index.php?rest_route=\/wp\/v2\/posts\/24542\/revisions"}],"predecessor-version":[{"id":24576,"href":"https:\/\/www.salgadonoticias.com\/index.php?rest_route=\/wp\/v2\/posts\/24542\/revisions\/24576"}],"wp:featuredmedia":[{"embeddable":true,"href":"https:\/\/www.salgadonoticias.com\/index.php?rest_route=\/wp\/v2\/media\/24550"}],"wp:attachment":[{"href":"https:\/\/www.salgadonoticias.com\/index.php?rest_route=%2Fwp%2Fv2%2Fmedia&parent=24542"}],"wp:term":[{"taxonomy":"category","embeddable":true,"href":"https:\/\/www.salgadonoticias.com\/index.php?rest_route=%2Fwp%2Fv2%2Fcategories&post=24542"},{"taxonomy":"post_tag","embeddable":true,"href":"https:\/\/www.salgadonoticias.com\/index.php?rest_route=%2Fwp%2Fv2%2Ftags&post=24542"}],"curies":[{"name":"wp","href":"https:\/\/api.w.org\/{rel}","templated":true}]}}