{"id":24557,"date":"2023-10-03T00:30:00","date_gmt":"2023-10-03T05:30:00","guid":{"rendered":"http:\/\/www.salgadonoticias.com\/?p=24557"},"modified":"2023-10-02T19:54:55","modified_gmt":"2023-10-03T00:54:55","slug":"24557","status":"publish","type":"post","link":"https:\/\/www.salgadonoticias.com\/?p=24557","title":{"rendered":"Una Prorroga M\u00e1s para Autos Chocolate&#8230;!!!"},"content":{"rendered":"<p>Views: 12<\/p>\n<p>.<\/p>\n\n\n\n<p>Nuevamente por decreto se <strong><mark style=\"background-color:#ff6900\" class=\"has-inline-color\">amplia<\/mark><\/strong> por <strong><mark style=\"background-color:rgba(0, 0, 0, 0);color:#960606\" class=\"has-inline-color\">sexta<\/mark><\/strong> ocasi\u00f3n el<strong> <mark style=\"background-color:#f8d576\" class=\"has-inline-color\">plazo y la Cobertura<\/mark>  PARA la <mark style=\"background-color:rgba(0, 0, 0, 0);color:#ab0766\" class=\"has-inline-color\">REGULARIZACI\u00d3N de veh\u00edculos<\/mark><mark style=\"background-color:rgba(0, 0, 0, 0)\" class=\"has-inline-color has-vivid-red-color\"> <\/mark><mark style=\"background-color:rgba(0, 0, 0, 0)\" class=\"has-inline-color has-black-color\">usados<\/mark><mark style=\"background-color:rgba(0, 0, 0, 0)\" class=\"has-inline-color has-vivid-red-color\"> <\/mark><\/strong><mark style=\"background-color:rgba(0, 0, 0, 0)\" class=\"has-inline-color has-black-color\">de<\/mark><strong><mark style=\"background-color:rgba(0, 0, 0, 0)\" class=\"has-inline-color has-vivid-red-color\"> <\/mark><mark style=\"background-color:rgba(0, 0, 0, 0);color:#a40303\" class=\"has-inline-color\">procedencia extranjera<\/mark>,<\/strong> mejor conocidos como<strong><mark style=\"background-color:rgba(0, 0, 0, 0)\" class=\"has-inline-color has-vivid-red-color\"> <\/mark><mark style=\"background-color:#5fc19d\" class=\"has-inline-color has-black-color\">\u201cAutos Chocolate\u201d<\/mark><\/strong>; para que OBTENGAN la documentaci\u00f3n que acredite su legal estancia en M\u00e9xico.<\/p>\n\n\n\n<p><strong>AHORA<\/strong> el plazo de regularizaci\u00f3n de carros chocolate <strong>ser\u00e1<\/strong> hasta el <mark style=\"background-color:#d2a2f1\" class=\"has-inline-color has-black-color\"><strong>31<\/strong> de <strong>diciembre<\/strong><\/mark> de este a\u00f1o.&nbsp;<\/p>\n\n\n\n<p><\/p>\n\n\n\n<p>Este programa de regulaci\u00f3n seguir\u00e1 vigente en los 16 estados ya estipulados en los decretos anteriores y el costo sigue siendo de <mark style=\"background-color:rgba(0, 0, 0, 0);color:#05067b\" class=\"has-inline-color\"><strong>2<\/strong> mil <strong>500<\/strong> pesos<\/mark><mark style=\"background-color:rgba(0, 0, 0, 0);color:#096397\" class=\"has-inline-color\">.<\/mark><\/p>\n\n\n\n<p>.<\/p>\n\n\n\n<p>Recordemos que siguen <strong><mark style=\"background-color:rgba(0, 0, 0, 0)\" class=\"has-inline-color has-vivid-red-color\">excluidos<\/mark><\/strong> los veh\u00edculos <strong>deportivos <mark style=\"background-color:rgba(0, 0, 0, 0)\" class=\"has-inline-color has-vivid-red-color\">y<\/mark> blindado<\/strong>s, adem\u00e1s de unidades robadas <strong><mark style=\"background-color:rgba(0, 0, 0, 0)\" class=\"has-inline-color has-vivid-red-color\">o<\/mark><\/strong> que no cumplan las normas ambientales, (lo cual es <strong>dif\u00edcil<\/strong> de <strong>verificar<\/strong>) <\/p>\n\n\n\n<p>.<\/p>\n\n\n\n<p>.<\/p>\n\n\n\n<p>Si estas en el <strong><mark style=\"background-color:rgba(0, 0, 0, 0)\" class=\"has-inline-color has-vivid-red-color\">Extranjero <\/mark><\/strong>nosotros somos tu <strong><mark style=\"background-color:rgba(0, 0, 0, 0)\" class=\"has-inline-color has-vivid-green-cyan-color\">mejor<\/mark><\/strong> alternativa para <strong><mark style=\"background-color:rgba(0, 0, 0, 0)\" class=\"has-inline-color has-luminous-vivid-orange-color\">velar<\/mark><\/strong> por tus <strong><mark style=\"background-color:rgba(0, 0, 0, 0)\" class=\"has-inline-color has-vivid-cyan-blue-color\">intereses<\/mark><\/strong>.<\/p>\n\n\n\n<p>.<\/p>\n\n\n\n<p>Cuando<strong> necesites<\/strong> ayuda, <strong>asistencia<\/strong> o <strong>planeaci\u00f3n<\/strong> legal, <strong>solicita<\/strong> <strong>Cita Privada<\/strong> <a rel=\"noreferrer noopener\" href=\"mailto:bi@sm99.mx\" target=\"_blank\"><strong>Aqu\u00ed<\/strong><\/a><\/p>\n\n\n\n<p>La informaci\u00f3n que AQU\u00cd te presentamos <strong>deriva<\/strong> de los <strong>Peri\u00f3dicos Oficiales <\/strong>de la<strong> CdMx<\/strong>, <strong>Estado<\/strong> de Mex., Diario <strong>Oficial<\/strong> de la Federaci\u00f3n, Suprema Corte de<strong> Justicia<\/strong> de la Naci\u00f3n, por lo tanto es de <strong>aplicaci\u00f3n OBLIGATORIA<\/strong><\/p>\n\n\n\n<p><\/p>\n\n\n\n<p>Esta informaci\u00f3n procede del Diario Oficial.<\/p>\n\n\n\n<p><\/p>\n\n\n\n<p><strong><mark style=\"background-color:rgba(0, 0, 0, 0)\" class=\"has-inline-color has-luminous-vivid-orange-color\">AY\u00daDANOS<\/mark><\/strong> para que m\u00e1s personas conozcan esta informaci\u00f3n, <strong>Comp\u00e1rtelo<\/strong> en tus redes sociales. ?<\/p>\n\n\n<div class=\"wp-block-image\">\n<figure class=\"alignright size-full is-resized\"><a href=\"http:\/\/www.salgadonoticias.com\/wp-content\/uploads\/2023\/10\/image.png\"><img loading=\"lazy\" decoding=\"async\" src=\"http:\/\/www.salgadonoticias.com\/wp-content\/uploads\/2023\/10\/image.png\" alt=\"\" class=\"wp-image-24572\" width=\"77\" height=\"77\" srcset=\"https:\/\/www.salgadonoticias.com\/wp-content\/uploads\/2023\/10\/image.png 225w, https:\/\/www.salgadonoticias.com\/wp-content\/uploads\/2023\/10\/image-150x150.png 150w\" sizes=\"(max-width: 77px) 100vw, 77px\" \/><\/a><\/figure><\/div>","protected":false},"excerpt":{"rendered":"<p>Views: 12 . Nuevamente por decreto se amplia por sexta ocasi\u00f3n el plazo y la Cobertura PARA la REGULARIZACI\u00d3N de veh\u00edculos usados de procedencia extranjera, mejor conocidos como \u201cAutos Chocolate\u201d; para que OBTENGAN la documentaci\u00f3n que acredite su legal estancia en M\u00e9xico. AHORA el plazo de regularizaci\u00f3n de carros chocolate ser\u00e1 hasta el 31 de [&hellip;]<\/p>\n","protected":false},"author":3,"featured_media":24560,"comment_status":"closed","ping_status":"open","sticky":false,"template":"","format":"standard","meta":{"_jetpack_memberships_contains_paid_content":false,"footnotes":""},"categories":[4],"tags":[],"jetpack_sharing_enabled":true,"jetpack_featured_media_url":"https:\/\/www.salgadonoticias.com\/wp-content\/uploads\/2023\/10\/chocolate-2.webp","_links":{"self":[{"href":"https:\/\/www.salgadonoticias.com\/index.php?rest_route=\/wp\/v2\/posts\/24557"}],"collection":[{"href":"https:\/\/www.salgadonoticias.com\/index.php?rest_route=\/wp\/v2\/posts"}],"about":[{"href":"https:\/\/www.salgadonoticias.com\/index.php?rest_route=\/wp\/v2\/types\/post"}],"author":[{"embeddable":true,"href":"https:\/\/www.salgadonoticias.com\/index.php?rest_route=\/wp\/v2\/users\/3"}],"replies":[{"embeddable":true,"href":"https:\/\/www.salgadonoticias.com\/index.php?rest_route=%2Fwp%2Fv2%2Fcomments&post=24557"}],"version-history":[{"count":4,"href":"https:\/\/www.salgadonoticias.com\/index.php?rest_route=\/wp\/v2\/posts\/24557\/revisions"}],"predecessor-version":[{"id":24579,"href":"https:\/\/www.salgadonoticias.com\/index.php?rest_route=\/wp\/v2\/posts\/24557\/revisions\/24579"}],"wp:featuredmedia":[{"embeddable":true,"href":"https:\/\/www.salgadonoticias.com\/index.php?rest_route=\/wp\/v2\/media\/24560"}],"wp:attachment":[{"href":"https:\/\/www.salgadonoticias.com\/index.php?rest_route=%2Fwp%2Fv2%2Fmedia&parent=24557"}],"wp:term":[{"taxonomy":"category","embeddable":true,"href":"https:\/\/www.salgadonoticias.com\/index.php?rest_route=%2Fwp%2Fv2%2Fcategories&post=24557"},{"taxonomy":"post_tag","embeddable":true,"href":"https:\/\/www.salgadonoticias.com\/index.php?rest_route=%2Fwp%2Fv2%2Ftags&post=24557"}],"curies":[{"name":"wp","href":"https:\/\/api.w.org\/{rel}","templated":true}]}}