{"id":24563,"date":"2023-10-03T01:00:00","date_gmt":"2023-10-03T06:00:00","guid":{"rendered":"http:\/\/www.salgadonoticias.com\/?p=24563"},"modified":"2023-10-03T11:54:21","modified_gmt":"2023-10-03T16:54:21","slug":"24563","status":"publish","type":"post","link":"https:\/\/www.salgadonoticias.com\/?p=24563","title":{"rendered":"Obligatorio Instalar Corredores POLINIZADORES en EdoMex &#8230;!!!"},"content":{"rendered":"<p>Views: 11<\/p>\n<p>.<\/p>\n\n\n\n<figure class=\"wp-block-embed is-type-video is-provider-youtube wp-block-embed-youtube wp-embed-aspect-16-9 wp-has-aspect-ratio\"><div class=\"wp-block-embed__wrapper\">\n<iframe loading=\"lazy\" title=\"Obligatorio Instalar Corredores POLINIZADORES en EdoMex \u2026!!!\" width=\"640\" height=\"360\" src=\"https:\/\/www.youtube.com\/embed\/unRoGHAhaGQ?feature=oembed\" frameborder=\"0\" allow=\"accelerometer; autoplay; clipboard-write; encrypted-media; gyroscope; picture-in-picture; web-share\" referrerpolicy=\"strict-origin-when-cross-origin\" allowfullscreen><\/iframe>\n<\/div><\/figure>\n\n\n\n<p>.<\/p>\n\n\n\n<p>Con la modificaci\u00f3n a la Ley de Apicultura del EdoMex, se le <strong>otorga poder<\/strong> a la <strong>Secretar\u00eda del Campo<\/strong> para que a partir de hoy <strong><mark style=\"background-color:rgba(0, 0, 0, 0);color:#800101\" class=\"has-inline-color\">IMPULSE<\/mark><\/strong>&nbsp;la<strong> <mark style=\"background-color:#a0d0bd\" class=\"has-inline-color\">colocaci\u00f3n, protecci\u00f3n y atenci\u00f3n<\/mark><\/strong> de <strong><mark style=\"background-color:#eed07e\" class=\"has-inline-color\">espacios polinizadores<\/mark> <\/strong>en las <strong>\u00e1reas verdes<\/strong> que <strong><mark style=\"background-color:rgba(0, 0, 0, 0);color:#c70346\" class=\"has-inline-color\">PROTEJAN<\/mark><\/strong> <span style=\"text-decoration: underline;\">principalmente<\/span> a las <strong><mark style=\"background-color:rgba(0, 0, 0, 0);color:#cf0752\" class=\"has-inline-color\">abejas y abejorros<\/mark><\/strong>.<\/p>\n\n\n\n<p>Lo anterior se har\u00e1 en <strong>coordinaci\u00f3n<\/strong> con los <strong><mark style=\"background-color:rgba(0, 0, 0, 0)\" class=\"has-inline-color has-vivid-red-color\">municipios<\/mark><\/strong> y los poderes p\u00fablicos <strong>estatales<\/strong>, as\u00ed como organizaciones privadas.<\/p>\n\n\n\n<p>.<\/p>\n\n\n\n<p>Los <strong>contenedores, jardines, terrenos<\/strong> o \u00e1reas que cuenten <strong>con <\/strong><mark style=\"background-color:rgba(0, 0, 0, 0)\" class=\"has-inline-color has-vivid-red-color\"><strong>flora nativa<\/strong> <\/mark>que favorezcan la actividad ap\u00edcola ser\u00e1n <strong>definidos<\/strong> como <strong><mark style=\"background-color:#fcb900\" class=\"has-inline-color\">espacios polinizadores<\/mark><\/strong>.<\/p>\n\n\n\n<p>.<\/p>\n\n\n\n<p>En <strong><mark style=\"background-color:rgba(0, 0, 0, 0)\" class=\"has-inline-color has-vivid-red-color\">90 d\u00edas<\/mark> <\/strong>deber\u00e1n <strong>emitirse<\/strong> los <strong><mark style=\"background-color:rgba(0, 0, 0, 0)\" class=\"has-inline-color has-vivid-red-color\">lineamientos<\/mark><\/strong> para la instalaci\u00f3n de estos espacios.<\/p>\n\n\n\n<p>.<\/p>\n\n\n\n<p>.<\/p>\n\n\n\n<p id=\"block-efefeb78-d6c4-4622-8042-bd61c7501b4f\">Cuando<strong> necesites<\/strong> ayuda, <strong>asistencia<\/strong> o <strong>planeaci\u00f3n<\/strong> legal, <strong>solicita<\/strong> <strong>Cita Privada<\/strong> <a rel=\"noreferrer noopener\" href=\"mailto:bi@sm99.mx\" target=\"_blank\"><strong>Aqu\u00ed<\/strong><\/a><\/p>\n\n\n\n<p id=\"block-127bd0bb-ec2e-47a5-a5ba-f6476c1d1367\">La informaci\u00f3n que AQU\u00cd te presentamos <strong>deriva<\/strong> de los <strong>Peri\u00f3dicos Oficiales <\/strong>de la<strong> CdMx<\/strong>, <strong>Estado<\/strong> de Mex., Diario <strong>Oficial<\/strong> de la Federaci\u00f3n, Suprema Corte de<strong> Justicia<\/strong> de la Naci\u00f3n, por lo tanto es de <strong>aplicaci\u00f3n OBLIGATORIA<\/strong><\/p>\n\n\n\n<p id=\"block-22c67c0a-58b2-4c47-8a85-8bd1ba3daefc\">La <strong>informaci\u00f3n<\/strong> de hoy procede de la Gaceta del Edomex.<\/p>\n\n\n\n<p>.<\/p>\n\n\n\n<p id=\"block-acdda148-43eb-4e2b-848f-9211186ad4ee\"><strong><mark style=\"background-color:rgba(0, 0, 0, 0)\" class=\"has-inline-color has-luminous-vivid-orange-color\">Ay\u00fadanos<\/mark><\/strong> para que m\u00e1s personas conozcan esta informaci\u00f3n, <strong>Comp\u00e1rtelo<\/strong> en tus redes sociales. <\/p>\n\n\n<div class=\"wp-block-image\">\n<figure class=\"alignright size-full is-resized\"><a href=\"http:\/\/www.salgadonoticias.com\/wp-content\/uploads\/2023\/10\/image.png\"><img loading=\"lazy\" decoding=\"async\" src=\"http:\/\/www.salgadonoticias.com\/wp-content\/uploads\/2023\/10\/image.png\" alt=\"\" class=\"wp-image-24572\" width=\"77\" height=\"77\" srcset=\"https:\/\/www.salgadonoticias.com\/wp-content\/uploads\/2023\/10\/image.png 225w, https:\/\/www.salgadonoticias.com\/wp-content\/uploads\/2023\/10\/image-150x150.png 150w\" sizes=\"(max-width: 77px) 100vw, 77px\" \/><\/a><\/figure><\/div>","protected":false},"excerpt":{"rendered":"<p>Views: 11 . . Con la modificaci\u00f3n a la Ley de Apicultura del EdoMex, se le otorga poder a la Secretar\u00eda del Campo para que a partir de hoy IMPULSE&nbsp;la colocaci\u00f3n, protecci\u00f3n y atenci\u00f3n de espacios polinizadores en las \u00e1reas verdes que PROTEJAN principalmente a las abejas y abejorros. Lo anterior se har\u00e1 en coordinaci\u00f3n [&hellip;]<\/p>\n","protected":false},"author":3,"featured_media":24569,"comment_status":"closed","ping_status":"open","sticky":false,"template":"","format":"standard","meta":{"_jetpack_memberships_contains_paid_content":false,"footnotes":""},"categories":[8],"tags":[],"jetpack_sharing_enabled":true,"jetpack_featured_media_url":"https:\/\/www.salgadonoticias.com\/wp-content\/uploads\/2023\/10\/polinizadores.jpg","_links":{"self":[{"href":"https:\/\/www.salgadonoticias.com\/index.php?rest_route=\/wp\/v2\/posts\/24563"}],"collection":[{"href":"https:\/\/www.salgadonoticias.com\/index.php?rest_route=\/wp\/v2\/posts"}],"about":[{"href":"https:\/\/www.salgadonoticias.com\/index.php?rest_route=\/wp\/v2\/types\/post"}],"author":[{"embeddable":true,"href":"https:\/\/www.salgadonoticias.com\/index.php?rest_route=\/wp\/v2\/users\/3"}],"replies":[{"embeddable":true,"href":"https:\/\/www.salgadonoticias.com\/index.php?rest_route=%2Fwp%2Fv2%2Fcomments&post=24563"}],"version-history":[{"count":7,"href":"https:\/\/www.salgadonoticias.com\/index.php?rest_route=\/wp\/v2\/posts\/24563\/revisions"}],"predecessor-version":[{"id":24580,"href":"https:\/\/www.salgadonoticias.com\/index.php?rest_route=\/wp\/v2\/posts\/24563\/revisions\/24580"}],"wp:featuredmedia":[{"embeddable":true,"href":"https:\/\/www.salgadonoticias.com\/index.php?rest_route=\/wp\/v2\/media\/24569"}],"wp:attachment":[{"href":"https:\/\/www.salgadonoticias.com\/index.php?rest_route=%2Fwp%2Fv2%2Fmedia&parent=24563"}],"wp:term":[{"taxonomy":"category","embeddable":true,"href":"https:\/\/www.salgadonoticias.com\/index.php?rest_route=%2Fwp%2Fv2%2Fcategories&post=24563"},{"taxonomy":"post_tag","embeddable":true,"href":"https:\/\/www.salgadonoticias.com\/index.php?rest_route=%2Fwp%2Fv2%2Ftags&post=24563"}],"curies":[{"name":"wp","href":"https:\/\/api.w.org\/{rel}","templated":true}]}}