{"id":24581,"date":"2023-10-04T00:11:00","date_gmt":"2023-10-04T05:11:00","guid":{"rendered":"http:\/\/www.salgadonoticias.com\/?p=24581"},"modified":"2023-10-04T11:12:34","modified_gmt":"2023-10-04T16:12:34","slug":"24581","status":"publish","type":"post","link":"https:\/\/www.salgadonoticias.com\/?p=24581","title":{"rendered":"Bur\u00f3cratas&#8230;2 meses para exigir Reinstalaci\u00f3n o Indemnizaci\u00f3n&#8230;!!!"},"content":{"rendered":"<p>Views: 10<\/p><div class=\"wp-block-image\">\n<figure class=\"alignright size-full is-resized\"><a href=\"http:\/\/www.salgadonoticias.com\/wp-content\/uploads\/2023\/10\/image.png\"><img loading=\"lazy\" decoding=\"async\" src=\"http:\/\/www.salgadonoticias.com\/wp-content\/uploads\/2023\/10\/image.png\" alt=\"\" class=\"wp-image-24572\" width=\"77\" height=\"77\" srcset=\"https:\/\/www.salgadonoticias.com\/wp-content\/uploads\/2023\/10\/image.png 225w, https:\/\/www.salgadonoticias.com\/wp-content\/uploads\/2023\/10\/image-150x150.png 150w\" sizes=\"(max-width: 77px) 100vw, 77px\" \/><\/a><\/figure><\/div>\n\n\n<p>.<\/p>\n\n\n\n<p><\/p>\n\n\n\n<p><\/p>\n\n\n\n<figure class=\"wp-block-embed is-type-video is-provider-youtube wp-block-embed-youtube wp-embed-aspect-16-9 wp-has-aspect-ratio\"><div class=\"wp-block-embed__wrapper\">\n<iframe loading=\"lazy\" title=\"2 meses para Exigir Reinstalaci\u00f3n o Indemnizaci\u00f3n de Bur\u00f3cratas en EdoMex\u2026!!!\" width=\"640\" height=\"360\" src=\"https:\/\/www.youtube.com\/embed\/vRo-Gc8NUhc?feature=oembed\" frameborder=\"0\" allow=\"accelerometer; autoplay; clipboard-write; encrypted-media; gyroscope; picture-in-picture; web-share\" referrerpolicy=\"strict-origin-when-cross-origin\" allowfullscreen><\/iframe>\n<\/div><\/figure>\n\n\n\n<p>A partir de hoy, los <strong><mark style=\"background-color:#f1d891\" class=\"has-inline-color\">Servidores P\u00fablicos<\/mark><\/strong> al servicios del Edo de M\u00e9xico, que sean <mark style=\"background-color:rgba(0, 0, 0, 0);color:#890202\" class=\"has-inline-color\"><strong>suspendidos <\/strong><\/mark><mark style=\"background-color:rgba(0, 0, 0, 0)\" class=\"has-inline-color has-black-color\">o<\/mark><mark style=\"background-color:rgba(0, 0, 0, 0);color:#890202\" class=\"has-inline-color\"> <strong>Despedidos Injustamente<\/strong><\/mark> <strong>TENDR\u00c1N<\/strong> con <strong><mark style=\"background-color:#74c0ef\" class=\"has-inline-color\">DOS meses<\/mark><\/strong> para <span style=\"text-decoration: underline;\"><strong>SOLICITAR<\/strong><\/span> su <strong><mark style=\"background-color:rgba(0, 0, 0, 0);color:#7715d3\" class=\"has-inline-color\">Reinstalaci\u00f3n<\/mark><\/strong> o bien su <strong><mark style=\"background-color:rgba(0, 0, 0, 0);color:#51049a\" class=\"has-inline-color\">Indemnizaci\u00f3n<\/mark><\/strong> a la que tengan derecho, dicho tiempo <strong>empezar\u00e1<\/strong> a contar <span style=\"text-decoration: underline;\">a partir del d\u00eda siguiente de la fecha del despido o suspensi\u00f3n.<\/span><\/p>\n\n\n\n<p>.<\/p>\n\n\n\n<p>Lo anterior es porque con la modificaci\u00f3n al art. 180 fracc. II de la Ley del Trabajo de los Servidores P\u00fablicos del Estado y Municipios, se <strong>amplia<\/strong> el plazo de<strong> <\/strong><mark style=\"background-color:#efc0cc\" class=\"has-inline-color\"><strong>uno<\/strong> a <strong>DOS<\/strong> meses<\/mark> para que los bur\u00f3cratas hagan valer sus derechos como trabajadores, dejando claro que una vez <strong>transcurrido el tiempo estipulado<\/strong> <strong><mark style=\"background-color:rgba(0, 0, 0, 0);color:#bd0f0f\" class=\"has-inline-color\">PRESCRIBE <\/mark><mark style=\"background-color:#edc966\" class=\"has-inline-color\">cualquier derecho o acci\u00f3n legal<\/mark><\/strong>.<\/p>\n\n\n\n<p>.<\/p>\n\n\n\n<p><\/p>\n\n\n\n<p>Si estas en el <strong><mark style=\"background-color:rgba(0, 0, 0, 0)\" class=\"has-inline-color has-vivid-red-color\">Extranjero <\/mark><\/strong>nosotros somos tu <strong><mark style=\"background-color:rgba(0, 0, 0, 0)\" class=\"has-inline-color has-vivid-green-cyan-color\">mejor<\/mark><\/strong> alternativa para <strong><mark style=\"background-color:rgba(0, 0, 0, 0)\" class=\"has-inline-color has-luminous-vivid-orange-color\">velar<\/mark><\/strong> por tus <strong><mark style=\"background-color:rgba(0, 0, 0, 0)\" class=\"has-inline-color has-vivid-cyan-blue-color\">intereses<\/mark><\/strong>.<\/p>\n\n\n\n<p>.<\/p>\n\n\n\n<p>Cuando<strong> necesites<\/strong> ayuda, <strong>asistencia<\/strong> o <strong>planeaci\u00f3n<\/strong> legal, <strong>solicita<\/strong> <strong>Cita Privada<\/strong> <a rel=\"noreferrer noopener\" href=\"mailto:bi@sm99.mx\" target=\"_blank\"><strong>Aqu\u00ed<\/strong><\/a><\/p>\n\n\n\n<p>La informaci\u00f3n que AQU\u00cd te presentamos <strong>deriva<\/strong> de los <strong>Peri\u00f3dicos Oficiales <\/strong>de la<strong> CdMx<\/strong>, <strong>Estado<\/strong> de Mex., Diario <strong>Oficial<\/strong> de la Federaci\u00f3n, Suprema Corte de<strong> Justicia<\/strong> de la Naci\u00f3n, por lo tanto es de <strong>aplicaci\u00f3n OBLIGATORIA<\/strong><\/p>\n\n\n\n<p>La <strong>informaci\u00f3n<\/strong> de hoy procede de la Gaceta del Edo de Mexico.<\/p>\n\n\n\n<p><strong><mark style=\"background-color:rgba(0, 0, 0, 0)\" class=\"has-inline-color has-luminous-vivid-orange-color\">AY\u00daDANOS<\/mark><\/strong> para que m\u00e1s personas conozcan esta informaci\u00f3n, <strong>Comp\u00e1rtelo<\/strong> en tus redes sociales. ?<\/p>\n","protected":false},"excerpt":{"rendered":"<p>Views: 10 . A partir de hoy, los Servidores P\u00fablicos al servicios del Edo de M\u00e9xico, que sean suspendidos o Despedidos Injustamente TENDR\u00c1N con DOS meses para SOLICITAR su Reinstalaci\u00f3n o bien su Indemnizaci\u00f3n a la que tengan derecho, dicho tiempo empezar\u00e1 a contar a partir del d\u00eda siguiente de la fecha del despido o [&hellip;]<\/p>\n","protected":false},"author":3,"featured_media":24590,"comment_status":"closed","ping_status":"open","sticky":false,"template":"","format":"standard","meta":{"_jetpack_memberships_contains_paid_content":false,"footnotes":""},"categories":[8],"tags":[],"jetpack_sharing_enabled":true,"jetpack_featured_media_url":"https:\/\/www.salgadonoticias.com\/wp-content\/uploads\/2023\/10\/prescripcion.webp","_links":{"self":[{"href":"https:\/\/www.salgadonoticias.com\/index.php?rest_route=\/wp\/v2\/posts\/24581"}],"collection":[{"href":"https:\/\/www.salgadonoticias.com\/index.php?rest_route=\/wp\/v2\/posts"}],"about":[{"href":"https:\/\/www.salgadonoticias.com\/index.php?rest_route=\/wp\/v2\/types\/post"}],"author":[{"embeddable":true,"href":"https:\/\/www.salgadonoticias.com\/index.php?rest_route=\/wp\/v2\/users\/3"}],"replies":[{"embeddable":true,"href":"https:\/\/www.salgadonoticias.com\/index.php?rest_route=%2Fwp%2Fv2%2Fcomments&post=24581"}],"version-history":[{"count":8,"href":"https:\/\/www.salgadonoticias.com\/index.php?rest_route=\/wp\/v2\/posts\/24581\/revisions"}],"predecessor-version":[{"id":24603,"href":"https:\/\/www.salgadonoticias.com\/index.php?rest_route=\/wp\/v2\/posts\/24581\/revisions\/24603"}],"wp:featuredmedia":[{"embeddable":true,"href":"https:\/\/www.salgadonoticias.com\/index.php?rest_route=\/wp\/v2\/media\/24590"}],"wp:attachment":[{"href":"https:\/\/www.salgadonoticias.com\/index.php?rest_route=%2Fwp%2Fv2%2Fmedia&parent=24581"}],"wp:term":[{"taxonomy":"category","embeddable":true,"href":"https:\/\/www.salgadonoticias.com\/index.php?rest_route=%2Fwp%2Fv2%2Fcategories&post=24581"},{"taxonomy":"post_tag","embeddable":true,"href":"https:\/\/www.salgadonoticias.com\/index.php?rest_route=%2Fwp%2Fv2%2Ftags&post=24581"}],"curies":[{"name":"wp","href":"https:\/\/api.w.org\/{rel}","templated":true}]}}