{"id":24635,"date":"2023-10-10T00:40:00","date_gmt":"2023-10-10T05:40:00","guid":{"rendered":"http:\/\/www.salgadonoticias.com\/?p=24635"},"modified":"2023-10-10T16:37:33","modified_gmt":"2023-10-10T21:37:33","slug":"24635","status":"publish","type":"post","link":"https:\/\/www.salgadonoticias.com\/?p=24635","title":{"rendered":"Amparos ante Poderes Judiciales LOCALES, No Necesitan FIREL o FIEL\u2026!!!"},"content":{"rendered":"<p>Views: 11<\/p>\n<p>.<\/p>\n\n\n\n<figure class=\"wp-block-embed is-type-video is-provider-youtube wp-block-embed-youtube wp-embed-aspect-16-9 wp-has-aspect-ratio\"><div class=\"wp-block-embed__wrapper\">\n<iframe loading=\"lazy\" title=\"Amparos ante Poderes Judiciales LOCALES, No Necesitan FIREL o FIEL \u2026!!!\" width=\"640\" height=\"360\" src=\"https:\/\/www.youtube.com\/embed\/w26yapf-Xd8?feature=oembed\" frameborder=\"0\" allow=\"accelerometer; autoplay; clipboard-write; encrypted-media; gyroscope; picture-in-picture; web-share\" referrerpolicy=\"strict-origin-when-cross-origin\" allowfullscreen><\/iframe>\n<\/div><\/figure>\n\n\n\n<p>.<\/p>\n\n\n\n<p>Este ANTECEDENTE<\/p>\n\n\n\n<p>Surge luego de que el <span style=\"text-decoration: underline;\">presidente del Tribunal Colegiado de Circuito<\/span> <strong>desecho la demanda<\/strong> al considerar que la <mark style=\"background-color:#ff6900\" class=\"has-inline-color has-black-color\"><strong>falta<\/strong> de la firma electr\u00f3nica<\/mark> impide tener por satisfecho el principio de instancia de parte agraviada.<\/p>\n\n\n\n<p>La persona Moral interpuso <strong>recurso de <mark style=\"background-color:rgba(0, 0, 0, 0)\" class=\"has-inline-color has-vivid-red-color\">reclamaci\u00f3n<\/mark><\/strong>, ya que cuando su representante legal presento la demanda a trav\u00e9s del sistema electr\u00f3nico del Poder Judicial de Nuevo Le\u00f3n. <strong><mark style=\"background-color:#fcb900\" class=\"has-inline-color\">La <em><u>demanda conten\u00eda la certificaci\u00f3n exigida por el sistema electr\u00f3nico de dicho Poder con lo que identificaba al promovente<\/u><\/em>,<\/mark><\/strong> pero <strong>no ten\u00eda la FIREL o la FIEL porque dicho sistema NO est\u00e1 habilitado para admitir el empleo de dichas firmas<\/strong>.<\/p>\n\n\n\n<p>.<\/p>\n\n\n\n<p>La <strong><mark style=\"background-color:rgba(0, 0, 0, 0);color:#1307e3\" class=\"has-inline-color\">Suprema Corte de Justicia<\/mark><\/strong>, <strong><mark style=\"background-color:rgba(0, 0, 0, 0);color:#8e0808\" class=\"has-inline-color\">DETERMIN\u00d3<\/mark> <\/strong>que las <mark style=\"background-color:#fcb900\" class=\"has-inline-color\"><span style=\"text-decoration: underline;\">demandas<\/span> de <strong>amparo directo<\/strong><\/mark> <span style=\"text-decoration: underline;\">presentadas a trav\u00e9s<\/span> de los <strong><mark style=\"background-color:#ff6900;color:#6d0339\" class=\"has-inline-color\">portarles electr\u00f3nicos<\/mark><\/strong> de los <strong><mark style=\"background-color:#bfe1f7\" class=\"has-inline-color\">Poderes Judiciales LOCALES<\/mark><\/strong>, <strong><mark style=\"background-color:rgba(0, 0, 0, 0)\" class=\"has-inline-color has-vivid-red-color\">NO NECESITAN <\/mark><\/strong>contener la <mark style=\"background-color:rgba(0, 0, 0, 0);color:#269904\" class=\"has-inline-color\"><strong>FIREL o la FIEL<\/strong><\/mark>, <strong>basta que contengan<\/strong> el CERTIFICADO DIGITAL <strong>generado<\/strong> por el sistema electr\u00f3nico del Poder Judicial <strong>Local<\/strong> respectivo.<\/p>\n\n\n\n<p>.<\/p>\n\n\n\n<p>La justificaci\u00f3n de la <strong><mark style=\"background-color:rgba(0, 0, 0, 0);color:#05148f\" class=\"has-inline-color\">SCJN<\/mark><\/strong> es con base a que el art\u00edculo <strong>176<\/strong> de la <strong>Ley de Amparo<\/strong>; <strong><mark style=\"background-color:rgba(0, 0, 0, 0)\" class=\"has-inline-color has-vivid-red-color\">adem\u00e1s<\/mark><\/strong> de los Acuerdos generales que regulan la <strong><mark style=\"background-color:#f78da7\" class=\"has-inline-color\">integraci\u00f3n y tr\u00e1mite de expediente electr\u00f3nico<\/mark><\/strong> y el uso de <strong><mark style=\"background-color:#8ed1fc\" class=\"has-inline-color\">videoconferencias <\/mark><\/strong>en todos los asuntos competencia de los \u00f3rganos jurisdiccionales a cargo del propio Consejo y donde se establecen los siguientes <mark style=\"background-color:rgba(0, 0, 0, 0);color:#b40214\" class=\"has-inline-color\"><strong>tres<\/strong> puntos <strong>principales<\/strong>:<\/mark><\/p>\n\n\n\n<ol type=\"1\">\n<li><mark style=\"background-color:#fad366\" class=\"has-inline-color\">Las demandas de<strong> amparo directo <\/strong>pueden<strong> PRESENTARSE <u>a trav\u00e9s<\/u> <\/strong>de los<strong> sistemas electr\u00f3nicos <\/strong>de los<strong> Poderes Judiciales locales;<\/strong><\/mark><\/li>\n\n\n\n<li><mark style=\"background-color:#69f5c1\" class=\"has-inline-color\">Las <strong>demandas<\/strong> PUEDEN contener el <strong>certificado digital<\/strong> que <strong>emitan<\/strong> los Poderes Judiciales locales y por lo tanto \u00e9stos, <strong>NO<\/strong> est\u00e1n vinculados a <strong>emplear<\/strong> la <strong>FIREL<\/strong> o la <strong>FIEL<\/strong>; y,<\/mark><\/li>\n\n\n\n<li><mark style=\"background-color:#c496ef\" class=\"has-inline-color\">Las <strong>promociones electr\u00f3nicas<\/strong> con el <strong>certificado digital<\/strong> TIENEN los <strong>mismos efectos<\/strong> que las presentadas con <strong>firma aut\u00f3grafa<\/strong>.<\/mark><\/li>\n<\/ol>\n\n\n\n<p>Por lo que, conforme a la disposici\u00f3n citada, las <strong>demandas de amparo<\/strong> que se <strong>presenten<\/strong> a trav\u00e9s de los sistemas electr\u00f3nicos de los <strong>Poderes Judiciales LOCALES<\/strong> y que <strong>contengan<\/strong> el <strong>certificado digital<\/strong> que \u00e9stos generen, <strong><mark style=\"background-color:#ff6900\" class=\"has-inline-color\">satisfacen el principio de instancia de parte agraviada<\/mark><\/strong> porque tienen el <strong>mismo <\/strong><mark style=\"background-color:rgba(0, 0, 0, 0)\" class=\"has-inline-color has-vivid-red-color\"><strong>efecto<\/strong> <\/mark>que las que contienen <strong>firma <mark style=\"background-color:rgba(0, 0, 0, 0)\" class=\"has-inline-color has-vivid-red-color\">aut\u00f3grafa<\/mark><\/strong>.<\/p>\n\n\n\n<p>.<\/p>\n\n\n\n<p>Esta <strong><mark style=\"background-color:#5de9b1\" class=\"has-inline-color\">RESOLUCI\u00d3N<\/mark><\/strong> es de <strong>aplicaci\u00f3n<\/strong> <strong><mark style=\"background-color:rgba(0, 0, 0, 0);color:#780303\" class=\"has-inline-color\">OBLIGATORIA<\/mark><\/strong> en todo el pa\u00eds a partir de esta semana.<\/p>\n\n\n\n<p>.<\/p>\n\n\n\n<p>Si estas en el <strong><mark style=\"background-color:rgba(0, 0, 0, 0)\" class=\"has-inline-color has-vivid-red-color\">Extranjero <\/mark><\/strong>nosotros somos tu <strong><mark style=\"background-color:rgba(0, 0, 0, 0)\" class=\"has-inline-color has-vivid-green-cyan-color\">mejor<\/mark><\/strong> alternativa para <strong><mark style=\"background-color:rgba(0, 0, 0, 0)\" class=\"has-inline-color has-luminous-vivid-orange-color\">velar<\/mark><\/strong> por tus <strong><mark style=\"background-color:rgba(0, 0, 0, 0)\" class=\"has-inline-color has-vivid-cyan-blue-color\">intereses<\/mark><\/strong>, escr\u00edbenos o ll\u00e1manos al Tel <strong>55581-11311<\/strong>.<\/p>\n\n\n\n<p>.<\/p>\n\n\n\n<p>Cuando<strong> necesites<\/strong> ayuda, <strong>asistencia<\/strong> o <strong>planeaci\u00f3n<\/strong> legal, <strong>solicita<\/strong> <strong>Cita Privada<\/strong> <a rel=\"noreferrer noopener\" href=\"mailto:bi@sm99.mx\" target=\"_blank\"><strong>Aqu\u00ed<\/strong><\/a><\/p>\n\n\n\n<p>La informaci\u00f3n que AQU\u00cd te presentamos <strong>deriva<\/strong> de los <strong>Peri\u00f3dicos Oficiales <\/strong>de la<strong> CdMx<\/strong>, <strong>Estado<\/strong> de Mex., Diario <strong>Oficial<\/strong> de la Federaci\u00f3n, Suprema Corte de<strong> Justicia<\/strong> de la Naci\u00f3n, por lo tanto es de <strong>aplicaci\u00f3n OBLIGATORIA<\/strong><\/p>\n\n\n\n<p>La <strong>informaci\u00f3n<\/strong> de hoy procede de la Suprema Corte<\/p>\n\n\n\n<p><strong><mark style=\"background-color:rgba(0, 0, 0, 0)\" class=\"has-inline-color has-luminous-vivid-orange-color\">AY\u00daDANOS<\/mark><\/strong> para que m\u00e1s personas conozcan esta informaci\u00f3n, <strong>Comp\u00e1rtelo<\/strong> en tus redes sociales. <\/p>\n","protected":false},"excerpt":{"rendered":"<p>Views: 11 . . Este ANTECEDENTE Surge luego de que el presidente del Tribunal Colegiado de Circuito desecho la demanda al considerar que la falta de la firma electr\u00f3nica impide tener por satisfecho el principio de instancia de parte agraviada. La persona Moral interpuso recurso de reclamaci\u00f3n, ya que cuando su representante legal presento la [&hellip;]<\/p>\n","protected":false},"author":3,"featured_media":24660,"comment_status":"closed","ping_status":"open","sticky":false,"template":"","format":"standard","meta":{"_jetpack_memberships_contains_paid_content":false,"footnotes":""},"categories":[4],"tags":[],"jetpack_sharing_enabled":true,"jetpack_featured_media_url":"https:\/\/www.salgadonoticias.com\/wp-content\/uploads\/2023\/10\/firma.jpg","_links":{"self":[{"href":"https:\/\/www.salgadonoticias.com\/index.php?rest_route=\/wp\/v2\/posts\/24635"}],"collection":[{"href":"https:\/\/www.salgadonoticias.com\/index.php?rest_route=\/wp\/v2\/posts"}],"about":[{"href":"https:\/\/www.salgadonoticias.com\/index.php?rest_route=\/wp\/v2\/types\/post"}],"author":[{"embeddable":true,"href":"https:\/\/www.salgadonoticias.com\/index.php?rest_route=\/wp\/v2\/users\/3"}],"replies":[{"embeddable":true,"href":"https:\/\/www.salgadonoticias.com\/index.php?rest_route=%2Fwp%2Fv2%2Fcomments&post=24635"}],"version-history":[{"count":10,"href":"https:\/\/www.salgadonoticias.com\/index.php?rest_route=\/wp\/v2\/posts\/24635\/revisions"}],"predecessor-version":[{"id":24675,"href":"https:\/\/www.salgadonoticias.com\/index.php?rest_route=\/wp\/v2\/posts\/24635\/revisions\/24675"}],"wp:featuredmedia":[{"embeddable":true,"href":"https:\/\/www.salgadonoticias.com\/index.php?rest_route=\/wp\/v2\/media\/24660"}],"wp:attachment":[{"href":"https:\/\/www.salgadonoticias.com\/index.php?rest_route=%2Fwp%2Fv2%2Fmedia&parent=24635"}],"wp:term":[{"taxonomy":"category","embeddable":true,"href":"https:\/\/www.salgadonoticias.com\/index.php?rest_route=%2Fwp%2Fv2%2Fcategories&post=24635"},{"taxonomy":"post_tag","embeddable":true,"href":"https:\/\/www.salgadonoticias.com\/index.php?rest_route=%2Fwp%2Fv2%2Ftags&post=24635"}],"curies":[{"name":"wp","href":"https:\/\/api.w.org\/{rel}","templated":true}]}}