{"id":24637,"date":"2023-10-08T02:04:00","date_gmt":"2023-10-08T07:04:00","guid":{"rendered":"http:\/\/www.salgadonoticias.com\/?p=24637"},"modified":"2023-10-04T17:33:56","modified_gmt":"2023-10-04T22:33:56","slug":"instituye-el-senado-medalla-de-honor-armada-de-mexico","status":"publish","type":"post","link":"https:\/\/www.salgadonoticias.com\/?p=24637","title":{"rendered":"Instituye el senado \u201cMedalla de Honor Armada de M\u00e9xico\u201d&#8230;!!!"},"content":{"rendered":"<p>Views: 17<\/p>\n<p>.<\/p>\n\n\n\n<p>Por <strong>decreto<\/strong> el <strong>Senado de la Rep\u00fablica<\/strong> con motivo del <span style=\"text-decoration: underline;\">Bicentenario<\/span> de la <span style=\"text-decoration: underline;\">creaci\u00f3n<\/span> de la Armada de M\u00e9xico, <mark style=\"background-color:rgba(0, 0, 0, 0);color:#860505\" class=\"has-inline-color\"><strong>CREA<\/strong> <\/mark>la <strong><mark style=\"background-color:#97e7c7\" class=\"has-inline-color\">\u201cMedalla de Honor Armada de M\u00e9xico\u201d<\/mark><\/strong>. <\/p>\n\n\n\n<p>Esta condecoraci\u00f3n <strong>busca premiar a hombres y mujeres<\/strong> que se hayan <strong>distinguido<\/strong> por sus <strong><mark style=\"background-color:#eebbc8\" class=\"has-inline-color\">m\u00e9ritos acad\u00e9micos, profesionales y c\u00edvicos y por su valioso servicio prestado a esta instituci\u00f3n<\/mark><\/strong>.<\/p>\n\n\n\n<p>.<\/p>\n\n\n\n<p>La Comisi\u00f3n de Marina emitir\u00e1 una convocatoria p\u00fablica para la postulaci\u00f3n de candidaturas, el procedimiento de recepci\u00f3n de propuestas, evaluaci\u00f3n de \u00e9stas y conformaci\u00f3n del jurado calificador, as\u00ed como los criterios para la elecci\u00f3n del galardonado o galardonada.\u00a0<\/p>\n\n\n\n<p><\/p>\n\n\n\n<p><\/p>\n\n\n\n<p>.<\/p>\n\n\n\n<p>Si estas en el <strong><mark style=\"background-color:rgba(0, 0, 0, 0)\" class=\"has-inline-color has-vivid-red-color\">Extranjero <\/mark><\/strong>nosotros somos tu <strong><mark style=\"background-color:rgba(0, 0, 0, 0)\" class=\"has-inline-color has-vivid-green-cyan-color\">mejor<\/mark><\/strong> alternativa para <strong><mark style=\"background-color:rgba(0, 0, 0, 0)\" class=\"has-inline-color has-luminous-vivid-orange-color\">velar<\/mark><\/strong> por tus <strong><mark style=\"background-color:rgba(0, 0, 0, 0)\" class=\"has-inline-color has-vivid-cyan-blue-color\">intereses<\/mark><\/strong>, escr\u00edbenos o ll\u00e1manos al Tel <strong>55581-11311<\/strong>.<\/p>\n\n\n\n<p>.<\/p>\n\n\n\n<p>Cuando<strong> necesites<\/strong> ayuda, <strong>asistencia<\/strong> o <strong>planeaci\u00f3n<\/strong> legal, <strong>solicita<\/strong> <strong>Cita Privada<\/strong> <a rel=\"noreferrer noopener\" href=\"mailto:bi@sm99.mx\" target=\"_blank\"><strong>Aqu\u00ed<\/strong><\/a><\/p>\n\n\n\n<p>La informaci\u00f3n que AQU\u00cd te presentamos <strong>deriva<\/strong> de los <strong>Peri\u00f3dicos Oficiales <\/strong>de la<strong> CdMx<\/strong>, <strong>Estado<\/strong> de Mex., Diario <strong>Oficial<\/strong> de la Federaci\u00f3n, Suprema Corte de<strong> Justicia<\/strong> de la Naci\u00f3n, por lo tanto es de <strong>aplicaci\u00f3n OBLIGATORIA<\/strong><\/p>\n\n\n\n<p>La <strong>informaci\u00f3n<\/strong> de hoy procede del Diario Oficial<\/p>\n\n\n\n<p><strong><mark style=\"background-color:rgba(0, 0, 0, 0)\" class=\"has-inline-color has-luminous-vivid-orange-color\">AY\u00daDANOS<\/mark><\/strong> para que m\u00e1s personas conozcan esta informaci\u00f3n, <strong>Comp\u00e1rtelo<\/strong> en tus redes sociales. <\/p>\n","protected":false},"excerpt":{"rendered":"<p>Views: 17 . Por decreto el Senado de la Rep\u00fablica con motivo del Bicentenario de la creaci\u00f3n de la Armada de M\u00e9xico, CREA la \u201cMedalla de Honor Armada de M\u00e9xico\u201d. Esta condecoraci\u00f3n busca premiar a hombres y mujeres que se hayan distinguido por sus m\u00e9ritos acad\u00e9micos, profesionales y c\u00edvicos y por su valioso servicio prestado [&hellip;]<\/p>\n","protected":false},"author":3,"featured_media":24638,"comment_status":"closed","ping_status":"open","sticky":false,"template":"","format":"standard","meta":{"_jetpack_memberships_contains_paid_content":false,"footnotes":""},"categories":[4],"tags":[],"jetpack_sharing_enabled":true,"jetpack_featured_media_url":"https:\/\/www.salgadonoticias.com\/wp-content\/uploads\/2023\/10\/medalla.png","_links":{"self":[{"href":"https:\/\/www.salgadonoticias.com\/index.php?rest_route=\/wp\/v2\/posts\/24637"}],"collection":[{"href":"https:\/\/www.salgadonoticias.com\/index.php?rest_route=\/wp\/v2\/posts"}],"about":[{"href":"https:\/\/www.salgadonoticias.com\/index.php?rest_route=\/wp\/v2\/types\/post"}],"author":[{"embeddable":true,"href":"https:\/\/www.salgadonoticias.com\/index.php?rest_route=\/wp\/v2\/users\/3"}],"replies":[{"embeddable":true,"href":"https:\/\/www.salgadonoticias.com\/index.php?rest_route=%2Fwp%2Fv2%2Fcomments&post=24637"}],"version-history":[{"count":1,"href":"https:\/\/www.salgadonoticias.com\/index.php?rest_route=\/wp\/v2\/posts\/24637\/revisions"}],"predecessor-version":[{"id":24639,"href":"https:\/\/www.salgadonoticias.com\/index.php?rest_route=\/wp\/v2\/posts\/24637\/revisions\/24639"}],"wp:featuredmedia":[{"embeddable":true,"href":"https:\/\/www.salgadonoticias.com\/index.php?rest_route=\/wp\/v2\/media\/24638"}],"wp:attachment":[{"href":"https:\/\/www.salgadonoticias.com\/index.php?rest_route=%2Fwp%2Fv2%2Fmedia&parent=24637"}],"wp:term":[{"taxonomy":"category","embeddable":true,"href":"https:\/\/www.salgadonoticias.com\/index.php?rest_route=%2Fwp%2Fv2%2Fcategories&post=24637"},{"taxonomy":"post_tag","embeddable":true,"href":"https:\/\/www.salgadonoticias.com\/index.php?rest_route=%2Fwp%2Fv2%2Ftags&post=24637"}],"curies":[{"name":"wp","href":"https:\/\/api.w.org\/{rel}","templated":true}]}}