{"id":24643,"date":"2023-10-09T00:30:00","date_gmt":"2023-10-09T05:30:00","guid":{"rendered":"http:\/\/www.salgadonoticias.com\/?p=24643"},"modified":"2023-10-09T13:10:37","modified_gmt":"2023-10-09T18:10:37","slug":"24643","status":"publish","type":"post","link":"https:\/\/www.salgadonoticias.com\/?p=24643","title":{"rendered":"Mayores de EDAD Pueden DEMANDAR Alimentos que No les Dieron\u2026!!!"},"content":{"rendered":"<p>Views: 10<\/p>\n<p>.<\/p>\n\n\n\n<figure class=\"wp-block-embed is-type-video is-provider-youtube wp-block-embed-youtube wp-embed-aspect-16-9 wp-has-aspect-ratio\"><div class=\"wp-block-embed__wrapper\">\n<iframe loading=\"lazy\" title=\"Mayores de EDAD Pueden DEMANDAR Alimentos que no Recibieron \u2026!!!\" width=\"640\" height=\"360\" src=\"https:\/\/www.youtube.com\/embed\/m67qFdfHskA?feature=oembed\" frameborder=\"0\" allow=\"accelerometer; autoplay; clipboard-write; encrypted-media; gyroscope; picture-in-picture; web-share\" referrerpolicy=\"strict-origin-when-cross-origin\" allowfullscreen><\/iframe>\n<\/div><\/figure>\n\n\n\n<p>.<\/p>\n\n\n\n<p>Este ANTECEDENTE<\/p>\n\n\n\n<p>Surge despu\u00e9s de que <strong>un padre<\/strong> <strong><mark style=\"background-color:rgba(0, 0, 0, 0)\" class=\"has-inline-color has-vivid-red-color\">promoviera <\/mark><\/strong>juicio de<strong> amparo<\/strong> contra la sentencia que lo condenaba al <strong><mark style=\"background-color:#ff6900\" class=\"has-inline-color\">pago retroactivo<\/mark><\/strong> de alimentos a su hijo desde su nacimiento, argumentando que el art. 57 del C\u00f3digo Familiar en este caso del Edo. de Morelos se\u00f1ala que el pago de alimentos solo debe ser por los presente y futuros los cuales son imprescriptibles y <strong>NO por los del pasado<\/strong>.<\/p>\n\n\n\n<p>Esto porque el hijo presento la demanda once a\u00f1os despu\u00e9s de su reconocimiento y trece a\u00f1os despu\u00e9s de cumplir la mayor\u00eda de edad.<\/p>\n\n\n\n<p>.<\/p>\n\n\n\n<p>La <strong><mark style=\"background-color:rgba(0, 0, 0, 0);color:#0a28ad\" class=\"has-inline-color\">Suprema Corte de Justicia<\/mark><\/strong> <strong><mark style=\"background-color:rgba(0, 0, 0, 0);color:#960404\" class=\"has-inline-color\">DETERMIN\u00d3<\/mark><\/strong> que el <strong><u><mark style=\"background-color:#7ef1c3\" class=\"has-inline-color\">DERECHO<\/mark><\/u><\/strong> a recibir <strong><mark style=\"background-color:#95dec1\" class=\"has-inline-color\">ALIMENTOS<\/mark><\/strong>, debe ser <strong><mark><mark style=\"background-color:#fcb900\" class=\"has-inline-color\">A partir del nacimiento<\/mark><\/mark><\/strong> de la persona y <span style=\"text-decoration: underline;\"><em><strong>NO<\/strong> SOLO sobre los <strong>presentes <\/strong>o<strong> futuros<\/strong><\/em><\/span>, ya que se tienen que contemplar sobre los que la persona necesit\u00f3 durante su minor\u00eda de edad y que no le fueron proporcionados.<\/p>\n\n\n\n<p>.<\/p>\n\n\n\n<p>La justificaci\u00f3n de la Primera Sala de la <strong><mark style=\"background-color:rgba(0, 0, 0, 0);color:#0618aa\" class=\"has-inline-color\">SCJN<\/mark>, <\/strong>ha considerado que el <strong><mark style=\"background-color:rgba(0, 0, 0, 0)\" class=\"has-inline-color has-vivid-red-color\">derecho<\/mark><\/strong> de las personas menores de edad a <strong><mark style=\"background-color:rgba(0, 0, 0, 0)\" class=\"has-inline-color has-vivid-red-color\">recibir alimentos<\/mark><\/strong> por parte de sus progenitores <strong><mark style=\"background-color:#fcb900\" class=\"has-inline-color\">surge desde su nacimiento<\/mark><\/strong>, <strong><mark style=\"background-color:#ff6900\" class=\"has-inline-color\">momento a partir del cual tambi\u00e9n se origina la deuda alimenticia<\/mark><\/strong>, lo que justifica la posibilidad de <strong><mark style=\"background-color:rgba(0, 0, 0, 0);color:#b70164\" class=\"has-inline-color\">exigir<\/mark><\/strong> su <strong><mark style=\"background-color:rgba(0, 0, 0, 0);color:#b20954\" class=\"has-inline-color\">pago retroactivo<\/mark><\/strong> de los alimentos que no se suministraron durante la minor\u00eda de edad, ya que en este tipo de casos <strong>no opera<\/strong> la <strong>prescripci\u00f3n.<\/strong><\/p>\n\n\n\n<p>Con lo anterior se deja claro que, el <strong>derecho<\/strong> para <strong>SOLICITAR<\/strong> los alimentos retroactivos <strong><mark style=\"background-color:#ecc1cc\" class=\"has-inline-color\">NO SE EXTINGUE<\/mark><\/strong> <strong>con el transcurso del tiempo<\/strong> y menos puede <strong><mark style=\"background-color:rgba(0, 0, 0, 0)\" class=\"has-inline-color has-vivid-red-color\">precluir <\/mark><\/strong>por ser de orden p\u00fablico y porque no queda sujeto a la voluntad de las partes, <strong><mark style=\"background-color:#ff6900\" class=\"has-inline-color\">ni se extingue en perjuicio de las personas por no haberse reclamado mientras exista la causa que lo origin\u00f3<\/mark><\/strong>, y en este caso, la existencia del lazo o v\u00ednculo entre padres, madres e hijos o hijas derivado de la procreaci\u00f3n (v\u00ednculo filial), as\u00ed como la presunci\u00f3n de necesidad en favor de las personas cuando fueron menores de edad.<\/p>\n\n\n\n<p>Por lo tanto, la Primera Sala <strong>concluye<\/strong> que la referencia que hace el art\u00edculo 57 del C\u00f3digo Familiar para el Estado de Morelos relativa a que s\u00f3lo son <strong>imprescriptibles<\/strong> los <strong><mark style=\"background-color:rgba(0, 0, 0, 0)\" class=\"has-inline-color has-vivid-red-color\">alimentos actuales y futuros<\/mark><\/strong> <strong><mark style=\"background-color:#fcb900\" class=\"has-inline-color\">no puede entenderse como un impedimento para que la persona mayor de edad reclame aquellas necesidades alimentarias que necesit\u00f3 en su minor\u00eda de edad y que no le fueron suministradas<\/mark><\/strong>.<\/p>\n\n\n\n<p>.<\/p>\n\n\n\n<p>Esta <strong><mark style=\"background-color:#b6f1da\" class=\"has-inline-color\">resoluci\u00f3n<\/mark><\/strong> es de <strong>aplicaci\u00f3n<\/strong> <mark style=\"background-color:rgba(0, 0, 0, 0);color:#c80505\" class=\"has-inline-color\"><strong>OBLIGATORIA<\/strong><\/mark> en todo el pa\u00eds a partir de esta semana<\/p>\n\n\n\n<p>.<\/p>\n\n\n\n<p>.<\/p>\n\n\n\n<p><\/p>\n\n\n\n<p>Si estas en el <strong><mark style=\"background-color:rgba(0, 0, 0, 0)\" class=\"has-inline-color has-vivid-red-color\">Extranjero <\/mark><\/strong>nosotros somos tu <strong><mark style=\"background-color:rgba(0, 0, 0, 0)\" class=\"has-inline-color has-vivid-green-cyan-color\">mejor<\/mark><\/strong> alternativa para <strong><mark style=\"background-color:rgba(0, 0, 0, 0)\" class=\"has-inline-color has-luminous-vivid-orange-color\">velar<\/mark><\/strong> por tus <strong><mark style=\"background-color:rgba(0, 0, 0, 0)\" class=\"has-inline-color has-vivid-cyan-blue-color\">intereses<\/mark><\/strong>.<\/p>\n\n\n\n<p>.<\/p>\n\n\n\n<p>Cuando<strong> necesites<\/strong> ayuda, <strong>asistencia<\/strong> o <strong>planeaci\u00f3n<\/strong> legal, <strong>solicita<\/strong> <strong>Cita Privada<\/strong> <a rel=\"noreferrer noopener\" href=\"mailto:bi@sm99.mx\" target=\"_blank\"><strong>Aqu\u00ed<\/strong><\/a><\/p>\n\n\n\n<p>La informaci\u00f3n que AQU\u00cd te presentamos <strong>deriva<\/strong> de los <strong>Peri\u00f3dicos Oficiales <\/strong>de la<strong> CdMx<\/strong>, <strong>Estado<\/strong> de Mex., Diario <strong>Oficial<\/strong> de la Federaci\u00f3n, Suprema Corte de<strong> Justicia<\/strong> de la Naci\u00f3n, por lo tanto es de <strong>aplicaci\u00f3n OBLIGATORIA<\/strong><\/p>\n\n\n\n<p>La <strong>informaci\u00f3n<\/strong> de hoy procede de la Suprema Corte de Justicia<\/p>\n\n\n\n<p><strong><mark style=\"background-color:rgba(0, 0, 0, 0)\" class=\"has-inline-color has-luminous-vivid-orange-color\">AY\u00daDANOS<\/mark><\/strong> para que m\u00e1s personas conozcan esta informaci\u00f3n, <strong>Comp\u00e1rtelo<\/strong> en tus redes sociales. ?<\/p>\n","protected":false},"excerpt":{"rendered":"<p>Views: 10 . . Este ANTECEDENTE Surge despu\u00e9s de que un padre promoviera juicio de amparo contra la sentencia que lo condenaba al pago retroactivo de alimentos a su hijo desde su nacimiento, argumentando que el art. 57 del C\u00f3digo Familiar en este caso del Edo. de Morelos se\u00f1ala que el pago de alimentos solo [&hellip;]<\/p>\n","protected":false},"author":3,"featured_media":24650,"comment_status":"closed","ping_status":"open","sticky":false,"template":"","format":"standard","meta":{"_jetpack_memberships_contains_paid_content":false,"footnotes":""},"categories":[4],"tags":[],"jetpack_sharing_enabled":true,"jetpack_featured_media_url":"https:\/\/www.salgadonoticias.com\/wp-content\/uploads\/2023\/10\/pension.jpg","_links":{"self":[{"href":"https:\/\/www.salgadonoticias.com\/index.php?rest_route=\/wp\/v2\/posts\/24643"}],"collection":[{"href":"https:\/\/www.salgadonoticias.com\/index.php?rest_route=\/wp\/v2\/posts"}],"about":[{"href":"https:\/\/www.salgadonoticias.com\/index.php?rest_route=\/wp\/v2\/types\/post"}],"author":[{"embeddable":true,"href":"https:\/\/www.salgadonoticias.com\/index.php?rest_route=\/wp\/v2\/users\/3"}],"replies":[{"embeddable":true,"href":"https:\/\/www.salgadonoticias.com\/index.php?rest_route=%2Fwp%2Fv2%2Fcomments&post=24643"}],"version-history":[{"count":6,"href":"https:\/\/www.salgadonoticias.com\/index.php?rest_route=\/wp\/v2\/posts\/24643\/revisions"}],"predecessor-version":[{"id":24657,"href":"https:\/\/www.salgadonoticias.com\/index.php?rest_route=\/wp\/v2\/posts\/24643\/revisions\/24657"}],"wp:featuredmedia":[{"embeddable":true,"href":"https:\/\/www.salgadonoticias.com\/index.php?rest_route=\/wp\/v2\/media\/24650"}],"wp:attachment":[{"href":"https:\/\/www.salgadonoticias.com\/index.php?rest_route=%2Fwp%2Fv2%2Fmedia&parent=24643"}],"wp:term":[{"taxonomy":"category","embeddable":true,"href":"https:\/\/www.salgadonoticias.com\/index.php?rest_route=%2Fwp%2Fv2%2Fcategories&post=24643"},{"taxonomy":"post_tag","embeddable":true,"href":"https:\/\/www.salgadonoticias.com\/index.php?rest_route=%2Fwp%2Fv2%2Ftags&post=24643"}],"curies":[{"name":"wp","href":"https:\/\/api.w.org\/{rel}","templated":true}]}}