{"id":24673,"date":"2023-10-11T00:30:00","date_gmt":"2023-10-11T05:30:00","guid":{"rendered":"http:\/\/www.salgadonoticias.com\/?p=24673"},"modified":"2023-10-11T17:33:15","modified_gmt":"2023-10-11T22:33:15","slug":"24673","status":"publish","type":"post","link":"https:\/\/www.salgadonoticias.com\/?p=24673","title":{"rendered":"Casas de EMPE\u00d1O No Necesitan SEGURIDAD Privada para Obtener REGISTRO \u2026!!!"},"content":{"rendered":"<p>Views: 10<\/p>\n<p>.<\/p>\n\n\n\n<figure class=\"wp-block-embed is-type-video is-provider-youtube wp-block-embed-youtube wp-embed-aspect-16-9 wp-has-aspect-ratio\"><div class=\"wp-block-embed__wrapper\">\n<iframe loading=\"lazy\" title=\"Casas de EMPE\u00d1O, No Necesitan SEGURIDAD Privada para Obtener Registro \u2026!!!\" width=\"640\" height=\"360\" src=\"https:\/\/www.youtube.com\/embed\/CHwJSlVjrGQ?feature=oembed\" frameborder=\"0\" allow=\"accelerometer; autoplay; clipboard-write; encrypted-media; gyroscope; picture-in-picture; web-share\" referrerpolicy=\"strict-origin-when-cross-origin\" allowfullscreen><\/iframe>\n<\/div><\/figure>\n\n\n\n<p>.<\/p>\n\n\n\n<p>Este ANTECEDENTE\u2026<\/p>\n\n\n\n<p>Se da luego de que un <strong>Juez<\/strong> <strong><mark style=\"background-color:rgba(0, 0, 0, 0)\" class=\"has-inline-color has-vivid-red-color\">negara <\/mark><\/strong>el <strong>amparo<\/strong> a una <strong><mark style=\"background-color:rgba(0, 0, 0, 0)\" class=\"has-inline-color has-vivid-red-color\">Casa de Empe\u00f1o <\/mark><\/strong>la cual <strong>reclam\u00f3<\/strong> el Acuerdo donde se establecen las <strong>Disposiciones<\/strong> de car\u00e1cter <strong>General<\/strong> para la <strong><mark style=\"background-color:rgba(0, 0, 0, 0)\" class=\"has-inline-color has-vivid-red-color\">operaci\u00f3n, organizaci\u00f3n <\/mark><mark style=\"background-color:rgba(0, 0, 0, 0)\" class=\"has-inline-color has-black-color\">y<\/mark><mark style=\"background-color:rgba(0, 0, 0, 0)\" class=\"has-inline-color has-vivid-red-color\"> funcionamiento<\/mark><\/strong> del <strong><mark style=\"background-color:#ff6900\" class=\"has-inline-color\">Registro P\u00fablico de Casas de Empe\u00f1o<\/mark><\/strong>, al considerar que la <strong>obligaci\u00f3n de <mark style=\"background-color:rgba(0, 0, 0, 0)\" class=\"has-inline-color has-vivid-red-color\">exhibir<\/mark><\/strong> copia simple del documento que acredite la contrataci\u00f3n de una empresa autorizada por la Secretar\u00eda de Seguridad y Protecci\u00f3n Ciudadana <strong>es <mark style=\"background-color:rgba(0, 0, 0, 0)\" class=\"has-inline-color has-vivid-red-color\">excesiva<\/mark> o <mark style=\"background-color:rgba(0, 0, 0, 0)\" class=\"has-inline-color has-vivid-red-color\">desproporcional<\/mark><\/strong>.<\/p>\n\n\n\n<p>.<\/p>\n\n\n\n<p>La <strong><mark style=\"background-color:rgba(0, 0, 0, 0);color:#0711e3\" class=\"has-inline-color\">Suprema Corte de Justicia<\/mark><\/strong> <strong><mark style=\"background-color:rgba(0, 0, 0, 0);color:#aa0505\" class=\"has-inline-color\">DETERMIN\u00d3<\/mark><\/strong> que <strong><mark style=\"background-color:#ffd562\" class=\"has-inline-color\">NO es necesario<\/mark><\/strong> que las <strong>Casas de <\/strong>Empe\u00f1o, <strong><mark style=\"background-color:#9df5d2\" class=\"has-inline-color\">acrediten la contrataci\u00f3n<\/mark><\/strong> de los servicios de una empresa de <strong><mark style=\"background-color:rgba(0, 0, 0, 0)\" class=\"has-inline-color has-vivid-red-color\">seguridad privada<\/mark><\/strong> <strong><mark style=\"background-color:#cf2e2e\" class=\"has-inline-color\">para<\/mark><\/strong> <strong><mark style=\"background-color:rgba(0, 0, 0, 0);color:#a80833\" class=\"has-inline-color\">obtener su Constancia de Registro<\/mark><\/strong>.<\/p>\n\n\n\n<p>.<\/p>\n\n\n\n<p>Esto es porque de lo <strong>resuelto<\/strong> por el <strong><mark style=\"background-color:rgba(0, 0, 0, 0)\" class=\"has-inline-color has-vivid-red-color\">Pleno<\/mark><\/strong> de la <strong><mark style=\"background-color:rgba(0, 0, 0, 0);color:#080aba\" class=\"has-inline-color\">SCJN<\/mark> <\/strong>en la controversia constitucional <strong>132\/2006<\/strong> y en la <strong>acci\u00f3n de <mark style=\"background-color:rgba(0, 0, 0, 0)\" class=\"has-inline-color has-vivid-red-color\">inconstitucionalidad<\/mark><\/strong> 1\/96, se deriva que la tarea de la<strong><mark style=\"background-color:rgba(0, 0, 0, 0)\" class=\"has-inline-color has-luminous-vivid-orange-color\"> seguridad p\u00fablica<\/mark><\/strong> es una funci\u00f3n que est\u00e1 <strong><mark style=\"background-color:rgba(0, 0, 0, 0);color:#028353\" class=\"has-inline-color\">a cargo de los <\/mark><mark style=\"background-color:#fcb900\" class=\"has-inline-color has-black-color\">Tres niveles de Gobierno<\/mark><\/strong>.<\/p>\n\n\n\n<p>Por tanto, <mark style=\"background-color:#fcb900\" class=\"has-inline-color\"><strong>corresponde<\/strong> al Estado Mexicano<\/mark> <strong>garantizar la <mark style=\"background-color:rgba(0, 0, 0, 0)\" class=\"has-inline-color has-vivid-red-color\">prestaci\u00f3n regular, continua <\/mark><mark style=\"background-color:rgba(0, 0, 0, 0)\" class=\"has-inline-color has-black-color\">y<\/mark><mark style=\"background-color:rgba(0, 0, 0, 0)\" class=\"has-inline-color has-vivid-red-color\"> eficiente<\/mark> de la <mark style=\"background-color:#ff6900\" class=\"has-inline-color\">seguridad<\/mark> <\/strong>y que la <strong>seguridad <mark style=\"background-color:rgba(0, 0, 0, 0)\" class=\"has-inline-color has-vivid-red-color\">privada<\/mark><\/strong>, junto con las instituciones de <strong>seguridad <mark style=\"background-color:rgba(0, 0, 0, 0)\" class=\"has-inline-color has-vivid-red-color\">p\u00fablica<\/mark><\/strong>, forman parte de un sistema en el que se lleva a cabo una colaboraci\u00f3n entre ambas instituciones. <\/p>\n\n\n\n<p>En este contexto, si el <strong>acuerdo reclamado<\/strong> <mark style=\"background-color:#fcb900\" class=\"has-inline-color\">DISPONE <strong>exhibir<\/strong> COPIA SIMPE<\/mark> del documento vigente que acredite la <strong><mark style=\"background-color:#cf2e2e\" class=\"has-inline-color\">contrataci\u00f3n<\/mark> de los servicios de una empresa de seguridad privada<\/strong>, autorizada por la Secretar\u00eda de Seguridad y Protecci\u00f3n Ciudadana, ya que solo as\u00ed las <strong>casas de empe\u00f1o<\/strong> podr\u00e1n <strong>obtener<\/strong> la <strong>constancia de registro<\/strong>. <\/p>\n\n\n\n<p><strong>NO<\/strong> se puede <strong>condicionar <\/strong>su registro para operar al <strong>cumplimiento de ese requisito<\/strong>, ya que l<strong><mark style=\"background-color:#ff6900\" class=\"has-inline-color\">a <em><u>seguridad p\u00fablica constituye una funci\u00f3n del Estado Mexicano<\/u><\/em><\/mark><\/strong>. <\/p>\n\n\n\n<p>M\u00e1s a\u00fan porque la <strong>seguridad privada<\/strong>, como auxiliar y coadyuvante del Estado, <strong><mark style=\"background-color:#f78da7\" class=\"has-inline-color\">no puede sustituir<\/mark> a \u00e9ste en sus funciones<\/strong>, y si bien los particulares pueden prestar los servicios de seguridad privada, ello se traduce en <strong>una posibilidad<\/strong> y <strong><mark style=\"background-color:rgba(0, 0, 0, 0)\" class=\"has-inline-color has-vivid-red-color\">no en una obligaci\u00f3n<\/mark><\/strong>, pues su participaci\u00f3n en el Sistema Nacional de Seguridad P\u00fablica, previsto en el art\u00edculo 21 constitucional es <strong><mark style=\"background-color:#fcb900\" class=\"has-inline-color\">contingente, circunstancial e intermitente<\/mark><\/strong>, en la medida en que aun de no otorgarse permisos y autorizaciones por parte de la autoridad competente, <strong><mark style=\"background-color:#ff6900\" class=\"has-inline-color\">el Estado Mexicano seguir\u00e1 obligado a brindar esa protecci\u00f3n y seguridad a los particulares<\/mark><\/strong>. <\/p>\n\n\n\n<p>Por tanto, <strong><mark style=\"background-color:#fcb900\" class=\"has-inline-color\">es inconstitucional<\/mark><\/strong> el art\u00edculo 19, fracci\u00f3n VIII, mencionado, por ser una <strong><mark style=\"background-color:#cf2e2e\" class=\"has-inline-color\">funci\u00f3n del Estado Mexicano,<\/mark><\/strong> por conducto de las autoridades de los <strong><mark style=\"background-color:rgba(0, 0, 0, 0)\" class=\"has-inline-color has-vivid-red-color\">tres \u00f3rdenes de gobierno<\/mark><\/strong>, cumplir con los fines de la seguridad p\u00fablica, tanto para la quejosa, en su car\u00e1cter de propietaria de una casa de empe\u00f1o, como para las dem\u00e1s personas.<\/p>\n\n\n\n<p>.<\/p>\n\n\n\n<p>Esta <strong>resoluci\u00f3n<\/strong> ya puede ser <strong><mark style=\"background-color:#e598ab\" class=\"has-inline-color\">ARGUMENTADA<\/mark> <\/strong>por quien la solicite en todo el pa\u00eds.<\/p>\n\n\n\n<p><\/p>\n\n\n\n<p>.<\/p>\n\n\n\n<p>Si estas en el <strong><mark style=\"background-color:rgba(0, 0, 0, 0)\" class=\"has-inline-color has-vivid-red-color\">Extranjero <\/mark><\/strong>nosotros somos tu <strong><mark style=\"background-color:rgba(0, 0, 0, 0)\" class=\"has-inline-color has-vivid-green-cyan-color\">mejor<\/mark><\/strong> alternativa para <strong><mark style=\"background-color:rgba(0, 0, 0, 0)\" class=\"has-inline-color has-luminous-vivid-orange-color\">velar<\/mark><\/strong> por tus <strong><mark style=\"background-color:rgba(0, 0, 0, 0)\" class=\"has-inline-color has-vivid-cyan-blue-color\">intereses<\/mark><\/strong>, escr\u00edbenos o ll\u00e1manos al Tel <strong>55581-11311<\/strong>.<\/p>\n\n\n\n<p>.<\/p>\n\n\n\n<p>Cuando<strong> necesites<\/strong> ayuda, <strong>asistencia<\/strong> o <strong>planeaci\u00f3n<\/strong> legal, <strong>solicita<\/strong> <strong>Cita Privada<\/strong> <a rel=\"noreferrer noopener\" href=\"mailto:bi@sm99.mx\" target=\"_blank\"><strong>Aqu\u00ed<\/strong><\/a><\/p>\n\n\n\n<p>La informaci\u00f3n que AQU\u00cd te presentamos <strong>deriva<\/strong> de los <strong>Peri\u00f3dicos Oficiales <\/strong>de la<strong> CdMx<\/strong>, <strong>Estado<\/strong> de Mex., Diario <strong>Oficial<\/strong> de la Federaci\u00f3n, Suprema Corte de<strong> Justicia<\/strong> de la Naci\u00f3n, por lo tanto es de <strong>aplicaci\u00f3n OBLIGATORIA<\/strong><\/p>\n\n\n\n<p>La <strong>informaci\u00f3n<\/strong> de hoy procede de la Suprema Corte<\/p>\n\n\n\n<p><strong><mark style=\"background-color:rgba(0, 0, 0, 0)\" class=\"has-inline-color has-luminous-vivid-orange-color\">AY\u00daDANOS<\/mark><\/strong> para que m\u00e1s personas conozcan esta informaci\u00f3n, <strong>Comp\u00e1rtelo<\/strong> en tus redes sociales. <\/p>\n","protected":false},"excerpt":{"rendered":"<p>Views: 10 . . Este ANTECEDENTE\u2026 Se da luego de que un Juez negara el amparo a una Casa de Empe\u00f1o la cual reclam\u00f3 el Acuerdo donde se establecen las Disposiciones de car\u00e1cter General para la operaci\u00f3n, organizaci\u00f3n y funcionamiento del Registro P\u00fablico de Casas de Empe\u00f1o, al considerar que la obligaci\u00f3n de exhibir copia [&hellip;]<\/p>\n","protected":false},"author":3,"featured_media":24682,"comment_status":"closed","ping_status":"open","sticky":false,"template":"","format":"standard","meta":{"_jetpack_memberships_contains_paid_content":false,"footnotes":""},"categories":[4],"tags":[],"jetpack_sharing_enabled":true,"jetpack_featured_media_url":"https:\/\/www.salgadonoticias.com\/wp-content\/uploads\/2023\/10\/casa-de-cambio.jpeg","_links":{"self":[{"href":"https:\/\/www.salgadonoticias.com\/index.php?rest_route=\/wp\/v2\/posts\/24673"}],"collection":[{"href":"https:\/\/www.salgadonoticias.com\/index.php?rest_route=\/wp\/v2\/posts"}],"about":[{"href":"https:\/\/www.salgadonoticias.com\/index.php?rest_route=\/wp\/v2\/types\/post"}],"author":[{"embeddable":true,"href":"https:\/\/www.salgadonoticias.com\/index.php?rest_route=\/wp\/v2\/users\/3"}],"replies":[{"embeddable":true,"href":"https:\/\/www.salgadonoticias.com\/index.php?rest_route=%2Fwp%2Fv2%2Fcomments&post=24673"}],"version-history":[{"count":11,"href":"https:\/\/www.salgadonoticias.com\/index.php?rest_route=\/wp\/v2\/posts\/24673\/revisions"}],"predecessor-version":[{"id":24697,"href":"https:\/\/www.salgadonoticias.com\/index.php?rest_route=\/wp\/v2\/posts\/24673\/revisions\/24697"}],"wp:featuredmedia":[{"embeddable":true,"href":"https:\/\/www.salgadonoticias.com\/index.php?rest_route=\/wp\/v2\/media\/24682"}],"wp:attachment":[{"href":"https:\/\/www.salgadonoticias.com\/index.php?rest_route=%2Fwp%2Fv2%2Fmedia&parent=24673"}],"wp:term":[{"taxonomy":"category","embeddable":true,"href":"https:\/\/www.salgadonoticias.com\/index.php?rest_route=%2Fwp%2Fv2%2Fcategories&post=24673"},{"taxonomy":"post_tag","embeddable":true,"href":"https:\/\/www.salgadonoticias.com\/index.php?rest_route=%2Fwp%2Fv2%2Ftags&post=24673"}],"curies":[{"name":"wp","href":"https:\/\/api.w.org\/{rel}","templated":true}]}}