{"id":24715,"date":"2023-10-13T00:40:00","date_gmt":"2023-10-13T05:40:00","guid":{"rendered":"https:\/\/www.salgadonoticias.com\/?p=24715"},"modified":"2023-10-13T11:11:46","modified_gmt":"2023-10-13T16:11:46","slug":"24715","status":"publish","type":"post","link":"https:\/\/www.salgadonoticias.com\/?p=24715","title":{"rendered":"Personas con DISCAPACIDAD tienen Derecho a Practicar DEPORTE en Igualdad de Condiciones ..!!!"},"content":{"rendered":"<p>Views: 10<\/p>\n<p>.<\/p>\n\n\n\n<p>Este ANTECEDENTE:<\/p>\n\n\n\n<p>Surge luego de que un juece <strong>negara<\/strong> la protecci\u00f3n a los <strong>padres<\/strong> de un <mark style=\"background-color:rgba(0, 0, 0, 0)\" class=\"has-inline-color has-vivid-red-color\"><strong>ni\u00f1o<\/strong><\/mark> con <strong>s\u00edndrome de <mark style=\"background-color:rgba(0, 0, 0, 0)\" class=\"has-inline-color has-vivid-red-color\">Down<\/mark><\/strong> que <strong>solicit\u00f3 <\/strong>a una instituci\u00f3n deportiva que su hijo fuera <strong><mark style=\"background-color:rgba(0, 0, 0, 0)\" class=\"has-inline-color has-vivid-red-color\">inscrito <\/mark><\/strong>en las <strong>clases <mark style=\"background-color:rgba(0, 0, 0, 0)\" class=\"has-inline-color has-vivid-red-color\">ordinarias<\/mark><\/strong> de nataci\u00f3n porque el ni\u00f1o as\u00ed lo deseaba. <\/p>\n\n\n\n<p>Pero la <strong>instituci\u00f3n<\/strong> se <strong><mark style=\"background-color:rgba(0, 0, 0, 0)\" class=\"has-inline-color has-vivid-red-color\">neg\u00f3<\/mark><\/strong> al considerar que el ni\u00f1o deb\u00eda permanecer en el grupo de <strong>clases <mark style=\"background-color:rgba(0, 0, 0, 0)\" class=\"has-inline-color has-vivid-red-color\">adaptadas<\/mark><\/strong> y as\u00ed podr\u00eda participar en las <strong><mark style=\"background-color:#ff6900\" class=\"has-inline-color\">&#8220;olimpiadas especiales&#8221;<\/mark><\/strong>.<\/p>\n\n\n\n<p>.<\/p>\n\n\n\n<p>La <strong><mark style=\"background-color:rgba(0, 0, 0, 0);color:#085a89\" class=\"has-inline-color\">Suprema Corte de Justica<\/mark> <\/strong>ante lo anterior <strong><mark style=\"background-color:rgba(0, 0, 0, 0);color:#970707\" class=\"has-inline-color\">DETERMIN\u00d3<\/mark><\/strong> que las personas con discapacidad <strong>pueden<\/strong> y debe <mark style=\"background-color:rgba(0, 0, 0, 0);color:#5b04ac\" class=\"has-inline-color\">EJERCER su <strong>DERECHO<\/strong><\/mark> a <mark style=\"background-color:#61f9bc\" class=\"has-inline-color\"><strong><em>practicar un deporte en igualdad de condiciones con las dem\u00e1s personas<\/em><\/strong>. <strong>con o sin discapacidad<\/strong><\/mark>, seg\u00fan sea su elecci\u00f3n. <\/p>\n\n\n\n<p>Por ello las <strong>instituciones deportivas p\u00fablicas o privadas<\/strong> deber\u00e1n <strong>realizar<\/strong> los <strong><mark style=\"background-color:rgba(0, 0, 0, 0)\" class=\"has-inline-color has-vivid-red-color\">ajustes razonables<\/mark><\/strong> para implementar las medidas de <strong>apoyo<\/strong> que se requieran y as\u00ed garantizar la inclusi\u00f3n <strong>efectiva<\/strong> de las personas con discapacidad en <mark style=\"background-color:rgba(0, 0, 0, 0)\" class=\"has-inline-color has-vivid-red-color\">cualquier<\/mark> actividad deportiva.<\/p>\n\n\n\n<p>.<\/p>\n\n\n\n<p>La justificaci\u00f3n de la <strong><mark style=\"background-color:rgba(0, 0, 0, 0);color:#0c699e\" class=\"has-inline-color\">SCJN<\/mark><\/strong> es que en <strong><span style=\"text-decoration: underline;\">M\u00e9xico <mark style=\"background-color:#fcb900\" class=\"has-inline-color\">toda persona tiene derecho a la cultura f\u00edsica y a la pr\u00e1ctica del deporte<\/mark>,<\/span><\/strong> por lo que el <strong>Estado debe garantizar su <mark style=\"background-color:rgba(0, 0, 0, 0)\" class=\"has-inline-color has-vivid-red-color\">promoci\u00f3n, fomento <\/mark>y est\u00edmulo<\/strong>, <span style=\"text-decoration: underline;\">particularmente trat\u00e1ndose<\/span> de <strong>personas con discapacidad.<\/strong> <\/p>\n\n\n\n<p>Esto <strong>conforme<\/strong> a lo dispuesto por los art\u00edculos 4o. de la<strong><mark style=\"background-color:rgba(0, 0, 0, 0)\" class=\"has-inline-color has-vivid-red-color\"> Constituci\u00f3n <\/mark><\/strong>Pol\u00edtica y 30, p\u00e1rrafo 5, de la <strong><mark style=\"background-color:#ff6900\" class=\"has-inline-color\">Convenci\u00f3n sobre los Derechos de las Personas con Discapacidad<\/mark><\/strong>.<\/p>\n\n\n\n<p>.<br>Y a partir de este marco normativo, <strong>cuando<\/strong> en un caso sean necesarias <strong>medidas <mark style=\"background-color:rgba(0, 0, 0, 0)\" class=\"has-inline-color has-vivid-red-color\">diferenciadas<\/mark><\/strong> para asegurar el <strong>ejercicio<\/strong> de los <strong><mark style=\"background-color:#9b51e0\" class=\"has-inline-color\">derechos de las personas con discapacidad<\/mark><\/strong>, incluido el derecho al deporte, <strong>las instituciones deben aplicar <mark style=\"background-color:rgba(0, 0, 0, 0)\" class=\"has-inline-color has-vivid-red-color\">ajustes razonables<\/mark><\/strong>, los cuales, en t\u00e9rminos de los art\u00edculos 2, p\u00e1rrafo pen\u00faltimo, de la Convenci\u00f3n mencionada y 2, fracci\u00f3n II, de la Ley General para la Inclusi\u00f3n de las Personas con Discapacidad, consisten en aquellas <strong>modificaciones<\/strong> que sean <strong><mark style=\"background-color:rgba(0, 0, 0, 0)\" class=\"has-inline-color has-vivid-red-color\">necesarias y adecuadas<\/mark><\/strong>, y que no impongan una <strong>carga <mark style=\"background-color:rgba(0, 0, 0, 0)\" class=\"has-inline-color has-vivid-red-color\">desproporcionada <\/mark><mark style=\"background-color:rgba(0, 0, 0, 0)\" class=\"has-inline-color has-black-color\">o<\/mark><mark style=\"background-color:rgba(0, 0, 0, 0)\" class=\"has-inline-color has-vivid-red-color\"> indebida<\/mark><\/strong>, a fin de garantizar a las personas con discapacidad el ejercicio de sus derechos en igualdad de condiciones que las dem\u00e1s personas.<br><\/p>\n\n\n\n<p>Por lo tanto, <strong>en el \u00e1mbito deportivo<\/strong> <strong><mark style=\"background-color:#fcb900\" class=\"has-inline-color\">no se debe obligar o limitar a las personas con discapacidad a participar en actividades adaptadas o dise\u00f1adas tomando como eje su discapacidad<\/mark><\/strong>, ya que esto violar\u00eda el principio de <strong><mark style=\"background-color:#cf2e2e\" class=\"has-inline-color\">inclusi\u00f3n<\/mark><\/strong>, pues se estar\u00eda contribuyendo a segregarles y aislarles de la pr\u00e1ctica ordinaria de un deporte de su elecci\u00f3n en la que participan personas sin discapacidad, <strong>lo que es contrario al principio de<mark style=\"background-color:rgba(0, 0, 0, 0)\" class=\"has-inline-color has-vivid-red-color\"> igualdad<\/mark> y <mark style=\"background-color:rgba(0, 0, 0, 0)\" class=\"has-inline-color has-vivid-red-color\">no discriminaci\u00f3n<\/mark><\/strong>.<br><\/p>\n\n\n\n<p>Para que las instituciones <strong>cumplan<\/strong> con la obligaci\u00f3n de <strong>realizar esos ajustes<\/strong>, resulta trascendental la <strong><mark style=\"background-color:#ff6900\" class=\"has-inline-color\">capacitaci\u00f3n, formaci\u00f3n y profesionalizaci\u00f3n<\/mark><\/strong> de las personas entrenadoras para fomentar un ambiente de inclusi\u00f3n.<br><\/p>\n\n\n\n<p>Acorde con el <strong>modelo social de la <mark style=\"background-color:rgba(0, 0, 0, 0)\" class=\"has-inline-color has-vivid-red-color\">discapacidad<\/mark><\/strong>, conforme al cual, la problem\u00e1tica no recae en las condiciones particulares de la persona con discapacidad, <strong>sino en<\/strong> las <strong><mark style=\"background-color:rgba(0, 0, 0, 0)\" class=\"has-inline-color has-vivid-red-color\">barreras sociales y prejuicios subsistentes<\/mark><\/strong> tanto en las personas entrenadoras como en las instituciones deportivas.<\/p>\n\n\n\n<p>.<\/p>\n\n\n\n<p>Esta <strong><mark style=\"background-color:#f88ae4\" class=\"has-inline-color\">RESOLUCI\u00d3N<\/mark><\/strong> es de aplicaci\u00f3n <strong><mark style=\"background-color:rgba(0, 0, 0, 0);color:#a40606\" class=\"has-inline-color\">OBLIGATORIA<\/mark><\/strong> en todo el pa\u00eds a partir de esta semana.<\/p>\n\n\n\n<p><\/p>\n\n\n\n<p>.<\/p>\n\n\n\n<p>Si estas en el <strong><mark style=\"background-color:rgba(0, 0, 0, 0)\" class=\"has-inline-color has-vivid-red-color\">Extranjero <\/mark><\/strong>nosotros somos tu <strong><mark style=\"background-color:rgba(0, 0, 0, 0)\" class=\"has-inline-color has-vivid-green-cyan-color\">mejor<\/mark><\/strong> alternativa para <strong><mark style=\"background-color:rgba(0, 0, 0, 0)\" class=\"has-inline-color has-luminous-vivid-orange-color\">velar<\/mark><\/strong> por tus <strong><mark style=\"background-color:rgba(0, 0, 0, 0)\" class=\"has-inline-color has-vivid-cyan-blue-color\">intereses<\/mark><\/strong>, escr\u00edbenos o ll\u00e1manos al Tel <strong>55581-11311<\/strong>.<\/p>\n\n\n\n<p>.<\/p>\n\n\n\n<p>Cuando<strong> necesites<\/strong> ayuda, <strong>asistencia<\/strong> o <strong>planeaci\u00f3n<\/strong> legal, <strong>solicita<\/strong> <strong>Cita Privada<\/strong> <a rel=\"noreferrer noopener\" href=\"mailto:bi@sm99.mx\" target=\"_blank\"><strong>Aqu\u00ed<\/strong><\/a><\/p>\n\n\n\n<p>La informaci\u00f3n que AQU\u00cd te presentamos <strong>deriva<\/strong> de los <strong>Peri\u00f3dicos Oficiales <\/strong>de la<strong> CdMx<\/strong>, <strong>Estado<\/strong> de Mex., Diario <strong>Oficial<\/strong> de la Federaci\u00f3n, Suprema Corte de<strong> Justicia<\/strong> de la Naci\u00f3n, por lo tanto es de <strong>aplicaci\u00f3n OBLIGATORIA<\/strong><\/p>\n\n\n\n<p>La <strong>informaci\u00f3n<\/strong> de hoy procede de la Gaceta de Suprema Corte de Justicia<\/p>\n\n\n\n<p><strong><mark style=\"background-color:rgba(0, 0, 0, 0)\" class=\"has-inline-color has-luminous-vivid-orange-color\">AY\u00daDANOS<\/mark><\/strong> para que m\u00e1s personas conozcan esta informaci\u00f3n, <strong>Comp\u00e1rtelo<\/strong> en tus redes sociales. <\/p>\n\n\n\n<p><\/p>\n","protected":false},"excerpt":{"rendered":"<p>Views: 10 . Este ANTECEDENTE: Surge luego de que un juece negara la protecci\u00f3n a los padres de un ni\u00f1o con s\u00edndrome de Down que solicit\u00f3 a una instituci\u00f3n deportiva que su hijo fuera inscrito en las clases ordinarias de nataci\u00f3n porque el ni\u00f1o as\u00ed lo deseaba. Pero la instituci\u00f3n se neg\u00f3 al considerar que [&hellip;]<\/p>\n","protected":false},"author":3,"featured_media":24718,"comment_status":"closed","ping_status":"open","sticky":false,"template":"","format":"standard","meta":{"_jetpack_memberships_contains_paid_content":false,"footnotes":""},"categories":[4],"tags":[],"jetpack_sharing_enabled":true,"jetpack_featured_media_url":"https:\/\/www.salgadonoticias.com\/wp-content\/uploads\/2023\/10\/Deportes-para-personas-con-discapacidad-intelectual.jpg","_links":{"self":[{"href":"https:\/\/www.salgadonoticias.com\/index.php?rest_route=\/wp\/v2\/posts\/24715"}],"collection":[{"href":"https:\/\/www.salgadonoticias.com\/index.php?rest_route=\/wp\/v2\/posts"}],"about":[{"href":"https:\/\/www.salgadonoticias.com\/index.php?rest_route=\/wp\/v2\/types\/post"}],"author":[{"embeddable":true,"href":"https:\/\/www.salgadonoticias.com\/index.php?rest_route=\/wp\/v2\/users\/3"}],"replies":[{"embeddable":true,"href":"https:\/\/www.salgadonoticias.com\/index.php?rest_route=%2Fwp%2Fv2%2Fcomments&post=24715"}],"version-history":[{"count":8,"href":"https:\/\/www.salgadonoticias.com\/index.php?rest_route=\/wp\/v2\/posts\/24715\/revisions"}],"predecessor-version":[{"id":24731,"href":"https:\/\/www.salgadonoticias.com\/index.php?rest_route=\/wp\/v2\/posts\/24715\/revisions\/24731"}],"wp:featuredmedia":[{"embeddable":true,"href":"https:\/\/www.salgadonoticias.com\/index.php?rest_route=\/wp\/v2\/media\/24718"}],"wp:attachment":[{"href":"https:\/\/www.salgadonoticias.com\/index.php?rest_route=%2Fwp%2Fv2%2Fmedia&parent=24715"}],"wp:term":[{"taxonomy":"category","embeddable":true,"href":"https:\/\/www.salgadonoticias.com\/index.php?rest_route=%2Fwp%2Fv2%2Fcategories&post=24715"},{"taxonomy":"post_tag","embeddable":true,"href":"https:\/\/www.salgadonoticias.com\/index.php?rest_route=%2Fwp%2Fv2%2Ftags&post=24715"}],"curies":[{"name":"wp","href":"https:\/\/api.w.org\/{rel}","templated":true}]}}