{"id":24742,"date":"2023-10-16T00:45:00","date_gmt":"2023-10-16T05:45:00","guid":{"rendered":"https:\/\/www.salgadonoticias.com\/?p=24742"},"modified":"2023-10-16T17:17:37","modified_gmt":"2023-10-16T22:17:37","slug":"24742","status":"publish","type":"post","link":"https:\/\/www.salgadonoticias.com\/?p=24742","title":{"rendered":"Copias CERTIFICADAS Electr\u00f3nicamente, Son V\u00c1LIDAS si cumplen 5 requis&#8230;!!!"},"content":{"rendered":"<p>Views: 13<\/p>\n<p>.<\/p>\n\n\n\n<figure class=\"wp-block-embed is-type-video is-provider-youtube wp-block-embed-youtube wp-embed-aspect-16-9 wp-has-aspect-ratio\"><div class=\"wp-block-embed__wrapper\">\n<iframe loading=\"lazy\" title=\"Copias CERTIFICADAS Electr\u00f3nicamente, Son V\u00c1LIDAS si cumplen 5 Requisitos \u2026!!!\" width=\"640\" height=\"360\" src=\"https:\/\/www.youtube.com\/embed\/ERFombbGxMs?start=102&#038;feature=oembed\" frameborder=\"0\" allow=\"accelerometer; autoplay; clipboard-write; encrypted-media; gyroscope; picture-in-picture; web-share\" referrerpolicy=\"strict-origin-when-cross-origin\" allowfullscreen><\/iframe>\n<\/div><\/figure>\n\n\n\n<p>.<\/p>\n\n\n\n<p>Este antecedente:<\/p>\n\n\n\n<p>Surge luego de que un <strong>Juez <\/strong>de Distrito <strong><mark style=\"background-color:#ff6900\" class=\"has-inline-color\">negar\u00e1 la expedici\u00f3n de las copias certificadas electr\u00f3nicamente<\/mark> <\/strong>y su <strong>env\u00edo por correo electr\u00f3nico<\/strong> a la parte quejosa, esto porque <strong>consider\u00f3<\/strong> que la <strong>certificaci\u00f3n carecer\u00eda de la firma aut\u00f3grafa de la persona encargada de su cotejo<\/strong>, y esto impedir\u00eda constatar su autenticidad. <\/p>\n\n\n\n<p>Inconforme con esa determinaci\u00f3n, el interesado interpuso un recurso de queja.<\/p>\n\n\n\n<p>.<\/p>\n\n\n\n<p>La <strong>Suprema Corte de Justicia<\/strong>, <strong>DETERMIN\u00d3<\/strong> que, <mark style=\"background-color:#fcb900\" class=\"has-inline-color\"><strong>SI<\/strong> procede<strong> <\/strong>el <strong>ENV\u00cdO<\/strong> de <strong>copias certificadas<\/strong> ELECTRONICAMENTE<\/mark>, siempre que se adopten las medidas pertinentes, propiciando as\u00ed su CERTEZA, tanto en la expedici\u00f3n, entrega y recepci\u00f3n digitalmente.<\/p>\n\n\n\n<p>As\u00ed que su validez estar\u00e1 basada en observarse las siguientes formalidades:<\/p>\n\n\n\n<ol type=\"1\">\n<li><strong><mark style=\"background-color:rgba(0, 0, 0, 0);color:#01324e\" class=\"has-inline-color\">Autorizada su expedici\u00f3n por el Juez, se digitalizan las constancias f\u00edsicas solicitadas y, previo cotejo respectivo, se certifique su coincidencia mediante el uso de la FIREL en el archivo electr\u00f3nico correspondiente;<\/mark><\/strong><\/li>\n\n\n\n<li><strong><mark style=\"background-color:rgba(0, 0, 0, 0)\" class=\"has-inline-color has-vivid-red-color\">El archivo digital resultante deber\u00e1 ser enviado desde el correo institucional del Juzgado, Tribunal y\/o del funcionario certificador a la direcci\u00f3n de correo electr\u00f3nico que, bajo su m\u00e1s estricta responsabilidad, proporcione la persona solicitante;<\/mark><\/strong><\/li>\n\n\n\n<li><strong><mark style=\"background-color:rgba(0, 0, 0, 0);color:#0a7c0b\" class=\"has-inline-color\">De ser necesario, en atenci\u00f3n al tama\u00f1o del archivo electr\u00f3nico y la capacidad de la cuenta de correo para la transferencia de informaci\u00f3n, podr\u00e1n certificarse de manera seccionada las constancias respectivas y remitirlas en dos o m\u00e1s archivos, cada uno con la firma y certificaci\u00f3n correspondiente;<\/mark><\/strong><\/li>\n\n\n\n<li><strong><mark style=\"background-color:rgba(0, 0, 0, 0)\" class=\"has-inline-color has-luminous-vivid-orange-color\">La persona funcionaria deber\u00e1 asentar una raz\u00f3n pormenorizada del env\u00edo del o los correos electr\u00f3nicos respectivos en los que solicitar\u00e1 el acuse de recibo; y,<\/mark><\/strong><\/li>\n\n\n\n<li><strong><mark style=\"background-color:rgba(0, 0, 0, 0);color:#4e0691\" class=\"has-inline-color\">A la raz\u00f3n asentada se deber\u00e1 anexar la evidencia gr\u00e1fica del o los correos electr\u00f3nicos enviados. En el entendido de que todas estas constancias deber\u00e1n agregarse al expediente electr\u00f3nico y, en su caso, su representaci\u00f3n gr\u00e1fica al expediente f\u00edsico del asunto de que se trate.<\/mark><\/strong><\/li>\n<\/ol>\n\n\n\n<p>.<\/p>\n\n\n\n<p>La justificaci\u00f3n de la <strong>SCJN<\/strong> es que el <strong>USO<\/strong> del<strong> correo electr\u00f3nico<\/strong> <strong>INSTITUCIONAL<\/strong> del \u00f3rgano jurisdiccional y\/o del servidor p\u00fablico correspondiente como <strong><mark style=\"background-color:#cf2e2e\" class=\"has-inline-color\">medio para la transmisi\u00f3n de copias certificadas digitalmente<\/mark><\/strong>, es un paso m\u00e1s en el <strong>aprovechamiento de las tecnolog\u00edas<\/strong> de la informaci\u00f3n en <strong>beneficio <\/strong>de una administraci\u00f3n de <strong>justicia m\u00e1s pronta, completa y expedita<\/strong>, siempre que exista certidumbre del env\u00edo y recepci\u00f3n del archivo que contenga los documentos certificados digitalmente.<\/p>\n\n\n\n<p><\/p>\n\n\n\n<p>.<\/p>\n\n\n\n<p>Esta <strong><mark style=\"background-color:#ff6e93\" class=\"has-inline-color\">RESOLUCI\u00d3N<\/mark><\/strong> es de aplicaci\u00f3n <strong><mark style=\"background-color:rgba(0, 0, 0, 0);color:#8c0505\" class=\"has-inline-color\">OBLIGATORIA<\/mark><\/strong> en todo el territorio nacional a partir de esta semana<\/p>\n\n\n\n<p>.<\/p>\n\n\n\n<p>Si estas en el <strong><mark style=\"background-color:rgba(0, 0, 0, 0)\" class=\"has-inline-color has-vivid-red-color\">Extranjero <\/mark><\/strong>nosotros somos tu <strong><mark style=\"background-color:rgba(0, 0, 0, 0)\" class=\"has-inline-color has-vivid-green-cyan-color\">mejor<\/mark><\/strong> alternativa para <strong><mark style=\"background-color:rgba(0, 0, 0, 0)\" class=\"has-inline-color has-luminous-vivid-orange-color\">velar<\/mark><\/strong> por tus <strong><mark style=\"background-color:rgba(0, 0, 0, 0)\" class=\"has-inline-color has-vivid-cyan-blue-color\">intereses<\/mark><\/strong>, escr\u00edbenos o ll\u00e1manos al Tel <strong>55581-11311<\/strong>.<\/p>\n\n\n\n<p>.<\/p>\n\n\n\n<p>Cuando<strong> necesites<\/strong> ayuda, <strong>asistencia<\/strong> o <strong>planeaci\u00f3n<\/strong> legal, <strong>solicita<\/strong> <strong>Cita Privada<\/strong> <a rel=\"noreferrer noopener\" href=\"mailto:bi@sm99.mx\" target=\"_blank\"><strong>Aqu\u00ed<\/strong><\/a><\/p>\n\n\n\n<p>La informaci\u00f3n que AQU\u00cd te presentamos <strong>deriva<\/strong> de los <strong>Peri\u00f3dicos Oficiales <\/strong>de la<strong> CdMx<\/strong>, <strong>Estado<\/strong> de Mex., Diario <strong>Oficial<\/strong> de la Federaci\u00f3n, Suprema Corte de<strong> Justicia<\/strong> de la Naci\u00f3n, por lo tanto es de <strong>aplicaci\u00f3n OBLIGATORIA<\/strong><\/p>\n\n\n\n<p>La <strong>informaci\u00f3n<\/strong> de hoy procede de la Suprema Corte de Justicia<\/p>\n\n\n\n<p><strong><mark style=\"background-color:rgba(0, 0, 0, 0)\" class=\"has-inline-color has-luminous-vivid-orange-color\">AY\u00daDANOS<\/mark><\/strong> para que m\u00e1s personas conozcan esta informaci\u00f3n, <strong>Comp\u00e1rtelo<\/strong> en tus redes sociales. <\/p>\n\n\n\n<p><\/p>\n","protected":false},"excerpt":{"rendered":"<p>Views: 13 . . Este antecedente: Surge luego de que un Juez de Distrito negar\u00e1 la expedici\u00f3n de las copias certificadas electr\u00f3nicamente y su env\u00edo por correo electr\u00f3nico a la parte quejosa, esto porque consider\u00f3 que la certificaci\u00f3n carecer\u00eda de la firma aut\u00f3grafa de la persona encargada de su cotejo, y esto impedir\u00eda constatar su [&hellip;]<\/p>\n","protected":false},"author":3,"featured_media":24752,"comment_status":"closed","ping_status":"open","sticky":false,"template":"","format":"standard","meta":{"_jetpack_memberships_contains_paid_content":false,"footnotes":""},"categories":[4],"tags":[],"jetpack_sharing_enabled":true,"jetpack_featured_media_url":"https:\/\/www.salgadonoticias.com\/wp-content\/uploads\/2023\/10\/copias.png","_links":{"self":[{"href":"https:\/\/www.salgadonoticias.com\/index.php?rest_route=\/wp\/v2\/posts\/24742"}],"collection":[{"href":"https:\/\/www.salgadonoticias.com\/index.php?rest_route=\/wp\/v2\/posts"}],"about":[{"href":"https:\/\/www.salgadonoticias.com\/index.php?rest_route=\/wp\/v2\/types\/post"}],"author":[{"embeddable":true,"href":"https:\/\/www.salgadonoticias.com\/index.php?rest_route=\/wp\/v2\/users\/3"}],"replies":[{"embeddable":true,"href":"https:\/\/www.salgadonoticias.com\/index.php?rest_route=%2Fwp%2Fv2%2Fcomments&post=24742"}],"version-history":[{"count":9,"href":"https:\/\/www.salgadonoticias.com\/index.php?rest_route=\/wp\/v2\/posts\/24742\/revisions"}],"predecessor-version":[{"id":24770,"href":"https:\/\/www.salgadonoticias.com\/index.php?rest_route=\/wp\/v2\/posts\/24742\/revisions\/24770"}],"wp:featuredmedia":[{"embeddable":true,"href":"https:\/\/www.salgadonoticias.com\/index.php?rest_route=\/wp\/v2\/media\/24752"}],"wp:attachment":[{"href":"https:\/\/www.salgadonoticias.com\/index.php?rest_route=%2Fwp%2Fv2%2Fmedia&parent=24742"}],"wp:term":[{"taxonomy":"category","embeddable":true,"href":"https:\/\/www.salgadonoticias.com\/index.php?rest_route=%2Fwp%2Fv2%2Fcategories&post=24742"},{"taxonomy":"post_tag","embeddable":true,"href":"https:\/\/www.salgadonoticias.com\/index.php?rest_route=%2Fwp%2Fv2%2Ftags&post=24742"}],"curies":[{"name":"wp","href":"https:\/\/api.w.org\/{rel}","templated":true}]}}