{"id":24753,"date":"2023-10-14T02:03:00","date_gmt":"2023-10-14T07:03:00","guid":{"rendered":"https:\/\/www.salgadonoticias.com\/?p=24753"},"modified":"2023-10-13T18:18:17","modified_gmt":"2023-10-13T23:18:17","slug":"24753","status":"publish","type":"post","link":"https:\/\/www.salgadonoticias.com\/?p=24753","title":{"rendered":"Tribunales Laborales con Derecho a Designar Peritos en Desahogo de Pruebas&#8230;!!!"},"content":{"rendered":"<p>Views: 14<\/p>\n<p>.<\/p>\n\n\n\n<p>La <strong><mark style=\"background-color:rgba(0, 0, 0, 0);color:#041eb0\" class=\"has-inline-color\">Suprema Corte de Justicia<\/mark> <\/strong>a trav\u00e9s de su Segunda Sala, <strong><mark style=\"background-color:rgba(0, 0, 0, 0)\" class=\"has-inline-color has-vivid-red-color\">se\u00f1al\u00f3<\/mark><\/strong> que la <strong><mark style=\"background-color:rgba(0, 0, 0, 0)\" class=\"has-inline-color has-vivid-red-color\">facultad<\/mark><\/strong> del <mark style=\"background-color:#f6ca54\" class=\"has-inline-color\"><strong>TRIBUNAL<\/strong> para <strong>DESIGNAR<\/strong>, <strong><em>uno o varios peritos oficiales<\/em><\/strong><\/mark> para el <strong>desahogo de las pruebas<\/strong> en un <strong>juicio laboral<\/strong> <strong><mark style=\"background-color:rgba(0, 0, 0, 0);color:#810641\" class=\"has-inline-color\">respeta los derechos al debido proceso y de audiencia.<\/mark><\/strong><br>.<br>Ya que con la reforma de 2017, en el <strong>juicio laboral,<\/strong> el <strong>peso<\/strong> de la prueba <strong>recae<\/strong> en el <strong>perito oficial<\/strong>; sin embargo, esto <strong>no impide que la partes puedan presentar otro tipo de pruebas<\/strong> o que sean <strong>acompa\u00f1adas por un experto o especialista<\/strong> que, con el car\u00e1cter de asesor, los auxilie a cuestionar u objetar el dictamen pericial. En caso de que el trabajador no pueda pagar al asesor, puede solicitar uno a la Defensor\u00eda P\u00fablica o a la Procuradur\u00eda de la Defensa del Trabajo.<br><br>Adem\u00e1s, el <strong>tribunal laboral goza de libertad para valorar las pruebas periciales ofrecidas.<\/strong> Por lo tanto, no tiene que ce\u00f1irse de forma obligada a lo presentado por el perito oficial en su dictamen, pues la Ley Federal del Trabajo lo faculta para designar a los peritos que estime necesarios para desahogar la prueba.<\/p>\n\n\n\n<p><\/p>\n\n\n\n<p>.<\/p>\n\n\n\n<p>Esta <strong><mark style=\"background-color:#ff6e93\" class=\"has-inline-color\">RESOLUCI\u00d3N<\/mark><\/strong> puede ser <strong><mark style=\"background-color:rgba(0, 0, 0, 0);color:#8c0505\" class=\"has-inline-color\">ARGUMENTADA<\/mark><\/strong> por quien la solicite<\/p>\n\n\n\n<p>.<\/p>\n\n\n\n<p>Si estas en el <strong><mark style=\"background-color:rgba(0, 0, 0, 0)\" class=\"has-inline-color has-vivid-red-color\">Extranjero <\/mark><\/strong>nosotros somos tu <strong><mark style=\"background-color:rgba(0, 0, 0, 0)\" class=\"has-inline-color has-vivid-green-cyan-color\">mejor<\/mark><\/strong> alternativa para <strong><mark style=\"background-color:rgba(0, 0, 0, 0)\" class=\"has-inline-color has-luminous-vivid-orange-color\">velar<\/mark><\/strong> por tus <strong><mark style=\"background-color:rgba(0, 0, 0, 0)\" class=\"has-inline-color has-vivid-cyan-blue-color\">intereses<\/mark><\/strong>, escr\u00edbenos o ll\u00e1manos al Tel <strong>55581-11311<\/strong>.<\/p>\n\n\n\n<p>.<\/p>\n\n\n\n<p>Cuando<strong> necesites<\/strong> ayuda, <strong>asistencia<\/strong> o <strong>planeaci\u00f3n<\/strong> legal, <strong>solicita<\/strong> <strong>Cita Privada<\/strong> <a rel=\"noreferrer noopener\" href=\"mailto:bi@sm99.mx\" target=\"_blank\"><strong>Aqu\u00ed<\/strong><\/a><\/p>\n\n\n\n<p>La informaci\u00f3n que AQU\u00cd te presentamos <strong>deriva<\/strong> de los <strong>Peri\u00f3dicos Oficiales <\/strong>de la<strong> CdMx<\/strong>, <strong>Estado<\/strong> de Mex., Diario <strong>Oficial<\/strong> de la Federaci\u00f3n, Suprema Corte de<strong> Justicia<\/strong> de la Naci\u00f3n, por lo tanto es de <strong>aplicaci\u00f3n OBLIGATORIA<\/strong><\/p>\n\n\n\n<p>La <strong>informaci\u00f3n<\/strong> de hoy procede de la Suprema Corte de Justicia<\/p>\n\n\n\n<p><strong><mark style=\"background-color:rgba(0, 0, 0, 0)\" class=\"has-inline-color has-luminous-vivid-orange-color\">AY\u00daDANOS<\/mark><\/strong> para que m\u00e1s personas conozcan esta informaci\u00f3n, <strong>Comp\u00e1rtelo<\/strong> en tus redes sociales. <\/p>\n\n\n\n<p><\/p>\n","protected":false},"excerpt":{"rendered":"<p>Views: 14 . La Suprema Corte de Justicia a trav\u00e9s de su Segunda Sala, se\u00f1al\u00f3 que la facultad del TRIBUNAL para DESIGNAR, uno o varios peritos oficiales para el desahogo de las pruebas en un juicio laboral respeta los derechos al debido proceso y de audiencia..Ya que con la reforma de 2017, en el juicio [&hellip;]<\/p>\n","protected":false},"author":3,"featured_media":24757,"comment_status":"closed","ping_status":"open","sticky":false,"template":"","format":"standard","meta":{"_jetpack_memberships_contains_paid_content":false,"footnotes":""},"categories":[4],"tags":[],"jetpack_sharing_enabled":true,"jetpack_featured_media_url":"https:\/\/www.salgadonoticias.com\/wp-content\/uploads\/2023\/10\/informe-pericial.webp","_links":{"self":[{"href":"https:\/\/www.salgadonoticias.com\/index.php?rest_route=\/wp\/v2\/posts\/24753"}],"collection":[{"href":"https:\/\/www.salgadonoticias.com\/index.php?rest_route=\/wp\/v2\/posts"}],"about":[{"href":"https:\/\/www.salgadonoticias.com\/index.php?rest_route=\/wp\/v2\/types\/post"}],"author":[{"embeddable":true,"href":"https:\/\/www.salgadonoticias.com\/index.php?rest_route=\/wp\/v2\/users\/3"}],"replies":[{"embeddable":true,"href":"https:\/\/www.salgadonoticias.com\/index.php?rest_route=%2Fwp%2Fv2%2Fcomments&post=24753"}],"version-history":[{"count":3,"href":"https:\/\/www.salgadonoticias.com\/index.php?rest_route=\/wp\/v2\/posts\/24753\/revisions"}],"predecessor-version":[{"id":24759,"href":"https:\/\/www.salgadonoticias.com\/index.php?rest_route=\/wp\/v2\/posts\/24753\/revisions\/24759"}],"wp:featuredmedia":[{"embeddable":true,"href":"https:\/\/www.salgadonoticias.com\/index.php?rest_route=\/wp\/v2\/media\/24757"}],"wp:attachment":[{"href":"https:\/\/www.salgadonoticias.com\/index.php?rest_route=%2Fwp%2Fv2%2Fmedia&parent=24753"}],"wp:term":[{"taxonomy":"category","embeddable":true,"href":"https:\/\/www.salgadonoticias.com\/index.php?rest_route=%2Fwp%2Fv2%2Fcategories&post=24753"},{"taxonomy":"post_tag","embeddable":true,"href":"https:\/\/www.salgadonoticias.com\/index.php?rest_route=%2Fwp%2Fv2%2Ftags&post=24753"}],"curies":[{"name":"wp","href":"https:\/\/api.w.org\/{rel}","templated":true}]}}