{"id":24761,"date":"2023-10-17T00:28:00","date_gmt":"2023-10-17T05:28:00","guid":{"rendered":"http:\/\/www.salgadonoticias.com\/?p=24761"},"modified":"2023-10-17T15:43:33","modified_gmt":"2023-10-17T20:43:33","slug":"24761","status":"publish","type":"post","link":"https:\/\/www.salgadonoticias.com\/?p=24761","title":{"rendered":"Orden de APREHENSI\u00d3N solo es V\u00e1lida, Si&#8230;!!!"},"content":{"rendered":"<p>Views: 19<\/p>\n<p>.<\/p>\n\n\n\n<figure class=\"wp-block-embed is-type-video is-provider-youtube wp-block-embed-youtube wp-embed-aspect-16-9 wp-has-aspect-ratio\"><div class=\"wp-block-embed__wrapper\">\n<iframe loading=\"lazy\" title=\"\u00f3rdenes de aprehensi\u00f3n\" width=\"640\" height=\"360\" src=\"https:\/\/www.youtube.com\/embed\/KHYnCaTXzAU?feature=oembed\" frameborder=\"0\" allow=\"accelerometer; autoplay; clipboard-write; encrypted-media; gyroscope; picture-in-picture; web-share\" referrerpolicy=\"strict-origin-when-cross-origin\" allowfullscreen><\/iframe>\n<\/div><\/figure>\n\n\n\n<p>.<\/p>\n\n\n\n<p>El ANTECEDENTE:<\/p>\n\n\n\n<p>Se dio luego de que, un juez de control, a petici\u00f3n de la Fiscal\u00eda, EMITI\u00d3 una <strong>orden de aprehensi\u00f3n <\/strong>de manera <strong>ESCRITA<\/strong> solicitada <strong>OMITIENDO<\/strong> las formas establecidas en el <strong>art\u00edculo 143<\/strong> del <em><u>C\u00f3digo Nacional de Procedimientos Penales,<\/u><\/em> (CNPP), esto es SIN <strong>audiencia privada<\/strong> o <strong>mediante el sistema informativo<\/strong> respectivo, ya que a su consideraci\u00f3n \u201cno se requer\u00eda de un debate para el mismo&#8221;.<\/p>\n\n\n\n<p>.<\/p>\n\n\n\n<p>La <strong><mark style=\"background-color:rgba(0, 0, 0, 0);color:#092879\" class=\"has-inline-color\">Suprema Corte de Justicia<\/mark><\/strong>, <strong><mark style=\"background-color:rgba(0, 0, 0, 0);color:#950404\" class=\"has-inline-color\">DETERMIN\u00d3<\/mark>, <\/strong>que son <strong><mark style=\"background-color:#e5c363\" class=\"has-inline-color\">INVALIDAS<\/mark><\/strong> las <strong><mark style=\"background-color:rgba(0, 0, 0, 0);color:#8f054c\" class=\"has-inline-color\">Ordenes de Aprehensi\u00f3n<\/mark><\/strong> con son <mark style=\"background-color:#84f5c7\" class=\"has-inline-color\"><strong>EMITIDAS<\/strong> de <strong>FORMA ESCRITA<\/strong><\/mark><strong>, <\/strong>ya que <mark style=\"background-color:#efc5d0\" class=\"has-inline-color\">\u00e9stas deben <strong>EXPEDIRSE<\/strong><\/mark><strong> <\/strong>conforme a lo establecido en el art\u00edculo mencionado; esto es, <strong><mark style=\"background-color:rgba(0, 0, 0, 0)\" class=\"has-inline-color has-vivid-red-color\">exclusivamente<\/mark><\/strong> en <mark style=\"background-color:#85e5c2\" class=\"has-inline-color\"><strong>audiencia privada<\/strong> o a trav\u00e9s del <strong>Sistema Inform\u00e1tico relativo<\/strong><\/mark><strong>.<\/strong> <\/p>\n\n\n\n<p>De esta forma es garantizada la <mark style=\"background-color:rgba(0, 0, 0, 0)\" class=\"has-inline-color has-vivid-red-color\"><strong>oralidad<\/strong><\/mark> (f\u00edsica o virtual), con el <strong>fin<\/strong> de que el Ministerio P\u00fablico pueda realizar las <strong>precisiones<\/strong> o <strong>aclaraciones<\/strong> correspondientes que le solicite el Juez de Control, a fin de que \u00e9ste, en su caso, pueda dar una <strong>clasificaci\u00f3n<\/strong><mark style=\"background-color:rgba(0, 0, 0, 0)\" class=\"has-inline-color has-vivid-red-color\"><strong> jur\u00eddica distinta<\/strong> <\/mark>a los hechos que se planteen o a la participaci\u00f3n que tuvieron los imputados en los mismos.<\/p>\n\n\n\n<p>.<\/p>\n\n\n\n<p>La justificaci\u00f3n de la <strong><mark style=\"background-color:rgba(0, 0, 0, 0);color:#082797\" class=\"has-inline-color\">SCJN<\/mark><\/strong> es porque el citado art\u00edculo, p\u00e1rrafos 2\u00b0 y 5\u00b0, del CNPP se\u00f1ala que la resoluci\u00f3n sobre la solicitud de orden de aprehensi\u00f3n <mark style=\"background-color:#fcb900\" class=\"has-inline-color\">DEBE <strong>emitirse<\/strong> en <strong>audiencia privada<\/strong><\/mark><strong> o por el sistema inform\u00e1tico<\/strong>, precis\u00e1ndose que en <strong>ambas formas debe existir una <mark style=\"background-color:rgba(0, 0, 0, 0)\" class=\"has-inline-color has-vivid-red-color\">intercomunicaci\u00f3n<\/mark> entre el <mark style=\"background-color:rgba(0, 0, 0, 0)\" class=\"has-inline-color has-vivid-red-color\">juzgador<\/mark> y la <mark style=\"background-color:rgba(0, 0, 0, 0)\" class=\"has-inline-color has-vivid-red-color\">Fiscal\u00eda<\/mark><\/strong> durante la emisi\u00f3n de la orden de captura, para <strong>realizar precisiones o aclaraciones<\/strong> que solicite el a quo, en la que se <strong>privilegie la oralidad<\/strong>.<\/p>\n\n\n\n<p>Enfatizando que por el <strong>sistema inform\u00e1tico<\/strong>, esa comunicaci\u00f3n consiste en la<strong> <mark style=\"background-color:rgba(0, 0, 0, 0)\" class=\"has-inline-color has-vivid-red-color\">interacci\u00f3n de comunicaci\u00f3n<\/mark> con flujo de informaci\u00f3n entre el emisor y receptor<\/strong>, pudiendo tener el <span style=\"text-decoration: underline;\">Juez de Control y la Fiscal\u00eda<\/span> ambas funciones, al <strong>contar con una <mark style=\"background-color:#ff6900\" class=\"has-inline-color\">comunicaci\u00f3n activa <\/mark>de informaci\u00f3n<\/strong>, debiendo emplear la autoridad responsable el sistema que estime pertinente, que <strong><mark style=\"background-color:rgba(0, 0, 0, 0)\" class=\"has-inline-color has-vivid-red-color\">contenga<\/mark><\/strong> los recursos f\u00edsicos (hardware), l\u00f3gicos (software) y humanos, por ejemplo, una computadora con un programa de intercomunicaci\u00f3n y las personas intervinientes (Juez y fiscal) <strong>que hagan uso de los dos recursos<\/strong> anteriores, en la que debe <strong>garantizarse la <mark style=\"background-color:rgba(0, 0, 0, 0)\" class=\"has-inline-color has-vivid-red-color\">oralidad<\/mark><\/strong>, ya sea de forma <strong>f\u00edsica<\/strong>, <mark style=\"background-color:#9b51e0\" class=\"has-inline-color\">en caso de realizarse en audiencia privada<\/mark>, o <strong>virtual<\/strong> por el <strong><mark style=\"background-color:#9b51e0\" class=\"has-inline-color\">sistema inform\u00e1tico<\/mark><\/strong> que utilicen las partes, debiendo <strong>justificarse<\/strong> a trav\u00e9s del <strong><mark style=\"background-color:rgba(0, 0, 0, 0)\" class=\"has-inline-color has-vivid-red-color\">disco<\/mark><\/strong> vers\u00e1til digital (DVD), en caso de <strong>audiencia privada<\/strong>, o con la <strong><mark style=\"background-color:rgba(0, 0, 0, 0)\" class=\"has-inline-color has-vivid-red-color\">informaci\u00f3n<\/mark><\/strong> que justifique qu\u00e9 <strong>sistema que se utiliz\u00f3<\/strong>.<\/p>\n\n\n\n<p><\/p>\n\n\n\n<p>.<\/p>\n\n\n\n<p>Esta <strong><mark style=\"background-color:#ff6e93\" class=\"has-inline-color\">RESOLUCI\u00d3N<\/mark><\/strong> es de aplicaci\u00f3n <strong><mark style=\"background-color:rgba(0, 0, 0, 0);color:#8c0505\" class=\"has-inline-color\">OBLIGATORIA<\/mark><\/strong> en todo el territorio nacional a partir de esta semana<\/p>\n\n\n\n<p>.<\/p>\n\n\n\n<p>Si estas en el <strong><mark style=\"background-color:rgba(0, 0, 0, 0)\" class=\"has-inline-color has-vivid-red-color\">Extranjero <\/mark><\/strong>nosotros somos tu <strong><mark style=\"background-color:rgba(0, 0, 0, 0)\" class=\"has-inline-color has-vivid-green-cyan-color\">mejor<\/mark><\/strong> alternativa para <strong><mark style=\"background-color:rgba(0, 0, 0, 0)\" class=\"has-inline-color has-luminous-vivid-orange-color\">velar<\/mark><\/strong> por tus <strong><mark style=\"background-color:rgba(0, 0, 0, 0)\" class=\"has-inline-color has-vivid-cyan-blue-color\">intereses<\/mark><\/strong>, escr\u00edbenos o ll\u00e1manos al Tel <strong>55581-11311<\/strong>.<\/p>\n\n\n\n<p>.<\/p>\n\n\n\n<p>Cuando<strong> necesites<\/strong> ayuda, <strong>asistencia<\/strong> o <strong>planeaci\u00f3n<\/strong> legal, <strong>solicita<\/strong> <strong>Cita Privada<\/strong> <a rel=\"noreferrer noopener\" href=\"mailto:bi@sm99.mx\" target=\"_blank\"><strong>Aqu\u00ed<\/strong><\/a><\/p>\n\n\n\n<p>La informaci\u00f3n que AQU\u00cd te presentamos <strong>deriva<\/strong> de los <strong>Peri\u00f3dicos Oficiales <\/strong>de la<strong> CdMx<\/strong>, <strong>Estado<\/strong> de Mex., Diario <strong>Oficial<\/strong> de la Federaci\u00f3n, Suprema Corte de<strong> Justicia<\/strong> de la Naci\u00f3n, por lo tanto es de <strong>aplicaci\u00f3n OBLIGATORIA<\/strong><\/p>\n\n\n\n<p>La <strong>informaci\u00f3n<\/strong> de hoy procede de la Suprema Corte de Justicia<\/p>\n\n\n\n<p><strong><mark style=\"background-color:rgba(0, 0, 0, 0)\" class=\"has-inline-color has-luminous-vivid-orange-color\">AY\u00daDANOS<\/mark><\/strong> para que m\u00e1s personas conozcan esta informaci\u00f3n, <strong>Comp\u00e1rtelo<\/strong> en tus redes sociales. <\/p>\n\n\n\n<p><\/p>\n","protected":false},"excerpt":{"rendered":"<p>Views: 19 . . El ANTECEDENTE: Se dio luego de que, un juez de control, a petici\u00f3n de la Fiscal\u00eda, EMITI\u00d3 una orden de aprehensi\u00f3n de manera ESCRITA solicitada OMITIENDO las formas establecidas en el art\u00edculo 143 del C\u00f3digo Nacional de Procedimientos Penales, (CNPP), esto es SIN audiencia privada o mediante el sistema informativo respectivo, [&hellip;]<\/p>\n","protected":false},"author":3,"featured_media":24775,"comment_status":"closed","ping_status":"open","sticky":false,"template":"","format":"standard","meta":{"_jetpack_memberships_contains_paid_content":false,"footnotes":""},"categories":[4],"tags":[],"jetpack_sharing_enabled":true,"jetpack_featured_media_url":"https:\/\/www.salgadonoticias.com\/wp-content\/uploads\/2023\/10\/ordenes.jpg","_links":{"self":[{"href":"https:\/\/www.salgadonoticias.com\/index.php?rest_route=\/wp\/v2\/posts\/24761"}],"collection":[{"href":"https:\/\/www.salgadonoticias.com\/index.php?rest_route=\/wp\/v2\/posts"}],"about":[{"href":"https:\/\/www.salgadonoticias.com\/index.php?rest_route=\/wp\/v2\/types\/post"}],"author":[{"embeddable":true,"href":"https:\/\/www.salgadonoticias.com\/index.php?rest_route=\/wp\/v2\/users\/3"}],"replies":[{"embeddable":true,"href":"https:\/\/www.salgadonoticias.com\/index.php?rest_route=%2Fwp%2Fv2%2Fcomments&post=24761"}],"version-history":[{"count":8,"href":"https:\/\/www.salgadonoticias.com\/index.php?rest_route=\/wp\/v2\/posts\/24761\/revisions"}],"predecessor-version":[{"id":24793,"href":"https:\/\/www.salgadonoticias.com\/index.php?rest_route=\/wp\/v2\/posts\/24761\/revisions\/24793"}],"wp:featuredmedia":[{"embeddable":true,"href":"https:\/\/www.salgadonoticias.com\/index.php?rest_route=\/wp\/v2\/media\/24775"}],"wp:attachment":[{"href":"https:\/\/www.salgadonoticias.com\/index.php?rest_route=%2Fwp%2Fv2%2Fmedia&parent=24761"}],"wp:term":[{"taxonomy":"category","embeddable":true,"href":"https:\/\/www.salgadonoticias.com\/index.php?rest_route=%2Fwp%2Fv2%2Fcategories&post=24761"},{"taxonomy":"post_tag","embeddable":true,"href":"https:\/\/www.salgadonoticias.com\/index.php?rest_route=%2Fwp%2Fv2%2Ftags&post=24761"}],"curies":[{"name":"wp","href":"https:\/\/api.w.org\/{rel}","templated":true}]}}