{"id":24795,"date":"2023-10-18T00:30:00","date_gmt":"2023-10-18T05:30:00","guid":{"rendered":"https:\/\/www.salgadonoticias.com\/?p=24795"},"modified":"2023-10-17T18:35:06","modified_gmt":"2023-10-17T23:35:06","slug":"prorroga-para-regulariza-gruas-y-corralones-en-edomex","status":"publish","type":"post","link":"https:\/\/www.salgadonoticias.com\/?p=24795","title":{"rendered":"Pr\u00f3rroga para Regulariza Gr\u00faas y Corralones en EdoMex&#8230;!!!"},"content":{"rendered":"<p>Views: 13<\/p>\n<p>La Secretaria de Movilidad del EdoMex (SEMOVI) <strong><mark style=\"background-color:#e8d5a4\" class=\"has-inline-color\">extiende el plazo hasta el 12 de enero del 2024<\/mark><\/strong>, para que los <span style=\"text-decoration: underline;\">concesionarios<\/span> de <strong><mark style=\"background-color:rgba(0, 0, 0, 0);color:#010383\" class=\"has-inline-color\">gr\u00faas y corralone<\/mark>s, <\/strong>que <strong>prestan el servici\u00f3 de manera ILEGAL <\/strong>en el estado <strong><mark style=\"background-color:rgba(0, 0, 0, 0);color:#930606\" class=\"has-inline-color\">cumplan<\/mark><\/strong> con los <strong><mark style=\"background-color:rgba(0, 0, 0, 0);color:#930505\" class=\"has-inline-color\">tr\u00e1mites<\/mark><\/strong> y requisitos para <mark style=\"background-color:#55f6bb\" class=\"has-inline-color\">obtener una concesi\u00f3n o permiso<\/mark>.<\/p>\n\n\n\n<p>.<\/p>\n\n\n\n<p>Con la pr\u00f3rroga tambi\u00e9n se busca que las personas que iniciaron el tr\u00e1mite de regularizaci\u00f3n de sus veh\u00edculos adaptados que presten los servicios auxiliares de arrastre, salvamente, guarda, custodia, adem\u00e1s de las \u00e1reas que funcionan como <strong>dep\u00f3sitos de veh\u00edculos<\/strong> <strong>concluyan tu tr\u00e1mite<\/strong>.<\/p>\n\n\n\n<p>.<\/p>\n\n\n\n<p>Se advierte que las personas que no hayan concluido los tr\u00e1mites ni cumplido los requisitos que marca la Norma T\u00e9cnica, y contin\u00faen prestando el servicio ser\u00e1n <strong><mark style=\"background-color:#fcb900\" class=\"has-inline-color\">sancionados<\/mark><\/strong> de acuerdo a la normatividad aplicable, guard\u00e1ndose la SEMOVI, el derecho de ejecutar las acciones legales correspondiente.<\/p>\n\n\n\n<p>.<\/p>\n\n\n\n<p>.<\/p>\n\n\n\n<p>Si estas en el <strong><mark style=\"background-color:rgba(0, 0, 0, 0)\" class=\"has-inline-color has-vivid-red-color\">Extranjero <\/mark><\/strong>nosotros somos tu <strong><mark style=\"background-color:rgba(0, 0, 0, 0)\" class=\"has-inline-color has-vivid-green-cyan-color\">mejor<\/mark><\/strong> alternativa para <strong><mark style=\"background-color:rgba(0, 0, 0, 0)\" class=\"has-inline-color has-luminous-vivid-orange-color\">velar<\/mark><\/strong> por tus <strong><mark style=\"background-color:rgba(0, 0, 0, 0)\" class=\"has-inline-color has-vivid-cyan-blue-color\">intereses<\/mark><\/strong>, escr\u00edbenos o ll\u00e1manos al Tel <strong>55581-11311<\/strong>.<\/p>\n\n\n\n<p>.<\/p>\n\n\n\n<p>Cuando<strong> necesites<\/strong> ayuda, <strong>asistencia<\/strong> o <strong>planeaci\u00f3n<\/strong> legal, <strong>solicita<\/strong> <strong>Cita Privada<\/strong> <a rel=\"noreferrer noopener\" href=\"mailto:bi@sm99.mx\" target=\"_blank\"><strong>Aqu\u00ed<\/strong><\/a><\/p>\n\n\n\n<p>La informaci\u00f3n que AQU\u00cd te presentamos <strong>deriva<\/strong> de los <strong>Peri\u00f3dicos Oficiales <\/strong>de la<strong> CdMx<\/strong>, <strong>Estado<\/strong> de Mex., Diario <strong>Oficial<\/strong> de la Federaci\u00f3n, Suprema Corte de<strong> Justicia<\/strong> de la Naci\u00f3n, por lo tanto es de <strong>aplicaci\u00f3n OBLIGATORIA<\/strong><\/p>\n\n\n\n<p>La <strong>informaci\u00f3n<\/strong> de hoy procede de la Gaceta del EdoMex. <\/p>\n\n\n\n<p><strong><mark style=\"background-color:rgba(0, 0, 0, 0)\" class=\"has-inline-color has-luminous-vivid-orange-color\">AY\u00daDANOS<\/mark><\/strong> para que m\u00e1s personas conozcan esta informaci\u00f3n, <strong>Comp\u00e1rtelo<\/strong> en tus redes sociales. <\/p>\n\n\n\n<p><\/p>\n","protected":false},"excerpt":{"rendered":"<p>Views: 13 La Secretaria de Movilidad del EdoMex (SEMOVI) extiende el plazo hasta el 12 de enero del 2024, para que los concesionarios de gr\u00faas y corralones, que prestan el servici\u00f3 de manera ILEGAL en el estado cumplan con los tr\u00e1mites y requisitos para obtener una concesi\u00f3n o permiso. . Con la pr\u00f3rroga tambi\u00e9n se [&hellip;]<\/p>\n","protected":false},"author":3,"featured_media":24796,"comment_status":"closed","ping_status":"open","sticky":false,"template":"","format":"standard","meta":{"_jetpack_memberships_contains_paid_content":false,"footnotes":""},"categories":[8],"tags":[],"jetpack_sharing_enabled":true,"jetpack_featured_media_url":"https:\/\/www.salgadonoticias.com\/wp-content\/uploads\/2023\/10\/Gruas-Edomex.jpg","_links":{"self":[{"href":"https:\/\/www.salgadonoticias.com\/index.php?rest_route=\/wp\/v2\/posts\/24795"}],"collection":[{"href":"https:\/\/www.salgadonoticias.com\/index.php?rest_route=\/wp\/v2\/posts"}],"about":[{"href":"https:\/\/www.salgadonoticias.com\/index.php?rest_route=\/wp\/v2\/types\/post"}],"author":[{"embeddable":true,"href":"https:\/\/www.salgadonoticias.com\/index.php?rest_route=\/wp\/v2\/users\/3"}],"replies":[{"embeddable":true,"href":"https:\/\/www.salgadonoticias.com\/index.php?rest_route=%2Fwp%2Fv2%2Fcomments&post=24795"}],"version-history":[{"count":2,"href":"https:\/\/www.salgadonoticias.com\/index.php?rest_route=\/wp\/v2\/posts\/24795\/revisions"}],"predecessor-version":[{"id":24802,"href":"https:\/\/www.salgadonoticias.com\/index.php?rest_route=\/wp\/v2\/posts\/24795\/revisions\/24802"}],"wp:featuredmedia":[{"embeddable":true,"href":"https:\/\/www.salgadonoticias.com\/index.php?rest_route=\/wp\/v2\/media\/24796"}],"wp:attachment":[{"href":"https:\/\/www.salgadonoticias.com\/index.php?rest_route=%2Fwp%2Fv2%2Fmedia&parent=24795"}],"wp:term":[{"taxonomy":"category","embeddable":true,"href":"https:\/\/www.salgadonoticias.com\/index.php?rest_route=%2Fwp%2Fv2%2Fcategories&post=24795"},{"taxonomy":"post_tag","embeddable":true,"href":"https:\/\/www.salgadonoticias.com\/index.php?rest_route=%2Fwp%2Fv2%2Ftags&post=24795"}],"curies":[{"name":"wp","href":"https:\/\/api.w.org\/{rel}","templated":true}]}}