{"id":24904,"date":"2023-10-25T00:40:00","date_gmt":"2023-10-25T05:40:00","guid":{"rendered":"http:\/\/www.salgadonoticias.com\/?p=24904"},"modified":"2023-10-25T17:36:38","modified_gmt":"2023-10-25T22:36:38","slug":"24904","status":"publish","type":"post","link":"https:\/\/www.salgadonoticias.com\/?p=24904","title":{"rendered":"Ahora EMPRESAS (Personas Jur\u00eddico COLECTIVAS) con Responsabilidad PENAL en EdoMex&#8230;!!!"},"content":{"rendered":"<p>Views: 15<\/p>\n<p>.<\/p>\n\n\n\n<figure class=\"wp-block-embed is-type-video is-provider-youtube wp-block-embed-youtube wp-embed-aspect-16-9 wp-has-aspect-ratio\"><div class=\"wp-block-embed__wrapper\">\n<iframe loading=\"lazy\" title=\"Ahora Empresas (personas jur\u00eddico colectivas) con Responsabilidad Penal\" width=\"640\" height=\"360\" src=\"https:\/\/www.youtube.com\/embed\/a9dLla2be-8?feature=oembed\" frameborder=\"0\" allow=\"accelerometer; autoplay; clipboard-write; encrypted-media; gyroscope; picture-in-picture; web-share\" referrerpolicy=\"strict-origin-when-cross-origin\" allowfullscreen><\/iframe>\n<\/div><\/figure>\n\n\n\n<p>.<\/p>\n\n\n\n<p>Se <strong><mark style=\"background-color:rgba(0, 0, 0, 0);color:#9b0404\" class=\"has-inline-color\">reforma<\/mark> <\/strong>el C\u00f3digo Penal del EdoMex, con lo que, a partir de hoy, a las <strong><mark style=\"background-color:#f79047\" class=\"has-inline-color\">personas jur\u00eddico colectivas<\/mark><\/strong> se les podr\u00e1 <b><mark style=\"background-color:#fcb900\" class=\"has-inline-color\">impo<\/mark><\/b><strong><mark style=\"background-color:#fcb900\" class=\"has-inline-color\">ner<\/mark><\/strong> una o varias <strong><mark style=\"background-color:rgba(0, 0, 0, 0);color:#820101\" class=\"has-inline-color\">PENAS<\/mark><\/strong> o medidas de seguridad cuando hayan sido <strong><mark style=\"background-color:#ffa86b\" class=\"has-inline-color\">declaradas responsables penalmente<\/mark><\/strong> respecto de los delitos como: <\/p>\n\n\n\n<ul>\n<li><strong><mark style=\"background-color:rgba(0, 0, 0, 0);color:#250543\" class=\"has-inline-color\">Quebrantamiento de sellos; <\/mark><\/strong><\/li>\n\n\n\n<li><strong><mark style=\"background-color:rgba(0, 0, 0, 0);color:#97044f\" class=\"has-inline-color\">Fraude procesal; <\/mark><\/strong><\/li>\n\n\n\n<li><strong><mark style=\"background-color:rgba(0, 0, 0, 0);color:#1e7d02\" class=\"has-inline-color\">Falsificaci\u00f3n de documentos; <\/mark><\/strong><\/li>\n\n\n\n<li><strong><mark style=\"background-color:rgba(0, 0, 0, 0)\" class=\"has-inline-color has-luminous-vivid-orange-color\">Delitos contra el desarrollo urbano,<\/mark> <\/strong><\/li>\n\n\n\n<li><strong><mark style=\"background-color:rgba(0, 0, 0, 0);color:#5c07ab\" class=\"has-inline-color\">Contra el consumo,<\/mark> <\/strong><\/li>\n\n\n\n<li><strong>Contra <\/strong>l<strong>a econom\u00eda pecuaria, <\/strong><\/li>\n\n\n\n<li><strong><mark style=\"background-color:rgba(0, 0, 0, 0)\" class=\"has-inline-color has-vivid-red-color\">Contra el trabajo y la previsi\u00f3n social y de  <\/mark><\/strong><\/li>\n\n\n\n<li><strong><mark style=\"background-color:rgba(0, 0, 0, 0);color:#03258b\" class=\"has-inline-color\">Conta las personas menores de edad y quienes no tienen la capacidad para comprender el significado del hecho<\/mark><\/strong> <span style=\"text-decoration: underline;\">(Obligar, inducir, facilitar el consumo de bebidas alcoh\u00f3licas y drogas, pertenecer a la delincuencia organizada, emplearlos para venta de bebidas alcoh\u00f3licas (Art. 204).<\/span><\/li>\n\n\n\n<li><strong><mark style=\"background-color:rgba(0, 0, 0, 0);color:#649403\" class=\"has-inline-color\">Despojo<\/mark><\/strong><\/li>\n\n\n\n<li><strong><mark style=\"background-color:rgba(0, 0, 0, 0);color:#8e0101\" class=\"has-inline-color\">Discriminaci\u00f3n, y otros 11 m\u00e1s<\/mark><\/strong> <strong><mark style=\"background-color:rgba(0, 0, 0, 0);color:#810303\" class=\"has-inline-color\">ya previstos en el C\u00f3digo Penal.<\/mark><\/strong><\/li>\n<\/ul>\n\n\n\n<p>.<br>Tambi\u00e9n por la <strong><mark style=\"background-color:rgba(0, 0, 0, 0);color:#800404\" class=\"has-inline-color\">utilizaci\u00f3n<\/mark><\/strong> de <mark style=\"background-color:#bbe1f8\" class=\"has-inline-color\"><strong>im\u00e1genes <\/strong>o<strong> voz <\/strong><\/mark>de personas <strong><mark style=\"background-color:rgba(0, 0, 0, 0)\" class=\"has-inline-color has-vivid-red-color\">menores de edad<\/mark> <\/strong>o que <strong><mark style=\"background-color:rgba(0, 0, 0, 0)\" class=\"has-inline-color has-vivid-red-color\">no tienen la capacidad para comprender<\/mark><\/strong> el significado del hecho para la <span style=\"text-decoration: underline;\"><em><strong><mark style=\"background-color:#95f4d1\" class=\"has-inline-color\">pornograf\u00eda,<\/mark><\/strong><\/em><\/span><br>.<\/p>\n\n\n\n<p>La reforma tambi\u00e9n indica que las disposiciones relativas a la <strong><mark style=\"background-color:#fcb900\" class=\"has-inline-color\">responsabilidad penal<\/mark><\/strong> de las personas jur\u00eddicas <strong><mark style=\"background-color:rgba(0, 0, 0, 0)\" class=\"has-inline-color has-vivid-red-color\">no ser\u00e1n aplicables a instituciones p\u00fablicas<\/mark><\/strong>, <strong>NO OBSTANTE<\/strong>, cuando estas sean <strong>utilizadas<\/strong> por una <strong>persona f\u00edsica<\/strong> <strong>para cometer un delito<\/strong>, <strong><mark style=\"background-color:#fcb900\" class=\"has-inline-color\">SI ser\u00e1 sancionada<\/mark><\/strong> por el delito o delitos cometidos.<br>Lo anterior tambi\u00e9n ser\u00e1 aplicable a los fundadores como administradores o representantes que se aprovechen de alguna instituci\u00f3n estatal o municipal para eludir alguna responsabilidad penal.<\/p>\n\n\n\n<p>.<\/p>\n\n\n\n<p>Con esta <strong>reforma<\/strong> &#8220;dicen los legisladores&#8221; se busca <strong>prevenir y combatir<\/strong> con mayor eficacia <strong><mark style=\"background-color:#ff6900\" class=\"has-inline-color\">delitos que se originan en el sector privado<\/mark><\/strong>, y as\u00ed poder tipificar como delitos de las personas jur\u00eddicas colectivas el blanqueo de capitales; contra la hacienda p\u00fablica y la seguridad social; la urbanizaci\u00f3n ilegal y los delitos contra el medio ambiente.<\/p>\n\n\n\n<p>Aqu\u00ed te dejamos el comparativo contemplando la Reforma:<\/p>\n\n\n\n<div data-wp-interactive=\"core\/file\" class=\"wp-block-file\"><object data-wp-bind--hidden=\"!state.hasPdfPreview\"  class=\"wp-block-file__embed\" data=\"http:\/\/www.salgadonoticias.com\/wp-content\/uploads\/2023\/10\/Comparativo-CPEDOMEX.pdf\" type=\"application\/pdf\" style=\"width:100%;height:600px\" aria-label=\"Incrustado de Comparativo CPEDOMEX.\"><\/object><a id=\"wp-block-file--media-d7106289-2847-42bf-85d8-2e5a27737854\" href=\"http:\/\/www.salgadonoticias.com\/wp-content\/uploads\/2023\/10\/Comparativo-CPEDOMEX.pdf\">Comparativo CPEDOMEX<\/a><a href=\"http:\/\/www.salgadonoticias.com\/wp-content\/uploads\/2023\/10\/Comparativo-CPEDOMEX.pdf\" class=\"wp-block-file__button wp-element-button\" download aria-describedby=\"wp-block-file--media-d7106289-2847-42bf-85d8-2e5a27737854\">Descarga<\/a><\/div>\n\n\n\n<p>Si estas en el <strong><mark style=\"background-color:rgba(0, 0, 0, 0)\" class=\"has-inline-color has-vivid-red-color\">Extranjero <\/mark><\/strong>nosotros somos tu <strong><mark style=\"background-color:rgba(0, 0, 0, 0)\" class=\"has-inline-color has-vivid-green-cyan-color\">mejor<\/mark><\/strong> alternativa para <strong><mark style=\"background-color:rgba(0, 0, 0, 0)\" class=\"has-inline-color has-luminous-vivid-orange-color\">velar<\/mark><\/strong> por tus <strong><mark style=\"background-color:rgba(0, 0, 0, 0)\" class=\"has-inline-color has-vivid-cyan-blue-color\">intereses<\/mark><\/strong>, escr\u00edbenos o ll\u00e1manos al Tel <strong>55581-11311<\/strong>.<\/p>\n\n\n\n<p>.<\/p>\n\n\n\n<p>Cuando<strong> necesites<\/strong> ayuda, <strong>asistencia<\/strong> o <strong>planeaci\u00f3n<\/strong> legal, <strong>solicita<\/strong> <strong>Cita Privada<\/strong> <a rel=\"noreferrer noopener\" href=\"mailto:bi@sm99.mx\" target=\"_blank\"><strong>Aqu\u00ed<\/strong><\/a><\/p>\n\n\n\n<p>La informaci\u00f3n que AQU\u00cd te presentamos <strong>deriva<\/strong> de los <strong>Peri\u00f3dicos Oficiales <\/strong>de la<strong> CdMx<\/strong>, <strong>Estado<\/strong> de Mex., Diario <strong>Oficial<\/strong> de la Federaci\u00f3n, Suprema Corte de<strong> Justicia<\/strong> de la Naci\u00f3n, por lo tanto es de <strong>aplicaci\u00f3n OBLIGATORIA<\/strong><\/p>\n\n\n\n<p>La <strong>informaci\u00f3n<\/strong> de hoy procede de la Gaceta del EdoMex.<\/p>\n\n\n\n<p><strong><mark style=\"background-color:rgba(0, 0, 0, 0)\" class=\"has-inline-color has-luminous-vivid-orange-color\">AY\u00daDANOS<\/mark><\/strong> para que m\u00e1s personas conozcan esta informaci\u00f3n, <strong>Comp\u00e1rtelo<\/strong> en tus redes sociales. <\/p>\n\n\n\n<p><\/p>\n","protected":false},"excerpt":{"rendered":"<p>Views: 15 . . Se reforma el C\u00f3digo Penal del EdoMex, con lo que, a partir de hoy, a las personas jur\u00eddico colectivas se les podr\u00e1 imponer una o varias PENAS o medidas de seguridad cuando hayan sido declaradas responsables penalmente respecto de los delitos como: .Tambi\u00e9n por la utilizaci\u00f3n de im\u00e1genes o voz de [&hellip;]<\/p>\n","protected":false},"author":3,"featured_media":24909,"comment_status":"closed","ping_status":"open","sticky":false,"template":"","format":"standard","meta":{"_jetpack_memberships_contains_paid_content":false,"footnotes":""},"categories":[8],"tags":[],"jetpack_sharing_enabled":true,"jetpack_featured_media_url":"https:\/\/www.salgadonoticias.com\/wp-content\/uploads\/2023\/10\/RESPONSABILIDAD.jpg","_links":{"self":[{"href":"https:\/\/www.salgadonoticias.com\/index.php?rest_route=\/wp\/v2\/posts\/24904"}],"collection":[{"href":"https:\/\/www.salgadonoticias.com\/index.php?rest_route=\/wp\/v2\/posts"}],"about":[{"href":"https:\/\/www.salgadonoticias.com\/index.php?rest_route=\/wp\/v2\/types\/post"}],"author":[{"embeddable":true,"href":"https:\/\/www.salgadonoticias.com\/index.php?rest_route=\/wp\/v2\/users\/3"}],"replies":[{"embeddable":true,"href":"https:\/\/www.salgadonoticias.com\/index.php?rest_route=%2Fwp%2Fv2%2Fcomments&post=24904"}],"version-history":[{"count":12,"href":"https:\/\/www.salgadonoticias.com\/index.php?rest_route=\/wp\/v2\/posts\/24904\/revisions"}],"predecessor-version":[{"id":24939,"href":"https:\/\/www.salgadonoticias.com\/index.php?rest_route=\/wp\/v2\/posts\/24904\/revisions\/24939"}],"wp:featuredmedia":[{"embeddable":true,"href":"https:\/\/www.salgadonoticias.com\/index.php?rest_route=\/wp\/v2\/media\/24909"}],"wp:attachment":[{"href":"https:\/\/www.salgadonoticias.com\/index.php?rest_route=%2Fwp%2Fv2%2Fmedia&parent=24904"}],"wp:term":[{"taxonomy":"category","embeddable":true,"href":"https:\/\/www.salgadonoticias.com\/index.php?rest_route=%2Fwp%2Fv2%2Fcategories&post=24904"},{"taxonomy":"post_tag","embeddable":true,"href":"https:\/\/www.salgadonoticias.com\/index.php?rest_route=%2Fwp%2Fv2%2Ftags&post=24904"}],"curies":[{"name":"wp","href":"https:\/\/api.w.org\/{rel}","templated":true}]}}