{"id":24963,"date":"2023-10-27T00:46:00","date_gmt":"2023-10-27T05:46:00","guid":{"rendered":"https:\/\/www.salgadonoticias.com\/?p=24963"},"modified":"2023-10-27T17:59:27","modified_gmt":"2023-10-27T22:59:27","slug":"abuso-sexual-penas-mas-severas-en-edomex","status":"publish","type":"post","link":"https:\/\/www.salgadonoticias.com\/?p=24963","title":{"rendered":"Abuso SEXUAL&#8230;Hasta 20 a\u00f1os de PRISION  en EdoMex&#8230;!!!"},"content":{"rendered":"<p>Views: 20<\/p>\n<p>.<\/p>\n\n\n\n<figure class=\"wp-block-embed is-type-video is-provider-youtube wp-block-embed-youtube wp-embed-aspect-16-9 wp-has-aspect-ratio\"><div class=\"wp-block-embed__wrapper\">\n<iframe loading=\"lazy\" title=\"Abuso SEXUAL \u2026 Hasta 20 a\u00f1os de PRISION en. EdoMex \u2026!!!\" width=\"640\" height=\"360\" src=\"https:\/\/www.youtube.com\/embed\/8bqQOo8KeUI?feature=oembed\" frameborder=\"0\" allow=\"accelerometer; autoplay; clipboard-write; encrypted-media; gyroscope; picture-in-picture; web-share\" referrerpolicy=\"strict-origin-when-cross-origin\" allowfullscreen><\/iframe>\n<\/div><\/figure>\n\n\n\n<p><\/p>\n\n\n\n<p>Se <strong><mark style=\"background-color:rgba(0, 0, 0, 0);color:#9b0404\" class=\"has-inline-color\">reforma<\/mark> <\/strong>el C\u00f3digo Penal del EdoMex, con lo que, a partir de hoy, a las <strong><mark style=\"background-color:#ffffff;color:#9c0101\" class=\"has-inline-color\">PENAS de 2 y hasta 15 a\u00f1os de prisi\u00f3n<\/mark><mark style=\"background-color:#ffffff\" class=\"has-inline-color\"> por <\/mark><mark style=\"background-color:#e0c7f7\" class=\"has-inline-color\">ABUSO SEXUAL<\/mark><\/strong> se  <b><mark style=\"background-color:#fcb900\" class=\"has-inline-color\">INCREMENTAN<\/mark><\/b> hasta en <strong><mark style=\"background-color:#f19b5e\" class=\"has-inline-color\">una tercera parte<\/mark><\/strong> cuando el delito se comete bajo las siguiente circunstancias:<\/p>\n\n\n\n<p><\/p>\n\n\n\n<ul>\n<li><mark style=\"background-color:#d9859a\" class=\"has-inline-color\">Se <strong>use<\/strong> la <strong>violencia f\u00edsica o moral<\/strong>.<\/mark><\/li>\n\n\n\n<li><mark style=\"background-color:#6dc3f9\" class=\"has-inline-color has-black-color\">Sea cometido por los <strong>c\u00f3nyuges<\/strong>, por un <strong>hermano contra otro<\/strong>, por <strong>tutor en contra de su pupilo<\/strong>; o por el <strong>padrastro, madrastra, concubina, concubinario, amasio o amasia<\/strong> en <strong>contra<\/strong> del <strong>hijastro  hijastra<\/strong>. <strong>Adem\u00e1s<\/strong> se <strong>perder\u00e1 la patria potestad o la tutela<\/strong>, en los casos en que la ejerciere sobre la v\u00edctima;<\/mark><\/li>\n\n\n\n<li><mark style=\"background-color:#f3cc61\" class=\"has-inline-color\">Cometido por <strong>quienes tengan o hayan tenido relaci\u00f3n laboral, docente, m\u00e9dica, dom\u00e9stica o religiosa con la v\u00edctima<\/strong> o que implique confianza o subordinaci\u00f3n.<\/mark><\/li>\n\n\n\n<li><mark style=\"background-color:#bdc2c6\" class=\"has-inline-color\">Cuanto la <strong>v\u00edctima<\/strong> tenga una <strong>discapacidad<\/strong>.<\/mark><\/li>\n<\/ul>\n\n\n\n<p>.<\/p>\n\n\n\n<p>.<\/p>\n\n\n\n<p><mark style=\"background-color:#91ebca\" class=\"has-inline-color\"><strong>Tambi\u00e9n se detalla que con respecto al delito de abuso sexual:<\/strong><\/mark><\/p>\n\n\n\n<ul>\n<li><mark style=\"background-color:rgba(0, 0, 0, 0);color:#a10202\" class=\"has-inline-color\"><strong>NO<\/strong> se otorgar\u00e1 la <strong>suspensi\u00f3n<\/strong> de la <strong>pena<\/strong> de prisi\u00f3n, <span style=\"text-decoration: underline;\">a\u00fan cuando sean<\/span> <strong>primodelincuentes<\/strong>.<\/mark><\/li>\n\n\n\n<li>Se har\u00e1 <strong><mark style=\"background-color:rgba(0, 0, 0, 0);color:#23a803\" class=\"has-inline-color\">La reparaci\u00f3n del da\u00f1o<\/mark><\/strong><\/li>\n\n\n\n<li><mark style=\"background-color:rgba(0, 0, 0, 0);color:#010b7c\" class=\"has-inline-color\">Si el delito es <strong>contra<\/strong> una <strong>menor de edad<\/strong>, el condenado ser\u00e1 <strong>destituido del cargo o empleo, inhabilitado o suspendido<\/strong> hasta por <strong>cinco a\u00f1os <\/strong>en el ejercicio de su profesi\u00f3n.<\/mark><\/li>\n\n\n\n<li><mark style=\"background-color:rgba(0, 0, 0, 0);color:#910255\" class=\"has-inline-color\">La <strong>obligaci\u00f3n<\/strong> de <strong>DENUNCIAR<\/strong> cualquier presunto caso de <strong>abuso sexual<\/strong> por quien quien ejerza la patria potestad de los <strong>ni\u00f1as, ni\u00f1os y adolescentes<\/strong>.<\/mark><\/li>\n<\/ul>\n\n\n\n<p>Hemos preparado un COMPARATIVO para distinguir mejor el c\u00f3mo estaba la Ley a c\u00f3mo queda con esta Modificaci\u00f3n, Da click aqu\u00ed ?para descargar este comparativo <\/p>\n\n\n\n<div data-wp-interactive=\"core\/file\" class=\"wp-block-file\"><object data-wp-bind--hidden=\"!state.hasPdfPreview\"  class=\"wp-block-file__embed\" data=\"http:\/\/www.salgadonoticias.com\/wp-content\/uploads\/2023\/10\/COMPARATIVO-C.P.EDOMEX.pdf\" type=\"application\/pdf\" style=\"width:100%;height:600px\" aria-label=\"Incrustado de COMPARATIVO C.P.EDOMEX.\"><\/object><a id=\"wp-block-file--media-e049efc1-ae49-4f96-8e3b-89f9f193a0ef\" href=\"http:\/\/www.salgadonoticias.com\/wp-content\/uploads\/2023\/10\/COMPARATIVO-C.P.EDOMEX.pdf\">COMPARATIVO C.P.EDOMEX<\/a><a href=\"http:\/\/www.salgadonoticias.com\/wp-content\/uploads\/2023\/10\/COMPARATIVO-C.P.EDOMEX.pdf\" class=\"wp-block-file__button wp-element-button\" download aria-describedby=\"wp-block-file--media-e049efc1-ae49-4f96-8e3b-89f9f193a0ef\">Descarga<\/a><\/div>\n\n\n\n<p>.<\/p>\n\n\n\n<p>Si estas en el <strong><mark style=\"background-color:rgba(0, 0, 0, 0)\" class=\"has-inline-color has-vivid-red-color\">Extranjero<\/mark><\/strong> nosotros somos tu <strong><mark style=\"background-color:rgba(0, 0, 0, 0)\" class=\"has-inline-color has-vivid-green-cyan-color\">mejor<\/mark><\/strong> alternativa para <strong><mark style=\"background-color:rgba(0, 0, 0, 0)\" class=\"has-inline-color has-luminous-vivid-orange-color\">velar<\/mark><\/strong> por tus <strong><mark style=\"background-color:rgba(0, 0, 0, 0);color:#0673b2\" class=\"has-inline-color\">intereses<\/mark><\/strong>, escr\u00edbenos o ll\u00e1manos al Tel <strong>55581-11311<\/strong>.<\/p>\n\n\n\n<p>.<\/p>\n\n\n\n<p>Cuando<strong> necesites<\/strong> ayuda, <strong>asistencia<\/strong> o <strong>planeaci\u00f3n<\/strong> legal, <strong>solicita<\/strong> <strong>Cita Privada<\/strong> <a rel=\"noreferrer noopener\" href=\"mailto:bi@sm99.mx\" target=\"_blank\"><strong>Aqu\u00ed<\/strong><\/a><\/p>\n\n\n\n<p>.<\/p>\n\n\n\n<p>La informaci\u00f3n que AQU\u00cd te presentamos <strong>deriva<\/strong> de los <strong>Peri\u00f3dicos Oficiales <\/strong>de la<strong> CdMx<\/strong>, <strong>Estado<\/strong> de Mex., Diario <strong>Oficial<\/strong> de la Federaci\u00f3n, Suprema Corte de<strong> Justicia<\/strong> de la Naci\u00f3n, por lo tanto es de <strong>aplicaci\u00f3n OBLIGATORIA<\/strong><\/p>\n\n\n\n<p>La <strong>informaci\u00f3n<\/strong> de hoy procede de la Gaceta del EdoMex.<\/p>\n\n\n\n<p><strong><mark style=\"background-color:rgba(0, 0, 0, 0)\" class=\"has-inline-color has-luminous-vivid-orange-color\">AY\u00daDANOS<\/mark><\/strong> para que m\u00e1s personas conozcan esta informaci\u00f3n, <strong>Comp\u00e1rtelo<\/strong> en tus redes sociales. <\/p>\n","protected":false},"excerpt":{"rendered":"<p>Views: 20 . Se reforma el C\u00f3digo Penal del EdoMex, con lo que, a partir de hoy, a las PENAS de 2 y hasta 15 a\u00f1os de prisi\u00f3n por ABUSO SEXUAL se INCREMENTAN hasta en una tercera parte cuando el delito se comete bajo las siguiente circunstancias: . . Tambi\u00e9n se detalla que con respecto [&hellip;]<\/p>\n","protected":false},"author":3,"featured_media":24965,"comment_status":"closed","ping_status":"open","sticky":false,"template":"","format":"standard","meta":{"_jetpack_memberships_contains_paid_content":false,"footnotes":""},"categories":[8],"tags":[],"jetpack_sharing_enabled":true,"jetpack_featured_media_url":"https:\/\/www.salgadonoticias.com\/wp-content\/uploads\/2023\/10\/abruos.png","_links":{"self":[{"href":"https:\/\/www.salgadonoticias.com\/index.php?rest_route=\/wp\/v2\/posts\/24963"}],"collection":[{"href":"https:\/\/www.salgadonoticias.com\/index.php?rest_route=\/wp\/v2\/posts"}],"about":[{"href":"https:\/\/www.salgadonoticias.com\/index.php?rest_route=\/wp\/v2\/types\/post"}],"author":[{"embeddable":true,"href":"https:\/\/www.salgadonoticias.com\/index.php?rest_route=\/wp\/v2\/users\/3"}],"replies":[{"embeddable":true,"href":"https:\/\/www.salgadonoticias.com\/index.php?rest_route=%2Fwp%2Fv2%2Fcomments&post=24963"}],"version-history":[{"count":10,"href":"https:\/\/www.salgadonoticias.com\/index.php?rest_route=\/wp\/v2\/posts\/24963\/revisions"}],"predecessor-version":[{"id":25008,"href":"https:\/\/www.salgadonoticias.com\/index.php?rest_route=\/wp\/v2\/posts\/24963\/revisions\/25008"}],"wp:featuredmedia":[{"embeddable":true,"href":"https:\/\/www.salgadonoticias.com\/index.php?rest_route=\/wp\/v2\/media\/24965"}],"wp:attachment":[{"href":"https:\/\/www.salgadonoticias.com\/index.php?rest_route=%2Fwp%2Fv2%2Fmedia&parent=24963"}],"wp:term":[{"taxonomy":"category","embeddable":true,"href":"https:\/\/www.salgadonoticias.com\/index.php?rest_route=%2Fwp%2Fv2%2Fcategories&post=24963"},{"taxonomy":"post_tag","embeddable":true,"href":"https:\/\/www.salgadonoticias.com\/index.php?rest_route=%2Fwp%2Fv2%2Ftags&post=24963"}],"curies":[{"name":"wp","href":"https:\/\/api.w.org\/{rel}","templated":true}]}}