{"id":25104,"date":"2023-11-06T00:30:00","date_gmt":"2023-11-06T06:30:00","guid":{"rendered":"http:\/\/www.salgadonoticias.com\/?p=25104"},"modified":"2023-11-06T14:59:21","modified_gmt":"2023-11-06T20:59:21","slug":"dos-tipos-mas-de-violencia-contra-la-mujer-en-el-edomex","status":"publish","type":"post","link":"https:\/\/www.salgadonoticias.com\/?p=25104","title":{"rendered":"2 Tipos m\u00e1s de Violencia contra la Mujer en EdoMex&#8230;!!!"},"content":{"rendered":"<p>Views: 13<\/p>\n<p>.<\/p>\n\n\n\n<figure class=\"wp-block-embed is-type-video is-provider-youtube wp-block-embed-youtube wp-embed-aspect-16-9 wp-has-aspect-ratio\"><div class=\"wp-block-embed__wrapper\">\n<iframe loading=\"lazy\" title=\"Dos Tipos m\u00e1s de violencia contra la mujer en el Estado de M\u00e9xico\ufffc\" width=\"640\" height=\"360\" src=\"https:\/\/www.youtube.com\/embed\/CRHTjuUuVTs?feature=oembed\" frameborder=\"0\" allow=\"accelerometer; autoplay; clipboard-write; encrypted-media; gyroscope; picture-in-picture; web-share\" referrerpolicy=\"strict-origin-when-cross-origin\" allowfullscreen><\/iframe>\n<\/div><\/figure>\n\n\n\n<p>.<\/p>\n\n\n\n<p>Se realizaron reformas a la <strong>Ley de Acceso de las Mujeres a una Vida Libre de Violencia del EdoMex<\/strong>, por lo que, a partir de hoy 6 de noviembre, <strong>adem\u00e1s<\/strong> de los <strong><mark style=\"background-color:#f78da7\" class=\"has-inline-color\">5 tipos<\/mark><\/strong> de violencia que se marcan en esta ley, ahora se contemplan <strong>dos <\/strong>tipos m\u00e1s:<\/p>\n\n\n\n<ul>\n<li><strong><mark style=\"background-color:#f39f62\" class=\"has-inline-color\">Violencia SIMB\u00d3LICA:<\/mark><\/strong> Es cualquier <strong>acto u omisi\u00f3n<\/strong> que <strong><mark style=\"background-color:rgba(0, 0, 0, 0)\" class=\"has-inline-color has-luminous-vivid-orange-color\">produzca un da\u00f1o<\/mark><\/strong> o menoscabo <strong>a trav\u00e9s<\/strong> de <strong><mark style=\"background-color:rgba(0, 0, 0, 0)\" class=\"has-inline-color has-luminous-vivid-orange-color\">patrones estereotipados<\/mark><\/strong>, <span style=\"text-decoration: underline;\">mensajes, valores, \u00edconos o signos, transmita y reproduzca dominaci\u00f3n, cosificaci\u00f3n<\/span>, <strong><mark style=\"background-color:rgba(0, 0, 0, 0)\" class=\"has-inline-color has-vivid-red-color\">desigualdad y discriminaci\u00f3n<\/mark><\/strong> en las <strong><mark style=\"background-color:rgba(0, 0, 0, 0)\" class=\"has-inline-color has-luminous-vivid-orange-color\">relaciones, sociales<\/mark><\/strong> en los <strong>\u00e1mbitos <mark style=\"background-color:rgba(0, 0, 0, 0)\" class=\"has-inline-color has-luminous-vivid-orange-color\">p\u00fablico y privado, naturalizando la subordinaci\u00f3n<\/mark><\/strong>.<\/li>\n\n\n\n<li><strong><mark style=\"background-color:#68dbf3\" class=\"has-inline-color\">Violencia MEDI\u00c1TICA<\/mark><\/strong>: Es cualquier <strong>acto<\/strong> que a trav\u00e9s de la <strong><mark style=\"background-color:rgba(0, 0, 0, 0);color:#1303b6\" class=\"has-inline-color\">publicaci\u00f3n o difusi\u00f3n<\/mark><\/strong> de <strong><mark style=\"background-color:rgba(0, 0, 0, 0);color:#0727e3\" class=\"has-inline-color\">mensajes e im\u00e1genes estereotipados<\/mark><\/strong> <strong>a trav\u00e9s<\/strong> de cualquier <strong>medio de comunicaci\u00f3n<\/strong> que <strong><mark style=\"background-color:rgba(0, 0, 0, 0)\" class=\"has-inline-color has-vivid-red-color\">promueva la explotaci\u00f3n de mujeres o sus im\u00e1genes<\/mark><\/strong>, legitimando la desigualdad de trato o <mark style=\"background-color:rgba(0, 0, 0, 0);color:#090688\" class=\"has-inline-color\"><strong>construya patrones socioculturales reproductores de desigualdad o generadores de violencia<\/strong>.<\/mark><\/li>\n<\/ul>\n\n\n\n<p>.<\/p>\n\n\n\n<p>Los cambios tambi\u00e9n <strong>contemplan<\/strong> la <strong><mark style=\"background-color:#e2c575\" class=\"has-inline-color\">revisi\u00f3n ANUAL<\/mark><\/strong> de esta Ley, con la finalidad de <strong><mark style=\"background-color:rgba(0, 0, 0, 0)\" class=\"has-inline-color has-vivid-red-color\">promover<\/mark><\/strong> las <mark style=\"background-color:#79f7c5\" class=\"has-inline-color has-black-color\"><strong>iniciativas<\/strong>, <strong>reformas<\/strong> y un <strong>presupuesto<\/strong> adecuado<\/mark>, para <strong>garantizar<\/strong> su pleno cumplimiento  y as\u00ed las <strong>mujeres<\/strong> puedan <strong>acceder<\/strong> a una <strong>vida libre de violencia<\/strong>.<\/p>\n\n\n\n<p><\/p>\n\n\n\n<p>.<\/p>\n\n\n\n<p>Si estas en el <strong><mark style=\"background-color:rgba(0, 0, 0, 0)\" class=\"has-inline-color has-vivid-red-color\">Extranjero <\/mark><\/strong>nosotros somos tu <strong><mark style=\"background-color:rgba(0, 0, 0, 0)\" class=\"has-inline-color has-vivid-green-cyan-color\">mejor<\/mark><\/strong> alternativa para <strong><mark style=\"background-color:rgba(0, 0, 0, 0)\" class=\"has-inline-color has-luminous-vivid-orange-color\">velar<\/mark><\/strong> por tus <strong><mark style=\"background-color:rgba(0, 0, 0, 0)\" class=\"has-inline-color has-vivid-cyan-blue-color\">intereses<\/mark><\/strong>, escr\u00edbenos o ll\u00e1manos al Tel <strong>55581-11311<\/strong>.<\/p>\n\n\n\n<p>.<\/p>\n\n\n\n<p>Cuando<strong> necesites<\/strong> ayuda, <strong>asistencia<\/strong> o <strong>planeaci\u00f3n<\/strong> legal, <strong>solicita<\/strong> <strong>Cita Privada<\/strong> <a rel=\"noreferrer noopener\" href=\"mailto:bi@sm99.mx\" target=\"_blank\"><strong>Aqu\u00ed<\/strong><\/a><\/p>\n\n\n\n<p>La informaci\u00f3n que AQU\u00cd te presentamos <strong>deriva<\/strong> de los <strong>Peri\u00f3dicos Oficiales <\/strong>de la<strong> CdMx<\/strong>, <strong>Estado<\/strong> de Mex., Diario <strong>Oficial<\/strong> de la Federaci\u00f3n, Suprema Corte de<strong> Justicia<\/strong> de la Naci\u00f3n, por lo tanto es de <strong>aplicaci\u00f3n OBLIGATORIA<\/strong><\/p>\n\n\n\n<p>La <strong>informaci\u00f3n<\/strong> de hoy procede de la Gaceta del EdoMex.<\/p>\n\n\n\n<p><strong><mark style=\"background-color:rgba(0, 0, 0, 0)\" class=\"has-inline-color has-luminous-vivid-orange-color\">AY\u00daDANOS<\/mark><\/strong> para que m\u00e1s personas conozcan esta informaci\u00f3n, <strong>Comp\u00e1rtelo<\/strong> en tus redes sociales. <\/p>\n\n\n\n<p><\/p>\n","protected":false},"excerpt":{"rendered":"<p>Views: 13 . . Se realizaron reformas a la Ley de Acceso de las Mujeres a una Vida Libre de Violencia del EdoMex, por lo que, a partir de hoy 6 de noviembre, adem\u00e1s de los 5 tipos de violencia que se marcan en esta ley, ahora se contemplan dos tipos m\u00e1s: . Los cambios [&hellip;]<\/p>\n","protected":false},"author":3,"featured_media":25108,"comment_status":"closed","ping_status":"open","sticky":false,"template":"","format":"standard","meta":{"_jetpack_memberships_contains_paid_content":false,"footnotes":""},"categories":[8],"tags":[],"jetpack_sharing_enabled":true,"jetpack_featured_media_url":"https:\/\/www.salgadonoticias.com\/wp-content\/uploads\/2023\/11\/violencia.jpeg","_links":{"self":[{"href":"https:\/\/www.salgadonoticias.com\/index.php?rest_route=\/wp\/v2\/posts\/25104"}],"collection":[{"href":"https:\/\/www.salgadonoticias.com\/index.php?rest_route=\/wp\/v2\/posts"}],"about":[{"href":"https:\/\/www.salgadonoticias.com\/index.php?rest_route=\/wp\/v2\/types\/post"}],"author":[{"embeddable":true,"href":"https:\/\/www.salgadonoticias.com\/index.php?rest_route=\/wp\/v2\/users\/3"}],"replies":[{"embeddable":true,"href":"https:\/\/www.salgadonoticias.com\/index.php?rest_route=%2Fwp%2Fv2%2Fcomments&post=25104"}],"version-history":[{"count":4,"href":"https:\/\/www.salgadonoticias.com\/index.php?rest_route=\/wp\/v2\/posts\/25104\/revisions"}],"predecessor-version":[{"id":25129,"href":"https:\/\/www.salgadonoticias.com\/index.php?rest_route=\/wp\/v2\/posts\/25104\/revisions\/25129"}],"wp:featuredmedia":[{"embeddable":true,"href":"https:\/\/www.salgadonoticias.com\/index.php?rest_route=\/wp\/v2\/media\/25108"}],"wp:attachment":[{"href":"https:\/\/www.salgadonoticias.com\/index.php?rest_route=%2Fwp%2Fv2%2Fmedia&parent=25104"}],"wp:term":[{"taxonomy":"category","embeddable":true,"href":"https:\/\/www.salgadonoticias.com\/index.php?rest_route=%2Fwp%2Fv2%2Fcategories&post=25104"},{"taxonomy":"post_tag","embeddable":true,"href":"https:\/\/www.salgadonoticias.com\/index.php?rest_route=%2Fwp%2Fv2%2Ftags&post=25104"}],"curies":[{"name":"wp","href":"https:\/\/api.w.org\/{rel}","templated":true}]}}