{"id":26033,"date":"2024-01-05T11:40:00","date_gmt":"2024-01-05T17:40:00","guid":{"rendered":"https:\/\/www.salgadonoticias.com\/?p=26033"},"modified":"2024-01-05T14:46:16","modified_gmt":"2024-01-05T20:46:16","slug":"26033","status":"publish","type":"post","link":"https:\/\/www.salgadonoticias.com\/?p=26033","title":{"rendered":"Comentarios en Noticiero Televisivo de Fco Salgado; Pendientes de la SCJN para 2024&#8230;!!!"},"content":{"rendered":"<p>Views: 263<\/p>\n<p>.<\/p>\n\n\n\n<p><strong>Esto <\/strong>lo que <strong>coment\u00f3 Francisco Salgado<\/strong> durante su <strong><mark style=\"background-color:rgba(0, 0, 0, 0)\" class=\"has-inline-color has-vivid-red-color\">participaci\u00f3n<\/mark><\/strong> en la Mesa de Debate de <strong>Multimedios<\/strong> <strong><mark style=\"background-color:rgba(0, 0, 0, 0)\" class=\"has-inline-color has-vivid-red-color\">TV<\/mark><\/strong> el d\u00eda de la Toma de Protesta de Lenia Batres como NUEVA ministra.<\/p>\n\n\n\n<figure class=\"wp-block-embed is-type-video is-provider-youtube wp-block-embed-youtube wp-embed-aspect-16-9 wp-has-aspect-ratio\"><div class=\"wp-block-embed__wrapper\">\n<iframe loading=\"lazy\" title=\"A debate con Andr\u00e9s Solis\" width=\"640\" height=\"360\" src=\"https:\/\/www.youtube.com\/embed\/q5PcnRr0UIw?feature=oembed\" frameborder=\"0\" allow=\"accelerometer; autoplay; clipboard-write; encrypted-media; gyroscope; picture-in-picture; web-share\" referrerpolicy=\"strict-origin-when-cross-origin\" allowfullscreen><\/iframe>\n<\/div><\/figure>\n\n\n\n<p>.<\/p>\n\n\n\n<p>.<\/p>\n\n\n\n<p>Danos tu opini\u00f3n, S\u00edguenos en Redes Sociales, <strong><mark style=\"background-color:rgba(0, 0, 0, 0)\" class=\"has-inline-color has-vivid-red-color\">NO DUDES<\/mark><\/strong> en <strong>CONTACTARNOS<\/strong>, <mark style=\"background-color:rgba(0, 0, 0, 0)\" class=\"has-inline-color has-vivid-red-color\"><strong>daremos<\/strong><\/mark> <strong>respuesta<\/strong> <strong>puntual<\/strong> a tus Inquietudes.<\/p>\n\n\n\n<p>Nuestras redes:<\/p>\n\n\n\n<ul>\n<li>Tik Tok:  <strong><mark style=\"background-color:rgba(0, 0, 0, 0);color:#07a1fa\" class=\"has-inline-color\">@salgadolegal1<\/mark><\/strong><\/li>\n\n\n\n<li>X: <strong><mark style=\"background-color:rgba(0, 0, 0, 0);color:#08a1fa\" class=\"has-inline-color\">@salgadolegal<\/mark><\/strong><\/li>\n\n\n\n<li>Fece: <strong><mark style=\"background-color:rgba(0, 0, 0, 0);color:#08a2fb\" class=\"has-inline-color\">Fco Salgado SalgadoLegal<\/mark><\/strong><\/li>\n<\/ul>\n\n\n\n<p class=\"wp-embed-aspect-16-9 wp-has-aspect-ratio\">Si estas en el <strong><mark style=\"background-color:rgba(0, 0, 0, 0)\" class=\"has-inline-color has-vivid-red-color\">Extranjero <\/mark><\/strong>nosotros somos tu <strong><mark style=\"background-color:rgba(0, 0, 0, 0)\" class=\"has-inline-color has-vivid-green-cyan-color\">mejor<\/mark><\/strong> alternativa para <strong><mark style=\"background-color:rgba(0, 0, 0, 0)\" class=\"has-inline-color has-luminous-vivid-orange-color\">velar<\/mark><\/strong> por tus <strong><mark style=\"background-color:rgba(0, 0, 0, 0)\" class=\"has-inline-color has-vivid-cyan-blue-color\">intereses<\/mark><\/strong>, escr\u00edbenos o ll\u00e1manos al Tel <strong>55581-11311<\/strong>.<\/p>\n\n\n\n<p>.<\/p>\n\n\n\n<p>Cuando<strong> necesites<\/strong> ayuda, <strong>asistencia<\/strong> o <strong>planeaci\u00f3n<\/strong> legal, <strong>solicita<\/strong> <strong>Cita Privada<\/strong> <a rel=\"noreferrer noopener\" href=\"mailto:bi@sm99.mx\" target=\"_blank\"><strong>Aqu\u00ed<\/strong><\/a><\/p>\n\n\n\n<p>La informaci\u00f3n que AQU\u00cd te presentamos <strong>deriva<\/strong> de los <strong>Peri\u00f3dicos Oficiales <\/strong>de la<strong> CdMx<\/strong>, <strong>Estado<\/strong> de Mex., Diario <strong>Oficial<\/strong> de la Federaci\u00f3n, Suprema Corte de<strong> Justicia<\/strong> de la Naci\u00f3n, por lo tanto es de <strong>aplicaci\u00f3n OBLIGATORIA<\/strong><\/p>\n\n\n\n<p><\/p>\n\n\n\n<p><strong><mark style=\"background-color:rgba(0, 0, 0, 0)\" class=\"has-inline-color has-luminous-vivid-orange-color\">AY\u00daDANOS<\/mark><\/strong> para que m\u00e1s personas conozcan esta informaci\u00f3n, <strong>Comp\u00e1rtelo<\/strong> en tus redes sociales. <\/p>\n","protected":false},"excerpt":{"rendered":"<p>Views: 263 . Esto lo que coment\u00f3 Francisco Salgado durante su participaci\u00f3n en la Mesa de Debate de Multimedios TV el d\u00eda de la Toma de Protesta de Lenia Batres como NUEVA ministra. . . Danos tu opini\u00f3n, S\u00edguenos en Redes Sociales, NO DUDES en CONTACTARNOS, daremos respuesta puntual a tus Inquietudes. Nuestras redes: Si [&hellip;]<\/p>\n","protected":false},"author":3,"featured_media":26049,"comment_status":"closed","ping_status":"open","sticky":false,"template":"","format":"standard","meta":{"_jetpack_memberships_contains_paid_content":false,"footnotes":""},"categories":[20,4],"tags":[],"jetpack_sharing_enabled":true,"jetpack_featured_media_url":"https:\/\/www.salgadonoticias.com\/wp-content\/uploads\/2024\/01\/entrevista-1.jpg","_links":{"self":[{"href":"https:\/\/www.salgadonoticias.com\/index.php?rest_route=\/wp\/v2\/posts\/26033"}],"collection":[{"href":"https:\/\/www.salgadonoticias.com\/index.php?rest_route=\/wp\/v2\/posts"}],"about":[{"href":"https:\/\/www.salgadonoticias.com\/index.php?rest_route=\/wp\/v2\/types\/post"}],"author":[{"embeddable":true,"href":"https:\/\/www.salgadonoticias.com\/index.php?rest_route=\/wp\/v2\/users\/3"}],"replies":[{"embeddable":true,"href":"https:\/\/www.salgadonoticias.com\/index.php?rest_route=%2Fwp%2Fv2%2Fcomments&post=26033"}],"version-history":[{"count":12,"href":"https:\/\/www.salgadonoticias.com\/index.php?rest_route=\/wp\/v2\/posts\/26033\/revisions"}],"predecessor-version":[{"id":26070,"href":"https:\/\/www.salgadonoticias.com\/index.php?rest_route=\/wp\/v2\/posts\/26033\/revisions\/26070"}],"wp:featuredmedia":[{"embeddable":true,"href":"https:\/\/www.salgadonoticias.com\/index.php?rest_route=\/wp\/v2\/media\/26049"}],"wp:attachment":[{"href":"https:\/\/www.salgadonoticias.com\/index.php?rest_route=%2Fwp%2Fv2%2Fmedia&parent=26033"}],"wp:term":[{"taxonomy":"category","embeddable":true,"href":"https:\/\/www.salgadonoticias.com\/index.php?rest_route=%2Fwp%2Fv2%2Fcategories&post=26033"},{"taxonomy":"post_tag","embeddable":true,"href":"https:\/\/www.salgadonoticias.com\/index.php?rest_route=%2Fwp%2Fv2%2Ftags&post=26033"}],"curies":[{"name":"wp","href":"https:\/\/api.w.org\/{rel}","templated":true}]}}