{"id":26402,"date":"2024-02-04T00:34:00","date_gmt":"2024-02-04T06:34:00","guid":{"rendered":"https:\/\/www.salgadonoticias.com\/?p=26402"},"modified":"2024-01-30T14:31:27","modified_gmt":"2024-01-30T20:31:27","slug":"26402","status":"publish","type":"post","link":"https:\/\/www.salgadonoticias.com\/?p=26402","title":{"rendered":"Bosque de Tlahuac&#8230;es declarado \u00c1rea Natural Protegida&#8230;!!!"},"content":{"rendered":"<p>Views: 22<\/p>\n<p>.<\/p>\n\n\n\n<p>Dicha declaratoria tiene el objeto <strong><mark style=\"background-color:rgba(0, 0, 0, 0);color:#a20505\" class=\"has-inline-color\">proteger, conservar y salvaguardar<\/mark><\/strong> los ambientes naturales representativos de las diferentes <strong><mark style=\"background-color:#fcb900\" class=\"has-inline-color\">regiones biogeogr\u00e1ficas y ecol\u00f3gicas<\/mark><\/strong>, y de los <strong><mark style=\"background-color:#8ed1fc\" class=\"has-inline-color\">ecosistemas<\/mark><\/strong> m\u00e1s fr\u00e1giles y sus funciones; as\u00ed como la diversidad gen\u00e9tica de las <strong><mark style=\"background-color:#00d084\" class=\"has-inline-color has-black-color\">especies silvestres<\/mark><\/strong>, sobre todo aquellas que est\u00e1n en <strong><mark style=\"background-color:#eeb1c0\" class=\"has-inline-color\">peligro de extinci\u00f3n<\/mark><\/strong>, <span style=\"text-decoration: underline;\">amenazadas o que se encuentran sujetas a protecci\u00f3n especial<\/span>. <\/p>\n\n\n\n<p>.<\/p>\n\n\n\n<p>Con la <strong>declaraci\u00f3n<\/strong> de &#8220;Protecci\u00f3n Especial&#8221; de esta zona, quedan <strong><mark style=\"background-color:rgba(0, 0, 0, 0);color:#b90c0c\" class=\"has-inline-color\">prohibidos<\/mark><\/strong> los siguientes <strong>usos<\/strong> y <strong>destinos de suelo<\/strong>:<\/p>\n\n\n\n<ul>\n<li><mark style=\"background-color:rgba(0, 0, 0, 0)\" class=\"has-inline-color has-vivid-red-color\"><strong>Vivienda <\/strong>(habitacional, no habitacional y mixto)<\/mark><\/li>\n\n\n\n<li><strong><mark style=\"background-color:rgba(0, 0, 0, 0);color:#044b74\" class=\"has-inline-color\">Industria;<\/mark><\/strong><\/li>\n\n\n\n<li><strong><mark style=\"background-color:rgba(0, 0, 0, 0);color:#a3025f\" class=\"has-inline-color\">Comercio<\/mark>; y<\/strong><\/li>\n\n\n\n<li><strong><mark style=\"background-color:rgba(0, 0, 0, 0);color:#199501\" class=\"has-inline-color\">Todos los dem\u00e1s que no est\u00e9n expresamente permitidos por el Programa de Manejo.<\/mark><\/strong><\/li>\n<\/ul>\n\n\n\n<p>.<\/p>\n\n\n\n<p>Da click aqu\u00ed ? para ver la declaratoria completa.<\/p>\n\n\n\n<p><a href=\"https:\/\/data.consejeria.cdmx.gob.mx\/portal_old\/uploads\/gacetas\/e824e45494464914d7d7345227c4b89b.pdf\">https:\/\/data.consejeria.cdmx.gob.mx\/portal_old\/uploads\/gacetas\/e824e45494464914d7d7345227c4b89b.pdf<\/a><\/p>\n\n\n\n<p><\/p>\n\n\n\n<p class=\"wp-embed-aspect-16-9 wp-has-aspect-ratio\">Si estas en el <strong><mark style=\"background-color:rgba(0, 0, 0, 0)\" class=\"has-inline-color has-vivid-red-color\">Extranjero <\/mark><\/strong>nosotros somos tu <strong><mark style=\"background-color:rgba(0, 0, 0, 0)\" class=\"has-inline-color has-vivid-green-cyan-color\">mejor<\/mark><\/strong> alternativa para <strong><mark style=\"background-color:rgba(0, 0, 0, 0)\" class=\"has-inline-color has-luminous-vivid-orange-color\">velar<\/mark><\/strong> por tus <strong><mark style=\"background-color:rgba(0, 0, 0, 0)\" class=\"has-inline-color has-vivid-cyan-blue-color\">intereses<\/mark><\/strong>, escr\u00edbenos o ll\u00e1manos al Tel <strong>55581-11311<\/strong>.<\/p>\n\n\n\n<p>.<\/p>\n\n\n\n<p>Cuando<strong> necesites<\/strong> ayuda, <strong>asistencia<\/strong> o <strong>planeaci\u00f3n<\/strong> legal, <strong>solicita<\/strong> <strong>Cita Privada<\/strong> <a rel=\"noreferrer noopener\" href=\"mailto:bi@sm99.mx\" target=\"_blank\"><strong>Aqu\u00ed<\/strong><\/a><\/p>\n\n\n\n<p>La informaci\u00f3n que AQU\u00cd te presentamos <strong>deriva<\/strong> de los <strong>Peri\u00f3dicos Oficiales <\/strong>de la<strong> CdMx<\/strong>, <strong>Estado<\/strong> de Mex., Diario <strong>Oficial<\/strong> de la Federaci\u00f3n, Suprema Corte de<strong> Justicia<\/strong> de la Naci\u00f3n, por lo tanto es de <strong>aplicaci\u00f3n OBLIGATORIA<\/strong><\/p>\n\n\n\n<p>La <strong>informaci\u00f3n<\/strong> de hoy procede de la Gaceta de la CdMx.<\/p>\n\n\n\n<p><strong><mark style=\"background-color:rgba(0, 0, 0, 0)\" class=\"has-inline-color has-luminous-vivid-orange-color\">AY\u00daDANOS<\/mark><\/strong> para que m\u00e1s personas conozcan esta informaci\u00f3n, <strong>Comp\u00e1rtelo<\/strong> en tus redes sociales. <\/p>\n","protected":false},"excerpt":{"rendered":"<p>Views: 22 . Dicha declaratoria tiene el objeto proteger, conservar y salvaguardar los ambientes naturales representativos de las diferentes regiones biogeogr\u00e1ficas y ecol\u00f3gicas, y de los ecosistemas m\u00e1s fr\u00e1giles y sus funciones; as\u00ed como la diversidad gen\u00e9tica de las especies silvestres, sobre todo aquellas que est\u00e1n en peligro de extinci\u00f3n, amenazadas o que se encuentran [&hellip;]<\/p>\n","protected":false},"author":3,"featured_media":26407,"comment_status":"closed","ping_status":"open","sticky":false,"template":"","format":"standard","meta":{"_jetpack_memberships_contains_paid_content":false,"footnotes":""},"categories":[7],"tags":[],"jetpack_sharing_enabled":true,"jetpack_featured_media_url":"https:\/\/www.salgadonoticias.com\/wp-content\/uploads\/2024\/01\/El_Teuhtli.jpeg","_links":{"self":[{"href":"https:\/\/www.salgadonoticias.com\/index.php?rest_route=\/wp\/v2\/posts\/26402"}],"collection":[{"href":"https:\/\/www.salgadonoticias.com\/index.php?rest_route=\/wp\/v2\/posts"}],"about":[{"href":"https:\/\/www.salgadonoticias.com\/index.php?rest_route=\/wp\/v2\/types\/post"}],"author":[{"embeddable":true,"href":"https:\/\/www.salgadonoticias.com\/index.php?rest_route=\/wp\/v2\/users\/3"}],"replies":[{"embeddable":true,"href":"https:\/\/www.salgadonoticias.com\/index.php?rest_route=%2Fwp%2Fv2%2Fcomments&post=26402"}],"version-history":[{"count":4,"href":"https:\/\/www.salgadonoticias.com\/index.php?rest_route=\/wp\/v2\/posts\/26402\/revisions"}],"predecessor-version":[{"id":26412,"href":"https:\/\/www.salgadonoticias.com\/index.php?rest_route=\/wp\/v2\/posts\/26402\/revisions\/26412"}],"wp:featuredmedia":[{"embeddable":true,"href":"https:\/\/www.salgadonoticias.com\/index.php?rest_route=\/wp\/v2\/media\/26407"}],"wp:attachment":[{"href":"https:\/\/www.salgadonoticias.com\/index.php?rest_route=%2Fwp%2Fv2%2Fmedia&parent=26402"}],"wp:term":[{"taxonomy":"category","embeddable":true,"href":"https:\/\/www.salgadonoticias.com\/index.php?rest_route=%2Fwp%2Fv2%2Fcategories&post=26402"},{"taxonomy":"post_tag","embeddable":true,"href":"https:\/\/www.salgadonoticias.com\/index.php?rest_route=%2Fwp%2Fv2%2Ftags&post=26402"}],"curies":[{"name":"wp","href":"https:\/\/api.w.org\/{rel}","templated":true}]}}