{"id":26695,"date":"2024-02-20T00:39:00","date_gmt":"2024-02-20T06:39:00","guid":{"rendered":"https:\/\/www.salgadonoticias.com\/?p=26695"},"modified":"2024-02-20T17:43:54","modified_gmt":"2024-02-20T23:43:54","slug":"26695","status":"publish","type":"post","link":"https:\/\/www.salgadonoticias.com\/?p=26695","title":{"rendered":"&#8220;Ley Malena&#8221;&#8230;hasta 12 a\u00f1os de C\u00e1rcel por Violencia \u00c1CIDA en CdMx&#8230;!!!"},"content":{"rendered":"<p>Views: 39<\/p>\n<p>.<\/p>\n\n\n\n<figure class=\"wp-block-embed is-type-video is-provider-youtube wp-block-embed-youtube wp-embed-aspect-16-9 wp-has-aspect-ratio\"><div class=\"wp-block-embed__wrapper\">\n<iframe loading=\"lazy\" title=\"&quot;Ley Malena&quot;...hasta 12 a\u00f1os de C\u00e1rcel por Violencia \u00c1CIDA en CdMx..\" width=\"640\" height=\"360\" src=\"https:\/\/www.youtube.com\/embed\/SQsWOMbZ9N4?feature=oembed\" frameborder=\"0\" allow=\"accelerometer; autoplay; clipboard-write; encrypted-media; gyroscope; picture-in-picture; web-share\" referrerpolicy=\"strict-origin-when-cross-origin\" allowfullscreen><\/iframe>\n<\/div><\/figure>\n\n\n\n<p>.<\/p>\n\n\n\n<p class=\"has-text-align-justify\">Con la reforma hecha a la <strong>Ley de Acceso de las Mujeres a una vida Libre de Violencia<\/strong> <strong><mark style=\"background-color:#fac122\" class=\"has-inline-color\">a partir de HOY<\/mark><\/strong> se incluye el concepto de <strong><mark style=\"background-color:rgba(0, 0, 0, 0);color:#3b04aa\" class=\"has-inline-color\">\u201cVIOLENCIA \u00c1CIDA\u201d<\/mark>, <\/strong>por lo que tambi\u00e9n se reforma el <strong>C\u00f3digo Penal <\/strong>de la <strong>CdMx<\/strong>, por lo que los <strong><mark style=\"background-color:#fbb1c3\" class=\"has-inline-color\">ataques<\/mark><\/strong> con sustancias qu\u00edmicas ser\u00e1n castigados con <strong><mark style=\"background-color:rgba(0, 0, 0, 0)\" class=\"has-inline-color has-vivid-red-color\">penas<\/mark><\/strong> de <strong><mark style=\"background-color:rgba(0, 0, 0, 0);color:#870505\" class=\"has-inline-color\">8 a 12 a\u00f1os de c\u00e1rcel<\/mark><\/strong> y <mark style=\"background-color:rgba(0, 0, 0, 0);color:#a1053f\" class=\"has-inline-color\"><strong>multas<\/strong> de <strong>300 a 600 UMAS<\/strong><\/mark> ($32,571.00 hasta $65,142.00 pesos)<\/p>\n\n\n\n<p>.<\/p>\n\n\n\n<p>Adem\u00e1s, las penas <strong><mark style=\"background-color:#79f861\" class=\"has-inline-color has-black-color\">aumentar\u00e1n en una mitad<\/mark><\/strong> cuando:<\/p>\n\n\n\n<p>Se <strong><mark style=\"background-color:#fcb900\" class=\"has-inline-color\">cause deformidad en rostro<\/mark><\/strong>, <strong><mark style=\"background-color:#fcb900\" class=\"has-inline-color\">haya da\u00f1os en \u00f3rganos<\/mark><\/strong> o cuando la <strong><mark style=\"background-color:#fcb900\" class=\"has-inline-color\">v\u00edctima sea menor de edad<\/mark><\/strong> o <strong><mark style=\"background-color:#fcb900\" class=\"has-inline-color\">persona con discapacidad<\/mark><\/strong> o por <strong><mark style=\"background-color:#fcb900\" class=\"has-inline-color\">raz\u00f3n de g\u00e9nero<\/mark><\/strong>. <\/p>\n\n\n\n<p>Este tipo de ataques, adem\u00e1s, <mark style=\"background-color:#fe8026\" class=\"has-inline-color\">ser\u00e1 considerado <strong>tentativa de FEMINICIDO<\/strong><\/mark>, si el <span style=\"text-decoration: underline;\">da\u00f1o f\u00edsico es permanente<\/span> o si <span style=\"text-decoration: underline;\">afecta a los \u00f3rganos reproductores sexuales<\/span>.<\/p>\n\n\n\n<p>.<\/p>\n\n\n\n<p class=\"has-text-align-justify\">Tambi\u00e9n se <strong>crear\u00e1<\/strong> un <strong><mark style=\"background-color:rgba(0, 0, 0, 0);color:#38026b\" class=\"has-inline-color\">registro de v\u00edctimas<\/mark><\/strong> de&nbsp;<strong>agresiones con \u00e1cido y otras sustancias qu\u00edmicas<\/strong>, con la finalidad de generar pol\u00edticas p\u00fablicas en contra de este delito.<\/p>\n\n\n\n<p>.<\/p>\n\n\n\n<p>Las <strong>Instituciones de salud<\/strong>, est\u00e1n <strong><mark style=\"background-color:rgba(0, 0, 0, 0)\" class=\"has-inline-color has-vivid-red-color\">OBLIGADAS<\/mark> <\/strong>a <strong>NOTIFICAR<\/strong> al <strong>Ministerio P\u00fablico<\/strong> cualquier caso de lesiones provocadas por <strong>ataques con \u00e1cido<\/strong>.<\/p>\n\n\n\n<p>.<\/p>\n\n\n\n<p>.<\/p>\n\n\n\n<p class=\"wp-embed-aspect-16-9 wp-has-aspect-ratio\">Si estas en el <strong><mark style=\"background-color:rgba(0, 0, 0, 0)\" class=\"has-inline-color has-vivid-red-color\">Extranjero <\/mark><\/strong>nosotros somos tu <strong><mark style=\"background-color:rgba(0, 0, 0, 0)\" class=\"has-inline-color has-vivid-green-cyan-color\">mejor<\/mark><\/strong> alternativa para <strong><mark style=\"background-color:rgba(0, 0, 0, 0)\" class=\"has-inline-color has-luminous-vivid-orange-color\">velar<\/mark><\/strong> por tus <strong><mark style=\"background-color:rgba(0, 0, 0, 0)\" class=\"has-inline-color has-vivid-cyan-blue-color\">intereses<\/mark><\/strong>, escr\u00edbenos o ll\u00e1manos al Tel <strong>55581-11311<\/strong>.<\/p>\n\n\n\n<p>.<\/p>\n\n\n\n<p>Cuando<strong> necesites<\/strong> ayuda, <strong>asistencia<\/strong> o <strong>planeaci\u00f3n<\/strong> legal, <strong>solicita<\/strong> <strong>Cita Privada<\/strong> <a rel=\"noreferrer noopener\" href=\"mailto:bi@sm99.mx\" target=\"_blank\"><strong>Aqu\u00ed<\/strong><\/a><\/p>\n\n\n\n<p>La informaci\u00f3n que AQU\u00cd te presentamos <strong>deriva<\/strong> de los <strong>Peri\u00f3dicos Oficiales <\/strong>de la<strong> CdMx<\/strong>, <strong>Estado<\/strong> de Mex., Diario <strong>Oficial<\/strong> de la Federaci\u00f3n, Suprema Corte de<strong> Justicia<\/strong> de la Naci\u00f3n, por lo tanto es de <strong>aplicaci\u00f3n OBLIGATORIA<\/strong><\/p>\n\n\n\n<p>La <strong>informaci\u00f3n<\/strong> de hoy procede de la Gaceta de la CdMx.<\/p>\n\n\n\n<p><strong><mark style=\"background-color:rgba(0, 0, 0, 0)\" class=\"has-inline-color has-luminous-vivid-orange-color\">AY\u00daDANOS<\/mark><\/strong> para que m\u00e1s personas conozcan esta informaci\u00f3n, <strong>Comp\u00e1rtelo<\/strong> en tus redes sociales. <\/p>\n","protected":false},"excerpt":{"rendered":"<p>Views: 39 . . Con la reforma hecha a la Ley de Acceso de las Mujeres a una vida Libre de Violencia a partir de HOY se incluye el concepto de \u201cVIOLENCIA \u00c1CIDA\u201d, por lo que tambi\u00e9n se reforma el C\u00f3digo Penal de la CdMx, por lo que los ataques con sustancias qu\u00edmicas ser\u00e1n castigados [&hellip;]<\/p>\n","protected":false},"author":3,"featured_media":26697,"comment_status":"closed","ping_status":"open","sticky":false,"template":"","format":"standard","meta":{"_jetpack_memberships_contains_paid_content":false,"footnotes":""},"categories":[7],"tags":[],"jetpack_sharing_enabled":true,"jetpack_featured_media_url":"https:\/\/www.salgadonoticias.com\/wp-content\/uploads\/2024\/02\/acido.jpg","_links":{"self":[{"href":"https:\/\/www.salgadonoticias.com\/index.php?rest_route=\/wp\/v2\/posts\/26695"}],"collection":[{"href":"https:\/\/www.salgadonoticias.com\/index.php?rest_route=\/wp\/v2\/posts"}],"about":[{"href":"https:\/\/www.salgadonoticias.com\/index.php?rest_route=\/wp\/v2\/types\/post"}],"author":[{"embeddable":true,"href":"https:\/\/www.salgadonoticias.com\/index.php?rest_route=\/wp\/v2\/users\/3"}],"replies":[{"embeddable":true,"href":"https:\/\/www.salgadonoticias.com\/index.php?rest_route=%2Fwp%2Fv2%2Fcomments&post=26695"}],"version-history":[{"count":6,"href":"https:\/\/www.salgadonoticias.com\/index.php?rest_route=\/wp\/v2\/posts\/26695\/revisions"}],"predecessor-version":[{"id":26747,"href":"https:\/\/www.salgadonoticias.com\/index.php?rest_route=\/wp\/v2\/posts\/26695\/revisions\/26747"}],"wp:featuredmedia":[{"embeddable":true,"href":"https:\/\/www.salgadonoticias.com\/index.php?rest_route=\/wp\/v2\/media\/26697"}],"wp:attachment":[{"href":"https:\/\/www.salgadonoticias.com\/index.php?rest_route=%2Fwp%2Fv2%2Fmedia&parent=26695"}],"wp:term":[{"taxonomy":"category","embeddable":true,"href":"https:\/\/www.salgadonoticias.com\/index.php?rest_route=%2Fwp%2Fv2%2Fcategories&post=26695"},{"taxonomy":"post_tag","embeddable":true,"href":"https:\/\/www.salgadonoticias.com\/index.php?rest_route=%2Fwp%2Fv2%2Ftags&post=26695"}],"curies":[{"name":"wp","href":"https:\/\/api.w.org\/{rel}","templated":true}]}}