{"id":26775,"date":"2024-02-27T00:59:00","date_gmt":"2024-02-27T06:59:00","guid":{"rendered":"https:\/\/www.salgadonoticias.com\/?p=26775"},"modified":"2024-02-27T15:56:23","modified_gmt":"2024-02-27T21:56:23","slug":"26775","status":"publish","type":"post","link":"https:\/\/www.salgadonoticias.com\/?p=26775","title":{"rendered":"SAT, Visitas domiciliarias de Verificaci\u00f3n\u2026Legales sin Previo Aviso\u2026!!!"},"content":{"rendered":"<p>Views: 34<\/p>\n<p>.<\/p>\n\n\n\n<figure class=\"wp-block-embed is-type-video is-provider-youtube wp-block-embed-youtube wp-embed-aspect-16-9 wp-has-aspect-ratio\"><div class=\"wp-block-embed__wrapper\">\n<iframe loading=\"lazy\" title=\"SAT, Visitas domiciliarias de Verificaci\u00f3n... Legales sin previo aviso\" width=\"640\" height=\"360\" src=\"https:\/\/www.youtube.com\/embed\/LAESwhh1evE?feature=oembed\" frameborder=\"0\" allow=\"accelerometer; autoplay; clipboard-write; encrypted-media; gyroscope; picture-in-picture; web-share\" referrerpolicy=\"strict-origin-when-cross-origin\" allowfullscreen><\/iframe>\n<\/div><\/figure>\n\n\n\n<p>.<\/p>\n\n\n\n<p>El <strong>ANTECEDENTE<\/strong><\/p>\n\n\n\n<p class=\"has-text-align-justify\"><strong>Surge<\/strong> luego de que una empresa promoviera juicio de amparo y posteriormente un recurso de revisi\u00f3n, contra la multa impuesta por incumplimiento de la obligaci\u00f3n fiscal de expedici\u00f3n de comprobantes fiscales, argumentando que la visita era inconstitucional ya que desde su perspectiva, se afectaba el derecho a la seguridad jur\u00eddica por el hecho de que se permita que las personas visitadoras se identifiquen una vez que ingresen al domicilio, por lo que aleg\u00f3 que deber\u00eda preverse que primero se identifiquen y luego ingresen al domicilio.<\/p>\n\n\n\n<p>.<\/p>\n\n\n\n<p><\/p>\n\n\n\n<p class=\"has-text-align-justify\">La <strong><mark style=\"background-color:rgba(0, 0, 0, 0);color:#0b0394\" class=\"has-inline-color\">Suprema Corte de Justicia<\/mark><\/strong> ante lo anterior <strong><mark style=\"background-color:rgba(0, 0, 0, 0);color:#a60207\" class=\"has-inline-color\">DETERMIN\u00d3<\/mark><\/strong> que las <strong><mark style=\"background-color:#e6ce8a\" class=\"has-inline-color\">Visitas para Revisiones del cumplimiento de obligaciones<\/mark><\/strong> en materia de comprobantes fiscales, son <strong><mark style=\"background-color:#f9698d\" class=\"has-inline-color\">V\u00c1LIDAS<\/mark> <\/strong><span style=\"text-decoration: underline;\">seg\u00fan lo estipulado en el C\u00f3digo Fiscal<\/span>, por lo que se <strong><mark style=\"background-color:#f9d163\" class=\"has-inline-color\">respeta la seguridad jur\u00eddica<\/mark><\/strong>, esto porque antes de hacer la visita se <mark style=\"background-color:#c9dae9\" class=\"has-inline-color\"><strong>requiere<\/strong> de <strong>una orden expedida por autoridad competente<\/strong><\/mark> y esto <strong><mark style=\"background-color:rgba(0, 0, 0, 0);color:#a40c0c\" class=\"has-inline-color\">obliga<\/mark><\/strong> a las <strong><mark style=\"background-color:rgba(0, 0, 0, 0);color:#016440\" class=\"has-inline-color\">personas visitadoras<\/mark><\/strong>   deben <strong><mark style=\"background-color:rgba(0, 0, 0, 0);color:#c00606\" class=\"has-inline-color\">identificarse<\/mark><\/strong> y levanten un acta en la que se hagan constar los hechos u omisiones detectados durante la verificaci\u00f3n, por lo que <mark style=\"background-color:#f7c7d3\" class=\"has-inline-color\"><strong>no<\/strong> es <strong>indispensable<\/strong> la dar aviso previo<\/mark>.<\/p>\n\n\n\n<p>.<\/p>\n\n\n\n<p class=\"has-text-align-justify\">La justificaci\u00f3n de la <strong><mark style=\"background-color:rgba(0, 0, 0, 0);color:#024369\" class=\"has-inline-color\">SCJN<\/mark><\/strong> es que, el <mark style=\"background-color:rgba(0, 0, 0, 0)\" class=\"has-inline-color has-vivid-red-color\"><strong>art\u00edculo 49 del C.F<\/strong><\/mark>., <strong>respeta el principio de seguridad jur\u00eddica<\/strong> ya que que <strong><mark style=\"background-color:#8ed1fc\" class=\"has-inline-color\">establece<\/mark><\/strong> como <strong><mark style=\"background-color:#8ed1fc\" class=\"has-inline-color has-black-color\">elementos m\u00ednimos para realizar la visita domiciliaria<\/mark><\/strong>, que <strong>exista una orden<\/strong> que las <span style=\"text-decoration: underline;\">personas visitadoras<\/span> deben <strong>entrega<\/strong>r a la persona con <strong>quien se entienda la diligencia y ante quien deben<\/strong>, as\u00ed como <strong>levantar el acta<\/strong> en la que se hagan <strong>constar los hechos u omisiones detectados<\/strong> <strong>durante la visita<\/strong>. <\/p>\n\n\n\n<p class=\"has-text-align-justify\">Y dichos elementos est\u00e1n alineados con el art\u00edculo 16 de la Constituci\u00f3n , que se\u00f1ala que ese tipo de <strong>visitas deben sujetarse a las formalidades prescritas para los cateos<\/strong>, por lo que ante la<strong> existencia<\/strong> de una <strong><mark style=\"background-color:#8ded71\" class=\"has-inline-color\">orden expedida por autoridad competente, carece de relevancia si las personas visitadoras se identifican antes o despu\u00e9s de ingresar a un local abierto al p\u00fablico en general<\/mark><\/strong> para entregar la orden de visita. Tales acciones deben desarrollarse de manera contigua o muy cercana y sin demora, en el entendido de que la legalidad de la actuaci\u00f3n depender\u00e1 del an\u00e1lisis que se realice para establecer si la forma en la que se llevaron a cabo los hechos resulta razonable o si se despleg\u00f3 con arbitrariedad.<\/p>\n\n\n\n<p>.<\/p>\n\n\n\n<p class=\"has-text-align-justify\">Esta <strong><mark style=\"background-color:#74c5f7\" class=\"has-inline-color\">RESOLUCI\u00d3N<\/mark><\/strong> es de <strong>aplicaci\u00f3n <mark style=\"background-color:rgba(0, 0, 0, 0);color:#8e0707\" class=\"has-inline-color\">OBLIGATORIA<\/mark> <\/strong>en todo el pa\u00eds a partir de esta semana.<\/p>\n\n\n\n<p class=\"has-small-font-size\"><strong><mark style=\"background-color:rgba(0, 0, 0, 0);color:#52039c\" class=\"has-inline-color\">Jurisprudencia Constitucional-Administrativa<\/mark><\/strong><\/p>\n\n\n\n<p>.<\/p>\n\n\n\n<p class=\"wp-embed-aspect-16-9 wp-has-aspect-ratio\">Si estas en el <strong><mark style=\"background-color:rgba(0, 0, 0, 0)\" class=\"has-inline-color has-vivid-red-color\">Extranjero <\/mark><\/strong>nosotros somos tu <strong><mark style=\"background-color:rgba(0, 0, 0, 0)\" class=\"has-inline-color has-vivid-green-cyan-color\">mejor<\/mark><\/strong> alternativa para <strong><mark style=\"background-color:rgba(0, 0, 0, 0)\" class=\"has-inline-color has-luminous-vivid-orange-color\">velar<\/mark><\/strong> por tus <strong><mark style=\"background-color:rgba(0, 0, 0, 0)\" class=\"has-inline-color has-vivid-cyan-blue-color\">intereses<\/mark><\/strong>, escr\u00edbenos o ll\u00e1manos al Tel <strong>55581-11311<\/strong>.<\/p>\n\n\n\n<p>.<\/p>\n\n\n\n<p>Cuando<strong> necesites<\/strong> ayuda, <strong>asistencia<\/strong> o <strong>planeaci\u00f3n<\/strong> legal, <strong>solicita<\/strong> <strong>Cita Privada<\/strong> <a rel=\"noreferrer noopener\" href=\"mailto:bi@sm99.mx\" target=\"_blank\"><strong>Aqu\u00ed<\/strong><\/a><\/p>\n\n\n\n<p>La informaci\u00f3n que AQU\u00cd te presentamos <strong>deriva<\/strong> de los <strong>Peri\u00f3dicos Oficiales <\/strong>de la<strong> CdMx<\/strong>, <strong>Estado<\/strong> de Mex., Diario <strong>Oficial<\/strong> de la Federaci\u00f3n, Suprema Corte de<strong> Justicia<\/strong> de la Naci\u00f3n, por lo tanto es de <strong>aplicaci\u00f3n OBLIGATORIA<\/strong><\/p>\n\n\n\n<p>La <strong>informaci\u00f3n<\/strong> de hoy procede de la Suprema Corte de Justicia<\/p>\n\n\n\n<p><strong><mark style=\"background-color:rgba(0, 0, 0, 0)\" class=\"has-inline-color has-luminous-vivid-orange-color\">AY\u00daDANOS<\/mark><\/strong> para que m\u00e1s personas conozcan esta informaci\u00f3n, comp\u00e1rtela en tus redes sociales.<\/p>\n","protected":false},"excerpt":{"rendered":"<p>Views: 34 . . El ANTECEDENTE Surge luego de que una empresa promoviera juicio de amparo y posteriormente un recurso de revisi\u00f3n, contra la multa impuesta por incumplimiento de la obligaci\u00f3n fiscal de expedici\u00f3n de comprobantes fiscales, argumentando que la visita era inconstitucional ya que desde su perspectiva, se afectaba el derecho a la seguridad [&hellip;]<\/p>\n","protected":false},"author":3,"featured_media":26805,"comment_status":"closed","ping_status":"open","sticky":false,"template":"","format":"standard","meta":{"_jetpack_memberships_contains_paid_content":false,"footnotes":""},"categories":[4],"tags":[],"jetpack_sharing_enabled":true,"jetpack_featured_media_url":"https:\/\/www.salgadonoticias.com\/wp-content\/uploads\/2024\/02\/visita.jpg","_links":{"self":[{"href":"https:\/\/www.salgadonoticias.com\/index.php?rest_route=\/wp\/v2\/posts\/26775"}],"collection":[{"href":"https:\/\/www.salgadonoticias.com\/index.php?rest_route=\/wp\/v2\/posts"}],"about":[{"href":"https:\/\/www.salgadonoticias.com\/index.php?rest_route=\/wp\/v2\/types\/post"}],"author":[{"embeddable":true,"href":"https:\/\/www.salgadonoticias.com\/index.php?rest_route=\/wp\/v2\/users\/3"}],"replies":[{"embeddable":true,"href":"https:\/\/www.salgadonoticias.com\/index.php?rest_route=%2Fwp%2Fv2%2Fcomments&post=26775"}],"version-history":[{"count":8,"href":"https:\/\/www.salgadonoticias.com\/index.php?rest_route=\/wp\/v2\/posts\/26775\/revisions"}],"predecessor-version":[{"id":26839,"href":"https:\/\/www.salgadonoticias.com\/index.php?rest_route=\/wp\/v2\/posts\/26775\/revisions\/26839"}],"wp:featuredmedia":[{"embeddable":true,"href":"https:\/\/www.salgadonoticias.com\/index.php?rest_route=\/wp\/v2\/media\/26805"}],"wp:attachment":[{"href":"https:\/\/www.salgadonoticias.com\/index.php?rest_route=%2Fwp%2Fv2%2Fmedia&parent=26775"}],"wp:term":[{"taxonomy":"category","embeddable":true,"href":"https:\/\/www.salgadonoticias.com\/index.php?rest_route=%2Fwp%2Fv2%2Fcategories&post=26775"},{"taxonomy":"post_tag","embeddable":true,"href":"https:\/\/www.salgadonoticias.com\/index.php?rest_route=%2Fwp%2Fv2%2Ftags&post=26775"}],"curies":[{"name":"wp","href":"https:\/\/api.w.org\/{rel}","templated":true}]}}