{"id":26787,"date":"2024-02-26T00:45:00","date_gmt":"2024-02-26T06:45:00","guid":{"rendered":"https:\/\/www.salgadonoticias.com\/?p=26787"},"modified":"2024-02-26T18:21:49","modified_gmt":"2024-02-27T00:21:49","slug":"trabajo-en-carcelsin-pago-por-hacerlo","status":"publish","type":"post","link":"https:\/\/www.salgadonoticias.com\/?p=26787","title":{"rendered":"Trabajo en C\u00e1rcel\u2026Sin pago por hacerlo\u2026!!!"},"content":{"rendered":"<p>Views: 24<\/p>\n<p>.<\/p>\n\n\n\n<figure class=\"wp-block-embed is-type-video is-provider-youtube wp-block-embed-youtube wp-embed-aspect-16-9 wp-has-aspect-ratio\"><div class=\"wp-block-embed__wrapper\">\n<iframe loading=\"lazy\" title=\"3 breves: Trabajo en c\u00e1rcel, sin pago por hacerlo; Costos de servicios veterinarios y SEP revalida..\" width=\"640\" height=\"360\" src=\"https:\/\/www.youtube.com\/embed\/sWTEQ5RS40c?feature=oembed\" frameborder=\"0\" allow=\"accelerometer; autoplay; clipboard-write; encrypted-media; gyroscope; picture-in-picture; web-share\" referrerpolicy=\"strict-origin-when-cross-origin\" allowfullscreen><\/iframe>\n<\/div><\/figure>\n\n\n\n<p>.<\/p>\n\n\n\n<p>Este <strong>ANTECEDENTE<\/strong><\/p>\n\n\n\n<p class=\"has-text-align-justify\"><strong>Surge <\/strong>despu\u00e9s de que una <strong>persona privada de <mark style=\"background-color:rgba(0, 0, 0, 0)\" class=\"has-inline-color has-vivid-red-color\">su libertad<\/mark><\/strong> promovi\u00f3 de un centro penitenciario el <strong>pago de los trabajos que realiz\u00f3<\/strong> en dicho centro. <\/p>\n\n\n\n<p class=\"has-text-align-justify\">Le <strong><mark style=\"background-color:#ff6900\" class=\"has-inline-color\">fue negado<\/mark><\/strong> con el <strong>argumento<\/strong> de que era improcedente <strong><mark style=\"background-color:rgba(0, 0, 0, 0)\" class=\"has-inline-color has-vivid-red-color\">debido<\/mark><\/strong> a que las <strong>actividades que hab\u00eda realizado <mark style=\"background-color:#fcb900\" class=\"has-inline-color\">eran consideradas con fines de reinserci\u00f3n social<\/mark><\/strong>, las cuales <strong>no son remuneradas<\/strong> esto en t\u00e9rminos de los art\u00edculos 91, fracci\u00f3n II, y 98 de la <strong>Ley Nacional de Ejecuci\u00f3n Penal<\/strong>. <\/p>\n\n\n\n<p class=\"has-text-align-justify\">Ante esto <strong>la persona interna promovi\u00f3 juicio de amparo<\/strong> indirecto en el que <strong><mark style=\"background-color:rgba(0, 0, 0, 0)\" class=\"has-inline-color has-vivid-red-color\">cuestion\u00f3 la compatibilidad de dichos art\u00edculos con los 5o. y 21 <\/mark><\/strong>de la Constituci\u00f3n.<\/p>\n\n\n\n<p>.<\/p>\n\n\n\n<p class=\"has-text-align-justify\">La <strong><mark style=\"background-color:rgba(0, 0, 0, 0);color:#1105d5\" class=\"has-inline-color\">Suprema Corte de Justicia<\/mark> <\/strong>a trav\u00e9s de su Primera Sala <strong><mark style=\"background-color:rgba(0, 0, 0, 0);color:#820202\" class=\"has-inline-color\">DETERMIN\u00d3<\/mark><\/strong> que los <strong><mark style=\"background-color:#deeaf4\" class=\"has-inline-color\">trabajos penitenciarios <\/mark><\/strong>as\u00ed como las actividades comunes de mantenimiento del centro<strong>, <\/strong><mark style=\"background-color:#d8e7f3\" class=\"has-inline-color\"><strong>son con fines de inserci\u00f3n social, y NO son Remunerados<\/strong>,<\/mark> y <strong><mark style=\"background-color:#fcb900\" class=\"has-inline-color\">NO VIOLAN<\/mark><\/strong> los art\u00edculos 5o. y 21 de la Constituci\u00f3n Federal, en la medida de que dichas actividades constituyen trabajo penitenciario en su <strong><mark style=\"background-color:rgba(0, 0, 0, 0)\" class=\"has-inline-color has-luminous-vivid-orange-color\">acepci\u00f3n de deber<\/mark><\/strong> y <strong><mark style=\"background-color:rgba(0, 0, 0, 0)\" class=\"has-inline-color has-vivid-red-color\">NO de pena o sanci\u00f3n.<\/mark><\/strong><\/p>\n\n\n\n<p>.<\/p>\n\n\n\n<p class=\"has-text-align-justify\">La justificaci\u00f3n de la <strong><mark style=\"background-color:rgba(0, 0, 0, 0);color:#09059e\" class=\"has-inline-color\">SCJN<\/mark><\/strong> es que las <strong><mark style=\"background-color:#f3cad5\" class=\"has-inline-color has-black-color\">actividades no remuneradas<\/mark><\/strong> son producto de una <strong><mark style=\"background-color:#bbf7df\" class=\"has-inline-color\">obligaci\u00f3n justificada<\/mark><\/strong> en funci\u00f3n de la relaci\u00f3n de sujeci\u00f3n de la <strong><mark style=\"background-color:#d9e5f1\" class=\"has-inline-color\">persona interna con la administraci\u00f3n del centro carcelario<\/mark><\/strong>, de la cual se deduce el <strong><mark style=\"background-color:#fbe4ea\" class=\"has-inline-color\">deber de colaborar con las tareas comunes de orden, higiene y conservaci\u00f3n del lugar<\/mark><\/strong> en que se encuentra interna. <\/p>\n\n\n\n<p class=\"has-text-align-justify\">Por lo que, <mark style=\"background-color:#fcb900\" class=\"has-inline-color\">su <strong>imposici\u00f3n NO es el resultado de una sanci\u00f3n penal<\/strong>.<\/mark><\/p>\n\n\n\n<p class=\"has-text-align-justify\">Ya que, como parte del modelo de reinserci\u00f3n social, <strong><mark style=\"background-color:rgba(0, 0, 0, 0)\" class=\"has-inline-color has-vivid-red-color\">EXISTE<\/mark><\/strong> una <em><u>corresponsabilidad en el mantenimiento de los est\u00e1ndares de calidad de vida entre el Estado y la persona privada de la libertad<\/u><\/em>, por lo que es <strong>relevante el trabajo en red<\/strong>. <\/p>\n\n\n\n<p class=\"has-text-align-justify\">As\u00ed, los agentes estatales tienen la responsabilidad de establecer <strong>programas de reinserci\u00f3n<\/strong> dentro de los centros carcelarios, entre ellos el <strong>trabajo no remunerado<\/strong>, con el <strong>prop\u00f3sito de mejorar las competencias personales de cada persona reclusa<\/strong>.<\/p>\n\n\n\n<p class=\"has-text-align-justify\">As\u00ed que, las <strong><mark style=\"background-color:rgba(0, 0, 0, 0)\" class=\"has-inline-color has-vivid-red-color\">actividades no remuneradas<\/mark> <\/strong>dentro de los <mark style=\"background-color:rgba(0, 0, 0, 0)\" class=\"has-inline-color has-vivid-red-color\"><strong>centros penitenciarios<\/strong> <strong>est\u00e1n lejos de considerarse una esclavitud moderna o trabajo forzoso<\/strong><\/mark>. <\/p>\n\n\n\n<p class=\"has-text-align-justify\">Los trabajos penitenciarios como deber <strong><mark style=\"background-color:#cf2e2e\" class=\"has-inline-color\">no pueden traducirse en que el Estado ejerce un derecho de propiedad sobre la persona interna<\/mark><\/strong>, ni que sea una servidumbre por alguna deuda. <\/p>\n\n\n\n<p class=\"has-text-align-justify\">Lo anterior es <strong>acorde<\/strong> con el <strong><mark style=\"background-color:#ff6900\" class=\"has-inline-color\">Convenio sobre el Trabajo Forzoso de 1930 (CO29) de la Organizaci\u00f3n Internacional del Trabajo<\/mark><\/strong>; <\/p>\n\n\n\n<p class=\"has-text-align-justify\">Las Reglas M\u00ednimas para el <strong>Tratamiento de los Reclusos<\/strong>, aprobadas por el <strong><mark style=\"background-color:rgba(0, 0, 0, 0)\" class=\"has-inline-color has-vivid-red-color\">Consejo Econ\u00f3mico y Social de las Naciones Unidas<\/mark><\/strong>; <\/p>\n\n\n\n<p class=\"has-text-align-justify\">Los <strong><mark style=\"background-color:#fcb900\" class=\"has-inline-color\">Principios y Buenas Pr\u00e1cticas<\/mark><\/strong> sobre la <strong><mark style=\"background-color:#abb8c3\" class=\"has-inline-color\">Protecci\u00f3n de las Personas Privadas de Libertad en las Am\u00e9ricas, expedidas por la Comisi\u00f3n Interamericana de Derechos Humanos<\/mark><\/strong> a instancia de su Relator\u00eda; as\u00ed como la <strong><mark style=\"background-color:#9b51e0\" class=\"has-inline-color\">Opini\u00f3n Consultiva OC-29\/22 de la Corte Interamericana de Derechos Humanos<\/mark><\/strong>.<\/p>\n\n\n\n<p>.<\/p>\n\n\n\n<p>Esta <strong><mark style=\"background-color:#7bdcb5\" class=\"has-inline-color\">RESOLUCI\u00d3N<\/mark> <\/strong>es de <strong>aplicaci\u00f3n <mark style=\"background-color:rgba(0, 0, 0, 0);color:#970404\" class=\"has-inline-color\">OBLIGATORIA<\/mark><\/strong> a partir de esta semana en todo el pa\u00eds<\/p>\n\n\n\n<p class=\"has-small-font-size\"><strong><mark style=\"background-color:rgba(0, 0, 0, 0);color:#3e0574\" class=\"has-inline-color\">Jurisprudencia-PENAL-Administrativa<\/mark><\/strong><\/p>\n\n\n\n<p>.<\/p>\n\n\n\n<p>.<\/p>\n\n\n\n<p class=\"wp-embed-aspect-16-9 wp-has-aspect-ratio\">Si estas en el <strong><mark style=\"background-color:rgba(0, 0, 0, 0)\" class=\"has-inline-color has-vivid-red-color\">Extranjero <\/mark><\/strong>nosotros somos tu <strong><mark style=\"background-color:rgba(0, 0, 0, 0)\" class=\"has-inline-color has-vivid-green-cyan-color\">mejor<\/mark><\/strong> alternativa para <strong><mark style=\"background-color:rgba(0, 0, 0, 0)\" class=\"has-inline-color has-luminous-vivid-orange-color\">velar<\/mark><\/strong> por tus <strong><mark style=\"background-color:rgba(0, 0, 0, 0)\" class=\"has-inline-color has-vivid-cyan-blue-color\">intereses<\/mark><\/strong>, escr\u00edbenos o ll\u00e1manos al Tel <strong>55581-11311<\/strong>.<\/p>\n\n\n\n<p>.<\/p>\n\n\n\n<p>Cuando<strong> necesites<\/strong> ayuda, <strong>asistencia<\/strong> o <strong>planeaci\u00f3n<\/strong> legal, <strong>solicita<\/strong> <strong>Cita Privada<\/strong> <a rel=\"noreferrer noopener\" href=\"mailto:bi@sm99.mx\" target=\"_blank\"><strong>Aqu\u00ed<\/strong><\/a><\/p>\n\n\n\n<p>La informaci\u00f3n que AQU\u00cd te presentamos <strong>deriva<\/strong> de los <strong>Peri\u00f3dicos Oficiales <\/strong>de la<strong> CdMx<\/strong>, <strong>Estado<\/strong> de Mex., Diario <strong>Oficial<\/strong> de la Federaci\u00f3n, Suprema Corte de<strong> Justicia<\/strong> de la Naci\u00f3n, por lo tanto es de <strong>aplicaci\u00f3n OBLIGATORIA<\/strong><\/p>\n\n\n\n<p>La <strong>informaci\u00f3n<\/strong> de hoy procede de la Suprema Corte.<\/p>\n\n\n\n<p><strong><mark style=\"background-color:rgba(0, 0, 0, 0)\" class=\"has-inline-color has-luminous-vivid-orange-color\">AY\u00daDANOS<\/mark><\/strong> para que m\u00e1s personas conozcan esta informaci\u00f3n, <strong>Comp\u00e1rtelo<\/strong> en tus redes sociales. <\/p>\n","protected":false},"excerpt":{"rendered":"<p>Views: 24 . . Este ANTECEDENTE Surge despu\u00e9s de que una persona privada de su libertad promovi\u00f3 de un centro penitenciario el pago de los trabajos que realiz\u00f3 en dicho centro. Le fue negado con el argumento de que era improcedente debido a que las actividades que hab\u00eda realizado eran consideradas con fines de reinserci\u00f3n [&hellip;]<\/p>\n","protected":false},"author":3,"featured_media":26792,"comment_status":"closed","ping_status":"open","sticky":false,"template":"","format":"standard","meta":{"_jetpack_memberships_contains_paid_content":false,"footnotes":""},"categories":[4],"tags":[],"jetpack_sharing_enabled":true,"jetpack_featured_media_url":"https:\/\/www.salgadonoticias.com\/wp-content\/uploads\/2024\/02\/trabajo.jpg","_links":{"self":[{"href":"https:\/\/www.salgadonoticias.com\/index.php?rest_route=\/wp\/v2\/posts\/26787"}],"collection":[{"href":"https:\/\/www.salgadonoticias.com\/index.php?rest_route=\/wp\/v2\/posts"}],"about":[{"href":"https:\/\/www.salgadonoticias.com\/index.php?rest_route=\/wp\/v2\/types\/post"}],"author":[{"embeddable":true,"href":"https:\/\/www.salgadonoticias.com\/index.php?rest_route=\/wp\/v2\/users\/3"}],"replies":[{"embeddable":true,"href":"https:\/\/www.salgadonoticias.com\/index.php?rest_route=%2Fwp%2Fv2%2Fcomments&post=26787"}],"version-history":[{"count":8,"href":"https:\/\/www.salgadonoticias.com\/index.php?rest_route=\/wp\/v2\/posts\/26787\/revisions"}],"predecessor-version":[{"id":26812,"href":"https:\/\/www.salgadonoticias.com\/index.php?rest_route=\/wp\/v2\/posts\/26787\/revisions\/26812"}],"wp:featuredmedia":[{"embeddable":true,"href":"https:\/\/www.salgadonoticias.com\/index.php?rest_route=\/wp\/v2\/media\/26792"}],"wp:attachment":[{"href":"https:\/\/www.salgadonoticias.com\/index.php?rest_route=%2Fwp%2Fv2%2Fmedia&parent=26787"}],"wp:term":[{"taxonomy":"category","embeddable":true,"href":"https:\/\/www.salgadonoticias.com\/index.php?rest_route=%2Fwp%2Fv2%2Fcategories&post=26787"},{"taxonomy":"post_tag","embeddable":true,"href":"https:\/\/www.salgadonoticias.com\/index.php?rest_route=%2Fwp%2Fv2%2Ftags&post=26787"}],"curies":[{"name":"wp","href":"https:\/\/api.w.org\/{rel}","templated":true}]}}