{"id":26819,"date":"2024-02-28T00:56:00","date_gmt":"2024-02-28T06:56:00","guid":{"rendered":"https:\/\/www.salgadonoticias.com\/?p=26819"},"modified":"2024-02-29T11:26:08","modified_gmt":"2024-02-29T17:26:08","slug":"26819","status":"publish","type":"post","link":"https:\/\/www.salgadonoticias.com\/?p=26819","title":{"rendered":"Sin NUEVA Garant\u00eda, SI ya existe OTRA en Juicios de Amparo\u2026!!!"},"content":{"rendered":"<p>Views: 19<\/p>\n<p>.<\/p>\n\n\n\n<p><strong>Juicios Civiles\u2026<\/strong><\/p>\n\n\n\n<p>Este <strong>ANTECEDENTE<\/strong><\/p>\n\n\n\n<p class=\"has-text-align-justify\"><strong>Surge <\/strong>despu\u00e9s de que en un <strong>juicio <mark style=\"background-color:rgba(0, 0, 0, 0)\" class=\"has-inline-color has-vivid-red-color\">civil<\/mark><\/strong> una empresa solicit\u00f3 medidas cautelares, consistentes en la <strong><mark style=\"background-color:rgba(0, 0, 0, 0)\" class=\"has-inline-color has-vivid-red-color\">retenci\u00f3n de dinero de las cuentas bancarias y la inscripci\u00f3n de la demanda en los folios reales de varios inmuebles<\/mark><\/strong>. <\/p>\n\n\n\n<p class=\"has-text-align-justify\">El juez concedi\u00f3 y la <strong>empresa demandada<\/strong> <strong><mark style=\"background-color:rgba(0, 0, 0, 0)\" class=\"has-inline-color has-vivid-red-color\">exhibi\u00f3 la garant\u00eda<\/mark><\/strong> y se orden\u00f3 que se ejecutara la medida, <strong><mark style=\"background-color:#ff6900\" class=\"has-inline-color\">pero \u00fanicamente sobre los inmuebles<\/mark><\/strong>, <strong>NO as\u00ed del dinero<\/strong>, por lo que la actora promovi\u00f3 juicio de amparo donde solicit\u00f3 la suspensi\u00f3n de los actos y se le otorgar\u00e1 la medida cautelar donde solicit\u00f3 la <strong><mark style=\"background-color:#abb8c3\" class=\"has-inline-color\">suspensi\u00f3n de los actos<\/mark><\/strong>, a fin de que se otorgara la medida cautelar con efectos restitutorios y se ordenara el embargo de las cuentas bancarias de la demandada.<\/p>\n\n\n\n<p>.<\/p>\n\n\n\n<p class=\"has-text-align-justify\">La <strong><mark style=\"background-color:rgba(0, 0, 0, 0);color:#06038b\" class=\"has-inline-color\">Suprema Corte de Justicia<\/mark> <\/strong>a trav\u00e9s de su Tribunal Colegiado <strong><mark style=\"background-color:rgba(0, 0, 0, 0);color:#7c0404\" class=\"has-inline-color\">DETERMIN\u00d3<\/mark> <\/strong>que, <em><span style=\"text-decoration: underline;\">si en el juicio civil se garantizan los posibles da\u00f1os y perjuicios<\/span><\/em> que pudiera ocasionar la concesi\u00f3n de las <strong><mark style=\"background-color:rgba(0, 0, 0, 0)\" class=\"has-inline-color has-vivid-red-color\">medidas cautelares<\/mark><\/strong>, <strong><mark style=\"background-color:#fcb900\" class=\"has-inline-color\">NO debe EIXGIRSE una NUEVA garant\u00eda<\/mark><\/strong> para que la <mark style=\"background-color:rgba(0, 0, 0, 0)\" class=\"has-inline-color has-luminous-vivid-orange-color\"><strong>suspensi\u00f3n<\/strong> del <strong>amparo<\/strong><\/mark> indirecto contra su revocaci\u00f3n o limitaci\u00f3n <strong>surta<\/strong> <strong>efectos<\/strong> <strong>restitutorios<\/strong>.<\/p>\n\n\n\n<p>.<\/p>\n\n\n\n<p class=\"has-text-align-justify\">La justificaci\u00f3n de la <strong><mark style=\"background-color:rgba(0, 0, 0, 0);color:#1307e3\" class=\"has-inline-color\">SCJN<\/mark> <\/strong>es que la <strong><mark style=\"background-color:rgba(0, 0, 0, 0)\" class=\"has-inline-color has-vivid-red-color\">garant\u00eda<\/mark><\/strong> <span style=\"text-decoration: underline;\">prevista en el art\u00edculo 132 de la Ley de Amparo<\/span> <mark style=\"background-color:#d9e8f6\" class=\"has-inline-color\"><strong>tiende a cuantificar<\/strong>, en una <strong>medida monetaria<\/strong><\/mark>, los eventuales <strong><code><mark style=\"background-color:#f78da7\" class=\"has-inline-color\">da\u00f1os y perjuicios<\/mark><\/code><\/strong> que se pudieran generar a la <mark style=\"background-color:#8dfad2\" class=\"has-inline-color\"><strong>parte tercera interesada con la suspensi\u00f3n de los actos y una eventual sentencia desfavorable a la persona quejosa<\/strong>.<\/mark><\/p>\n\n\n\n<p class=\"has-text-align-justify\">Por lo que, <mark style=\"background-color:rgba(0, 0, 0, 0);color:#a10505\" class=\"has-inline-color\"><strong>no existe<\/strong> una <strong>diferencia<\/strong> espec\u00edfica<\/mark> <strong>ENTRE<\/strong> los da\u00f1os y perjuicios estimados por el <mark style=\"background-color:rgba(0, 0, 0, 0);color:#a50753\" class=\"has-inline-color\"><strong>Juez natural al haber otorgado las medidas cautelares<\/strong> <\/mark><mark style=\"background-color:rgba(0, 0, 0, 0)\" class=\"has-inline-color has-black-color\">y<\/mark><mark style=\"background-color:rgba(0, 0, 0, 0);color:#a50753\" class=\"has-inline-color\"> <strong>aquellos<\/strong> <\/mark><mark style=\"background-color:rgba(0, 0, 0, 0)\" class=\"has-inline-color has-black-color\">que<\/mark><mark style=\"background-color:rgba(0, 0, 0, 0);color:#a50753\" class=\"has-inline-color\"> <strong>pudieran generarse<\/strong> <strong>con motivo de la suspensi\u00f3n<\/strong> <\/mark><mark style=\"background-color:rgba(0, 0, 0, 0)\" class=\"has-inline-color has-black-color\">del acto. Por ello, si en el juicio civil se<\/mark><mark style=\"background-color:rgba(0, 0, 0, 0);color:#a50753\" class=\"has-inline-color\"> <strong>conceden medidas cautelares y se exhibe una garant\u00eda<\/strong><\/mark> que responda sobre los da\u00f1os y perjuicios y, posteriormente, se revocan o limitan, <mark style=\"background-color:#eccbd3\" class=\"has-inline-color\"><strong>NO<\/strong> ser\u00e1 <strong>necesario fijar una nueva garant\u00eda<\/strong> para que la <strong>suspensi\u00f3n surta efectos restitutorios<\/strong><\/mark> en el juicio de amparo indirecto, pues los eventuales da\u00f1os y perjuicios que pudiera generar ya fueron calculados por el Juez natural y garantizados en el juicio de origen; de ah\u00ed que aun cuando el precepto citado se\u00f1ale que debe otorgarse garant\u00eda para responder por los eventuales da\u00f1os y perjuicios, lo cierto es que en estos casos no se considera procedente.<\/p>\n\n\n\n<p>.<\/p>\n\n\n\n<p>.<\/p>\n\n\n\n<p class=\"has-text-align-justify\">Esta <strong><mark style=\"background-color:#74c5f7\" class=\"has-inline-color\">RESOLUCI\u00d3N<\/mark><\/strong> es de <strong>aplicaci\u00f3n <\/strong>para quien la haga <strong>valer<\/strong>, a partir de esta semana.<\/p>\n\n\n\n<p class=\"has-small-font-size\"><strong><mark style=\"background-color:rgba(0, 0, 0, 0);color:#52039c\" class=\"has-inline-color\">Tesis-Com\u00fan<\/mark><\/strong><\/p>\n\n\n\n<p>.<\/p>\n\n\n\n<p class=\"wp-embed-aspect-16-9 wp-has-aspect-ratio\">Si estas en el <strong><mark style=\"background-color:rgba(0, 0, 0, 0)\" class=\"has-inline-color has-vivid-red-color\">Extranjero <\/mark><\/strong>nosotros somos tu <strong><mark style=\"background-color:rgba(0, 0, 0, 0)\" class=\"has-inline-color has-vivid-green-cyan-color\">mejor<\/mark><\/strong> alternativa para <strong><mark style=\"background-color:rgba(0, 0, 0, 0)\" class=\"has-inline-color has-luminous-vivid-orange-color\">velar<\/mark><\/strong> por tus <strong><mark style=\"background-color:rgba(0, 0, 0, 0)\" class=\"has-inline-color has-vivid-cyan-blue-color\">intereses<\/mark><\/strong>, escr\u00edbenos o ll\u00e1manos al Tel <strong>55581-11311<\/strong>.<\/p>\n\n\n\n<p>.<\/p>\n\n\n\n<p>Cuando<strong> necesites<\/strong> ayuda, <strong>asistencia<\/strong> o <strong>planeaci\u00f3n<\/strong> legal, <strong>solicita<\/strong> <strong>Cita Privada<\/strong> <a rel=\"noreferrer noopener\" href=\"mailto:bi@sm99.mx\" target=\"_blank\"><strong>Aqu\u00ed<\/strong><\/a><\/p>\n\n\n\n<p>La informaci\u00f3n que AQU\u00cd te presentamos <strong>deriva<\/strong> de los <strong>Peri\u00f3dicos Oficiales <\/strong>de la<strong> CdMx<\/strong>, <strong>Estado<\/strong> de Mex., Diario <strong>Oficial<\/strong> de la Federaci\u00f3n, Suprema Corte de<strong> Justicia<\/strong> de la Naci\u00f3n, por lo tanto es de <strong>aplicaci\u00f3n OBLIGATORIA<\/strong><\/p>\n\n\n\n<p>La <strong>informaci\u00f3n<\/strong> de hoy procede de la Suprema Corte de Justicia<\/p>\n\n\n\n<p><strong><mark style=\"background-color:rgba(0, 0, 0, 0)\" class=\"has-inline-color has-luminous-vivid-orange-color\">AY\u00daDANOS<\/mark><\/strong> para que m\u00e1s personas conozcan esta informaci\u00f3n, comp\u00e1rtela en tus redes sociales.<\/p>\n","protected":false},"excerpt":{"rendered":"<p>Views: 19 . Juicios Civiles\u2026 Este ANTECEDENTE Surge despu\u00e9s de que en un juicio civil una empresa solicit\u00f3 medidas cautelares, consistentes en la retenci\u00f3n de dinero de las cuentas bancarias y la inscripci\u00f3n de la demanda en los folios reales de varios inmuebles. El juez concedi\u00f3 y la empresa demandada exhibi\u00f3 la garant\u00eda y se [&hellip;]<\/p>\n","protected":false},"author":3,"featured_media":26831,"comment_status":"closed","ping_status":"open","sticky":false,"template":"","format":"standard","meta":{"_jetpack_memberships_contains_paid_content":false,"footnotes":""},"categories":[4],"tags":[],"jetpack_sharing_enabled":true,"jetpack_featured_media_url":"https:\/\/www.salgadonoticias.com\/wp-content\/uploads\/2024\/02\/medidas.jpg","_links":{"self":[{"href":"https:\/\/www.salgadonoticias.com\/index.php?rest_route=\/wp\/v2\/posts\/26819"}],"collection":[{"href":"https:\/\/www.salgadonoticias.com\/index.php?rest_route=\/wp\/v2\/posts"}],"about":[{"href":"https:\/\/www.salgadonoticias.com\/index.php?rest_route=\/wp\/v2\/types\/post"}],"author":[{"embeddable":true,"href":"https:\/\/www.salgadonoticias.com\/index.php?rest_route=\/wp\/v2\/users\/3"}],"replies":[{"embeddable":true,"href":"https:\/\/www.salgadonoticias.com\/index.php?rest_route=%2Fwp%2Fv2%2Fcomments&post=26819"}],"version-history":[{"count":8,"href":"https:\/\/www.salgadonoticias.com\/index.php?rest_route=\/wp\/v2\/posts\/26819\/revisions"}],"predecessor-version":[{"id":26852,"href":"https:\/\/www.salgadonoticias.com\/index.php?rest_route=\/wp\/v2\/posts\/26819\/revisions\/26852"}],"wp:featuredmedia":[{"embeddable":true,"href":"https:\/\/www.salgadonoticias.com\/index.php?rest_route=\/wp\/v2\/media\/26831"}],"wp:attachment":[{"href":"https:\/\/www.salgadonoticias.com\/index.php?rest_route=%2Fwp%2Fv2%2Fmedia&parent=26819"}],"wp:term":[{"taxonomy":"category","embeddable":true,"href":"https:\/\/www.salgadonoticias.com\/index.php?rest_route=%2Fwp%2Fv2%2Fcategories&post=26819"},{"taxonomy":"post_tag","embeddable":true,"href":"https:\/\/www.salgadonoticias.com\/index.php?rest_route=%2Fwp%2Fv2%2Ftags&post=26819"}],"curies":[{"name":"wp","href":"https:\/\/api.w.org\/{rel}","templated":true}]}}