{"id":26822,"date":"2024-02-29T00:20:00","date_gmt":"2024-02-29T06:20:00","guid":{"rendered":"https:\/\/www.salgadonoticias.com\/?p=26822"},"modified":"2024-02-29T17:20:35","modified_gmt":"2024-02-29T23:20:35","slug":"26822","status":"publish","type":"post","link":"https:\/\/www.salgadonoticias.com\/?p=26822","title":{"rendered":"Es un DERECHO las VACACIONES de SERVIDORES P\u00fablicos en EdoMex&#8230;!!!"},"content":{"rendered":"<p>Views: 35<\/p>\n<p>.<\/p>\n\n\n\n<figure class=\"wp-block-embed is-type-video is-provider-youtube wp-block-embed-youtube wp-embed-aspect-16-9 wp-has-aspect-ratio\"><div class=\"wp-block-embed__wrapper\">\n<iframe loading=\"lazy\" title=\"2 breves Sin NUEVA Garant\u00eda en Juicios de Amparo y Un DERECHO las vacaciones de Servidores P\u00fablicos\" width=\"640\" height=\"360\" src=\"https:\/\/www.youtube.com\/embed\/FyDnz-iuMsg?feature=oembed\" frameborder=\"0\" allow=\"accelerometer; autoplay; clipboard-write; encrypted-media; gyroscope; picture-in-picture; web-share\" referrerpolicy=\"strict-origin-when-cross-origin\" allowfullscreen><\/iframe>\n<\/div><\/figure>\n\n\n\n<p>.<\/p>\n\n\n\n<p>Con la <strong>integraci\u00f3n<\/strong> del <strong>art\u00edculo 147 Bis<\/strong> a la Constituci\u00f3n del EdoMex., es <strong><span style=\"background-color:rgba(0, 0, 0, 0)\" class=\"has-inline-color has-vivid-red-color\">OBLIGACI\u00d3N<\/span><\/strong> del <strong>Estado<\/strong> <strong><mark style=\"background-color:#7bdcb5\" class=\"has-inline-color\">Garantizar<\/mark><\/strong> a los <strong><mark style=\"background-color:rgba(0, 0, 0, 0);color:#8f0442\" class=\"has-inline-color\">Servidores P\u00fablicos<\/mark><\/strong> de esta entidad, que <strong><mark style=\"background-color:#84bef1\" class=\"has-inline-color\">gocen de VACACIONES peri\u00f3dicas<\/mark><\/strong> debidamente <strong><mark style=\"background-color:rgba(0, 0, 0, 0);color:#a90404\" class=\"has-inline-color\">pagadas<\/mark><\/strong>, seg\u00fan lo marcado en la Ley.<\/p>\n\n\n\n<p>.<\/p>\n\n\n\n<p>Con lo anterior los legisladores <strong><mark style=\"background-color:#f78da7\" class=\"has-inline-color\">ELEVAN<\/mark><\/strong> el <span style=\"text-decoration: underline;\">derecho a vacaciones<\/span> como un <strong><mark style=\"background-color:#fbcb45\" class=\"has-inline-color\">DERECHO HUMANO<\/mark><\/strong>, y con ello se evita &#8220;dicen&#8221; que <strong>sea vulnerado<\/strong> con <span style=\"text-decoration: underline;\">pretextos o artima\u00f1as<\/span>, ya que vinculan a las <strong><mark style=\"background-color:rgba(0, 0, 0, 0)\" class=\"has-inline-color has-vivid-red-color\">autoridades<\/mark><\/strong> a <strong><mark style=\"background-color:rgba(0, 0, 0, 0)\" class=\"has-inline-color has-vivid-red-color\">respetar, proteger y garantizar<\/mark><\/strong> dicho beneficio.<\/p>\n\n\n\n<p>.<\/p>\n\n\n\n<p>.<\/p>\n\n\n\n<p class=\"wp-embed-aspect-16-9 wp-has-aspect-ratio\">Si estas en el <strong><mark style=\"background-color:rgba(0, 0, 0, 0)\" class=\"has-inline-color has-vivid-red-color\">Extranjero <\/mark><\/strong>nosotros somos tu <strong><mark style=\"background-color:rgba(0, 0, 0, 0)\" class=\"has-inline-color has-vivid-green-cyan-color\">mejor<\/mark><\/strong> alternativa para <strong><mark style=\"background-color:rgba(0, 0, 0, 0)\" class=\"has-inline-color has-luminous-vivid-orange-color\">velar<\/mark><\/strong> por tus <strong><mark style=\"background-color:rgba(0, 0, 0, 0)\" class=\"has-inline-color has-vivid-cyan-blue-color\">intereses<\/mark><\/strong>, escr\u00edbenos o ll\u00e1manos al Tel <strong>55581-11311<\/strong>.<\/p>\n\n\n\n<p>.<\/p>\n\n\n\n<p>Cuando<strong> necesites<\/strong> ayuda, <strong>asistencia<\/strong> o <strong>planeaci\u00f3n<\/strong> legal, <strong>solicita<\/strong> <strong>Cita Privada<\/strong> <a rel=\"noreferrer noopener\" href=\"mailto:bi@sm99.mx\" target=\"_blank\"><strong>Aqu\u00ed<\/strong><\/a><\/p>\n\n\n\n<p>La informaci\u00f3n que AQU\u00cd te presentamos <strong>deriva<\/strong> de los <strong>Peri\u00f3dicos Oficiales <\/strong>de la<strong> CdMx<\/strong>, <strong>Estado<\/strong> de Mex., Diario <strong>Oficial<\/strong> de la Federaci\u00f3n, Suprema Corte de<strong> Justicia<\/strong> de la Naci\u00f3n, por lo tanto es de <strong>aplicaci\u00f3n OBLIGATORIA<\/strong><\/p>\n\n\n\n<p>La <strong>informaci\u00f3n<\/strong> de hoy procede de la Gaceta del EdoMex.<\/p>\n\n\n\n<p><strong><mark style=\"background-color:rgba(0, 0, 0, 0)\" class=\"has-inline-color has-luminous-vivid-orange-color\">AY\u00daDANOS<\/mark><\/strong> para que m\u00e1s personas conozcan esta informaci\u00f3n, comp\u00e1rtela en tus redes sociales.<\/p>\n","protected":false},"excerpt":{"rendered":"<p>Views: 35 . . Con la integraci\u00f3n del art\u00edculo 147 Bis a la Constituci\u00f3n del EdoMex., es OBLIGACI\u00d3N del Estado Garantizar a los Servidores P\u00fablicos de esta entidad, que gocen de VACACIONES peri\u00f3dicas debidamente pagadas, seg\u00fan lo marcado en la Ley. . Con lo anterior los legisladores ELEVAN el derecho a vacaciones como un DERECHO [&hellip;]<\/p>\n","protected":false},"author":3,"featured_media":26826,"comment_status":"closed","ping_status":"open","sticky":false,"template":"","format":"standard","meta":{"_jetpack_memberships_contains_paid_content":false,"footnotes":""},"categories":[8],"tags":[],"jetpack_sharing_enabled":true,"jetpack_featured_media_url":"https:\/\/www.salgadonoticias.com\/wp-content\/uploads\/2024\/03\/vacaciones.jpg","_links":{"self":[{"href":"https:\/\/www.salgadonoticias.com\/index.php?rest_route=\/wp\/v2\/posts\/26822"}],"collection":[{"href":"https:\/\/www.salgadonoticias.com\/index.php?rest_route=\/wp\/v2\/posts"}],"about":[{"href":"https:\/\/www.salgadonoticias.com\/index.php?rest_route=\/wp\/v2\/types\/post"}],"author":[{"embeddable":true,"href":"https:\/\/www.salgadonoticias.com\/index.php?rest_route=\/wp\/v2\/users\/3"}],"replies":[{"embeddable":true,"href":"https:\/\/www.salgadonoticias.com\/index.php?rest_route=%2Fwp%2Fv2%2Fcomments&post=26822"}],"version-history":[{"count":5,"href":"https:\/\/www.salgadonoticias.com\/index.php?rest_route=\/wp\/v2\/posts\/26822\/revisions"}],"predecessor-version":[{"id":26863,"href":"https:\/\/www.salgadonoticias.com\/index.php?rest_route=\/wp\/v2\/posts\/26822\/revisions\/26863"}],"wp:featuredmedia":[{"embeddable":true,"href":"https:\/\/www.salgadonoticias.com\/index.php?rest_route=\/wp\/v2\/media\/26826"}],"wp:attachment":[{"href":"https:\/\/www.salgadonoticias.com\/index.php?rest_route=%2Fwp%2Fv2%2Fmedia&parent=26822"}],"wp:term":[{"taxonomy":"category","embeddable":true,"href":"https:\/\/www.salgadonoticias.com\/index.php?rest_route=%2Fwp%2Fv2%2Fcategories&post=26822"},{"taxonomy":"post_tag","embeddable":true,"href":"https:\/\/www.salgadonoticias.com\/index.php?rest_route=%2Fwp%2Fv2%2Ftags&post=26822"}],"curies":[{"name":"wp","href":"https:\/\/api.w.org\/{rel}","templated":true}]}}