{"id":27232,"date":"2024-04-01T00:53:00","date_gmt":"2024-04-01T06:53:00","guid":{"rendered":"https:\/\/www.salgadonoticias.com\/?p=27232"},"modified":"2024-04-01T16:49:55","modified_gmt":"2024-04-01T22:49:55","slug":"27232","status":"publish","type":"post","link":"https:\/\/www.salgadonoticias.com\/?p=27232","title":{"rendered":"Amparo contra ORDEN de APREHENSI\u00d3N debe Admitirse a\u00fan SIN saber si se efectuar\u00e1 o NO&#8230;!!!"},"content":{"rendered":"<p>Views: 52<\/p>\n<p>.<\/p>\n\n\n\n<figure class=\"wp-block-embed is-type-video is-provider-youtube wp-block-embed-youtube wp-embed-aspect-16-9 wp-has-aspect-ratio\"><div class=\"wp-block-embed__wrapper\">\n<iframe loading=\"lazy\" title=\"Amparo contra ORDEN de APREHENSI\u00d3N debe Admitirse a\u00fan SIN saber si se efectuar\u00e1 o NO\" width=\"640\" height=\"360\" src=\"https:\/\/www.youtube.com\/embed\/_Mo2A0Ay9tI?feature=oembed\" frameborder=\"0\" allow=\"accelerometer; autoplay; clipboard-write; encrypted-media; gyroscope; picture-in-picture; web-share\" referrerpolicy=\"strict-origin-when-cross-origin\" allowfullscreen><\/iframe>\n<\/div><\/figure>\n\n\n\n<p>.<\/p>\n\n\n\n<p>Este <strong>ANTECEDENTE<\/strong><\/p>\n\n\n\n<p class=\"has-text-align-justify\"><strong>Surge<\/strong> despu\u00e9s de que se <strong>desecho<\/strong> una demanda de <strong>amparo<\/strong> promovida contra una <strong><mark style=\"background-color:#ff6900\" class=\"has-inline-color\">orden de aprehensi\u00f3n, detenci\u00f3n y\/o presentaci\u00f3n<\/mark><\/strong>, ya que se <strong>estim\u00f3<\/strong> que <strong><mark style=\"background-color:rgba(0, 0, 0, 0)\" class=\"has-inline-color has-vivid-red-color\">lo reclamado no produce una afectaci\u00f3n real y actual de la situaci\u00f3n jur\u00eddica del quejoso<\/mark><\/strong>, por <strong><mark style=\"background-color:#cf2e2e\" class=\"has-inline-color\">ser inexistente al momento de la presentaci\u00f3n de la demanda<\/mark><\/strong>, pues queda actualizada de manera manifiesta e indudable la causa de improcedencia, esto conforme a la fracc. XXIII del art\u00edculo 61, en relaci\u00f3n con los diversos 5o., fracci\u00f3n I y 63, fracci\u00f3n IV, todos de la Ley de Amparo.<\/p>\n\n\n\n<p>.<\/p>\n\n\n\n<p class=\"has-text-align-justify\">La <strong><mark style=\"background-color:rgba(0, 0, 0, 0);color:#0709e3\" class=\"has-inline-color\">Suprema Corte de Justicia<\/mark>, <\/strong>a trav\u00e9s del su Tribunal Colegiado de Circuito <strong><mark style=\"background-color:rgba(0, 0, 0, 0);color:#840505\" class=\"has-inline-color\">DETERMIN\u00d3<\/mark><\/strong> que los <strong><mark style=\"background-color:#f9c126\" class=\"has-inline-color\">jueces deben ADMITIR<\/mark> <\/strong>una <em><strong>demanda de amparo indirecto<\/strong><\/em> que <mark style=\"background-color:#c0d6ea\" class=\"has-inline-color\"><strong>IMPUGNE<\/strong> una <strong>orden de aprehensi\u00f3n<\/strong><\/mark>, <strong><mark style=\"background-color:#abb8c3\" class=\"has-inline-color\">detenci\u00f3n y\/o presentaci\u00f3n<\/mark><\/strong>, aun <mark style=\"background-color:rgba(0, 0, 0, 0);color:#a80f58\" class=\"has-inline-color\"><strong>sin saberse<\/strong> <\/mark><mark style=\"background-color:rgba(0, 0, 0, 0)\" class=\"has-inline-color has-black-color\">con exactitud<\/mark><mark style=\"background-color:rgba(0, 0, 0, 0);color:#a80f58\" class=\"has-inline-color\"> <strong>si es inminente o si llegar\u00e1 o no a materializarse<\/strong><\/mark>. Por lo que <strong><mark style=\"background-color:#cf2e2e\" class=\"has-inline-color\">no se requiere mayor demostraci\u00f3n para que sea recibida<\/mark><\/strong>.<\/p>\n\n\n\n<p>.<\/p>\n\n\n\n<p class=\"has-text-align-justify\">La justificaci\u00f3n de la <strong><mark style=\"background-color:rgba(0, 0, 0, 0);color:#0727e3\" class=\"has-inline-color\">SCJN<\/mark><\/strong>, es que debe <strong>partirse de lo manifestado por el quejoso en su demanda bajo protesta de decir verdad<\/strong>, y luego <strong><mark style=\"background-color:#ff6900\" class=\"has-inline-color\">la cercan\u00eda o no de la realizaci\u00f3n del acto reclamado debe verificarse con los elementos probatorios que se aporten durante la secuela procesal y en la audiencia constitucional<\/mark><\/strong>, sin perjuicio de que durante el proceso del juicio quede plenamente probado que efectivamente se trata de un acto de ese tipo, o se tenga la certeza de la existencia de alguna otra causa de improcedencia, por lo que <strong><mark style=\"background-color:#a4f1d2\" class=\"has-inline-color\">trat\u00e1ndose de actos futuros de los que no se tenga exactitud si son inminentes o si llegar\u00e1n o no a materializarse<\/mark><\/strong>, no se actualiza un motivo manifiesto e indudable de improcedencia, por ello, <strong><mark style=\"background-color:#f59a58\" class=\"has-inline-color\">debe admitirse a tr\u00e1mite la demanda<\/mark><\/strong>, pues s\u00f3lo as\u00ed se otorgar\u00eda al quejoso la oportunidad de ofrecer las pruebas que estime necesarias para acreditar la afectaci\u00f3n que le causa el acto reclamado; de lo <strong><mark style=\"background-color:#aee2cd\" class=\"has-inline-color\">contrario, se le privar\u00eda de instar la acci\u00f3n constitucional CONTRA un acto que estima le causa perjuicio, como sucede en este caso en concreto.<\/mark><\/strong><\/p>\n\n\n\n<p><\/p>\n\n\n\n<p><\/p>\n\n\n\n<p>.<\/p>\n\n\n\n<p>Esta <strong><mark style=\"background-color:#f2a4b8\" class=\"has-inline-color\">RESOLUCI\u00d3N<\/mark> <\/strong>es de <strong>aplicaci\u00f3n <mark style=\"background-color:rgba(0, 0, 0, 0);color:#950101\" class=\"has-inline-color\">OBLIGATORIA<\/mark> <\/strong>en todo el pa\u00eds a partir de esta semana.<\/p>\n\n\n\n<p class=\"has-small-font-size\"><strong><mark style=\"background-color:rgba(0, 0, 0, 0);color:#d46a1f\" class=\"has-inline-color\">Jurisprudencia Com\u00fan <\/mark><\/strong><\/p>\n\n\n\n<p>.<\/p>\n\n\n\n<p>.<\/p>\n\n\n\n<p id=\"block-796535c5-f686-4dcf-8024-3be970f02343\">Si estas en el <strong><mark><mark style=\"background-color:#ffffff\" class=\"has-inline-color has-vivid-red-color\">Extranjero<\/mark><mark style=\"background-color:#ffffff\" class=\"has-inline-color\"> <\/mark><\/mark><\/strong>nosotros somos tu<mark style=\"background-color:rgba(0, 0, 0, 0)\" class=\"has-inline-color has-vivid-green-cyan-color\"> <strong>mejor<\/strong><\/mark><mark style=\"background-color:#ffffff\" class=\"has-inline-color\"> alternativa para <\/mark><strong><mark style=\"background-color:#ffffff\" class=\"has-inline-color has-luminous-vivid-orange-color\">velar<\/mark><\/strong><mark style=\"background-color:#ffffff\" class=\"has-inline-color\"> por tus <\/mark><strong><mark style=\"background-color:#ffffff;color:#0c74b0\" class=\"has-inline-color\">intereses<\/mark><\/strong>, escr\u00edbenos o ll\u00e1manos al Tel <strong>55581-11311<\/strong>.<\/p>\n\n\n\n<p id=\"block-3f0cb649-4142-417f-be85-20a82a0deacc\">.<\/p>\n\n\n\n<p id=\"block-0be85f9b-a54a-48a5-8974-f500a542213b\">Cuando<strong> necesites<\/strong> ayuda, <strong>asistencia<\/strong> o <strong>planeaci\u00f3n<\/strong> legal, <strong>solicita<\/strong> <strong>Cita Privada<\/strong> <a href=\"mailto:bi@sm99.mx\" target=\"_blank\" rel=\"noreferrer noopener\"><strong>Aqu\u00ed<\/strong><\/a><\/p>\n\n\n\n<p id=\"block-53241420-9292-48b8-993b-967038d0604a\">La informaci\u00f3n que AQU\u00cd te presentamos <strong>deriva<\/strong> de los <strong>Peri\u00f3dicos Oficiales <\/strong>de la<strong> CdMx<\/strong>, <strong>Estado<\/strong> de Mex., Diario <strong>Oficial<\/strong> de la Federaci\u00f3n, Suprema Corte de<strong> Justicia<\/strong> de la Naci\u00f3n, por lo tanto es de <strong>aplicaci\u00f3n OBLIGATORIA<\/strong>.<\/p>\n\n\n\n<p id=\"block-3ea95020-128c-4e7d-9308-d73669c4f2be\">La <strong>informaci\u00f3n<\/strong> de hoy procede de la Suprema Corte<\/p>\n\n\n\n<p id=\"block-3ea95020-128c-4e7d-9308-d73669c4f2be\"><strong><mark style=\"background-color:rgba(0, 0, 0, 0);color:#d9610b\" class=\"has-inline-color\">AYUDANOS<\/mark> <\/strong>para que m\u00e1s personas conozcan esta informaci\u00f3n, comp\u00e1rtela en tus redes sociales.<\/p>\n","protected":false},"excerpt":{"rendered":"<p>Views: 52 . . Este ANTECEDENTE Surge despu\u00e9s de que se desecho una demanda de amparo promovida contra una orden de aprehensi\u00f3n, detenci\u00f3n y\/o presentaci\u00f3n, ya que se estim\u00f3 que lo reclamado no produce una afectaci\u00f3n real y actual de la situaci\u00f3n jur\u00eddica del quejoso, por ser inexistente al momento de la presentaci\u00f3n de la [&hellip;]<\/p>\n","protected":false},"author":3,"featured_media":27238,"comment_status":"closed","ping_status":"open","sticky":false,"template":"","format":"standard","meta":{"_jetpack_memberships_contains_paid_content":false,"footnotes":""},"categories":[4],"tags":[],"jetpack_sharing_enabled":true,"jetpack_featured_media_url":"https:\/\/www.salgadonoticias.com\/wp-content\/uploads\/2024\/04\/ORDEN.jpg","_links":{"self":[{"href":"https:\/\/www.salgadonoticias.com\/index.php?rest_route=\/wp\/v2\/posts\/27232"}],"collection":[{"href":"https:\/\/www.salgadonoticias.com\/index.php?rest_route=\/wp\/v2\/posts"}],"about":[{"href":"https:\/\/www.salgadonoticias.com\/index.php?rest_route=\/wp\/v2\/types\/post"}],"author":[{"embeddable":true,"href":"https:\/\/www.salgadonoticias.com\/index.php?rest_route=\/wp\/v2\/users\/3"}],"replies":[{"embeddable":true,"href":"https:\/\/www.salgadonoticias.com\/index.php?rest_route=%2Fwp%2Fv2%2Fcomments&post=27232"}],"version-history":[{"count":8,"href":"https:\/\/www.salgadonoticias.com\/index.php?rest_route=\/wp\/v2\/posts\/27232\/revisions"}],"predecessor-version":[{"id":27316,"href":"https:\/\/www.salgadonoticias.com\/index.php?rest_route=\/wp\/v2\/posts\/27232\/revisions\/27316"}],"wp:featuredmedia":[{"embeddable":true,"href":"https:\/\/www.salgadonoticias.com\/index.php?rest_route=\/wp\/v2\/media\/27238"}],"wp:attachment":[{"href":"https:\/\/www.salgadonoticias.com\/index.php?rest_route=%2Fwp%2Fv2%2Fmedia&parent=27232"}],"wp:term":[{"taxonomy":"category","embeddable":true,"href":"https:\/\/www.salgadonoticias.com\/index.php?rest_route=%2Fwp%2Fv2%2Fcategories&post=27232"},{"taxonomy":"post_tag","embeddable":true,"href":"https:\/\/www.salgadonoticias.com\/index.php?rest_route=%2Fwp%2Fv2%2Ftags&post=27232"}],"curies":[{"name":"wp","href":"https:\/\/api.w.org\/{rel}","templated":true}]}}