{"id":27325,"date":"2024-04-03T00:37:00","date_gmt":"2024-04-03T06:37:00","guid":{"rendered":"https:\/\/www.salgadonoticias.com\/?p=27325"},"modified":"2024-04-03T17:01:06","modified_gmt":"2024-04-03T23:01:06","slug":"27325","status":"publish","type":"post","link":"https:\/\/www.salgadonoticias.com\/?p=27325","title":{"rendered":"En Notificaciones de Aseguramiento, NO es Necesario la presencia de Abogado\u2026!!!"},"content":{"rendered":"<p>Views: 27<\/p>\n<p>.<\/p>\n\n\n\n<figure class=\"wp-block-embed is-type-video is-provider-youtube wp-block-embed-youtube wp-embed-aspect-16-9 wp-has-aspect-ratio\"><div class=\"wp-block-embed__wrapper\">\n<iframe loading=\"lazy\" title=\"En Notificaciones de Aseguramiento, No es necesario la presencia de Abogado.\" width=\"640\" height=\"360\" src=\"https:\/\/www.youtube.com\/embed\/tC3chUpIffg?feature=oembed\" frameborder=\"0\" allow=\"accelerometer; autoplay; clipboard-write; encrypted-media; gyroscope; picture-in-picture; web-share\" referrerpolicy=\"strict-origin-when-cross-origin\" allowfullscreen><\/iframe>\n<\/div><\/figure>\n\n\n\n<p>.<\/p>\n\n\n\n<p>Este Antecedente:<\/p>\n\n\n\n<p class=\"has-text-align-justify\"><strong>Surge <\/strong>despu\u00e9s de que en la <strong>sentencia de amparo<\/strong> sujeta a revisi\u00f3n, el imputado reclamo que la notificaci\u00f3n que se le hizo personalmente respecto a que la Fiscal\u00eda <strong><mark style=\"background-color:rgba(0, 0, 0, 0)\" class=\"has-inline-color has-vivid-red-color\">decret\u00f3 el aseguramiento de su veh\u00edculo se\u00f1alado en la carpeta de investigaci\u00f3n en su contra fue ilegal<\/mark><\/strong> ya que <strong><mark style=\"background-color:#ff6900\" class=\"has-inline-color\">se practic\u00f3 SIN la presencia de su abogado.<\/mark><\/strong><\/p>\n\n\n\n<p>&#8211;<\/p>\n\n\n\n<p class=\"has-text-align-justify\">Ante lo anterior, la <strong><mark style=\"background-color:rgba(0, 0, 0, 0);color:#3907e3\" class=\"has-inline-color\">Suprema Corte de Justicia<\/mark> <\/strong>a trav\u00e9s de su Tribunal Colegiado, <strong><mark style=\"background-color:rgba(0, 0, 0, 0);color:#940202\" class=\"has-inline-color\">DETERMIN\u00d3<\/mark> <\/strong>que <strong><mark style=\"background-color:#67eaba\" class=\"has-inline-color\">NO es NECESARIO<\/mark><\/strong> que la <strong><mark style=\"background-color:rgba(0, 0, 0, 0)\" class=\"has-inline-color has-vivid-red-color\">notificaci\u00f3n del aseguramiento<\/mark><\/strong> de <span style=\"text-decoration: underline;\">objetos, productos o instrumentos del delito<\/span> al <strong><mark style=\"background-color:#f0b4c3\" class=\"has-inline-color\">imputado se haga en presencia de su defensor<\/mark><\/strong>.<\/p>\n\n\n\n<p>.<\/p>\n\n\n\n<p class=\"has-text-align-justify\">La justificaci\u00f3n de la <strong><mark style=\"background-color:rgba(0, 0, 0, 0);color:#061d84\" class=\"has-inline-color\">SCJN<\/mark><\/strong> es que, <strong>conforme<\/strong> al <span style=\"text-decoration: underline;\"><strong>art\u00edculo 85<\/strong> del C\u00f3digo Nacional de Procedimientos Penales,<\/span> las <mark style=\"background-color:#f7924a\" class=\"has-inline-color\"><strong>notificaciones del procedimiento<\/strong> se <strong>realizar\u00e1n al imputado que se encuentre detenido en el lugar de su detenci\u00f3n<\/strong><\/mark>. <\/p>\n\n\n\n<p class=\"has-text-align-justify\">Y por su parte, el <mark style=\"background-color:#a4db7b\" class=\"has-inline-color\"><strong>art\u00edculo 231<\/strong> del mismo c\u00f3digo <strong>establece<\/strong> que el <strong>Ministerio P\u00fablico deber\u00e1 notificar al interesado o a su representante legal el aseguramiento<\/strong><\/mark><strong> <\/strong>del objeto, instrumento o producto del delito, dentro de los sesenta d\u00edas naturales siguientes a su ejecuci\u00f3n, <strong><mark style=\"background-color:#99a7b0\" class=\"has-inline-color\">entregando o poniendo a su disposici\u00f3n, seg\u00fan sea el caso, una copia del registro de aseguramiento<\/mark>,<\/strong> para que manifieste lo que a su derecho convenga.<\/p>\n\n\n\n<p>Dejando claro que, <strong><mark style=\"background-color:rgba(0, 0, 0, 0)\" class=\"has-inline-color has-luminous-vivid-orange-color\">ninguno<\/mark><\/strong> de dichos <strong><mark style=\"background-color:rgba(0, 0, 0, 0);color:#a5034b\" class=\"has-inline-color\">art\u00edculos prev\u00e9 la obligaci\u00f3n de que est\u00e9 presente el defensor al practicar dicha notificaci\u00f3n al imputado<\/mark><\/strong>, pues de su interpretaci\u00f3n se advierte que es opcional que la notificaci\u00f3n del aseguramiento se realice con el interesado o con su representante; de ah\u00ed que no hay que poner m\u00e1s requisitos de los que la ley exige, conforme al principio general de derecho: donde la ley no distingue no debe hacerlo el juzgador.<\/p>\n\n\n\n<p>.<\/p>\n\n\n\n<p>Esta <strong><mark style=\"background-color:#f85b5b\" class=\"has-inline-color\">RESOLUCI\u00d3N <\/mark><\/strong>es de <strong>aplicaci\u00f3n<\/strong> para <strong>quien la haga valer<\/strong> a partir de esta semana<\/p>\n\n\n\n<p class=\"has-small-font-size\"><strong><mark style=\"background-color:rgba(0, 0, 0, 0);color:#078758\" class=\"has-inline-color\">Tesis Penal<\/mark><\/strong><\/p>\n\n\n\n<p><\/p>\n\n\n\n<p>..<\/p>\n\n\n\n<p id=\"block-796535c5-f686-4dcf-8024-3be970f02343\">Si estas en el <strong><mark><mark style=\"background-color:#ffffff\" class=\"has-inline-color has-vivid-red-color\">Extranjero<\/mark><mark style=\"background-color:#ffffff\" class=\"has-inline-color\"> <\/mark><\/mark><\/strong>nosotros somos tu<mark style=\"background-color:rgba(0, 0, 0, 0)\" class=\"has-inline-color has-vivid-green-cyan-color\"> <strong>mejor<\/strong><\/mark><mark style=\"background-color:#ffffff\" class=\"has-inline-color\"> alternativa para <\/mark><strong><mark style=\"background-color:#ffffff\" class=\"has-inline-color has-luminous-vivid-orange-color\">velar<\/mark><\/strong><mark style=\"background-color:#ffffff\" class=\"has-inline-color\"> por tus <\/mark><strong><mark style=\"background-color:#ffffff;color:#0c74b0\" class=\"has-inline-color\">intereses<\/mark><\/strong>, escr\u00edbenos o ll\u00e1manos al Tel <strong>55581-11311<\/strong>.<\/p>\n\n\n\n<p id=\"block-3f0cb649-4142-417f-be85-20a82a0deacc\">.<\/p>\n\n\n\n<p id=\"block-0be85f9b-a54a-48a5-8974-f500a542213b\">Cuando<strong> necesites<\/strong> ayuda, <strong>asistencia<\/strong> o <strong>planeaci\u00f3n<\/strong> legal, <strong>solicita<\/strong> <strong>Cita Privada<\/strong> <a href=\"mailto:bi@sm99.mx\" target=\"_blank\" rel=\"noreferrer noopener\"><strong>Aqu\u00ed<\/strong><\/a><\/p>\n\n\n\n<p id=\"block-53241420-9292-48b8-993b-967038d0604a\">La informaci\u00f3n que AQU\u00cd te presentamos <strong>deriva<\/strong> de los <strong>Peri\u00f3dicos Oficiales <\/strong>de la<strong> CdMx<\/strong>, <strong>Estado<\/strong> de Mex., Diario <strong>Oficial<\/strong> de la Federaci\u00f3n, Suprema Corte de<strong> Justicia<\/strong> de la Naci\u00f3n, por lo tanto es de <strong>aplicaci\u00f3n OBLIGATORIA<\/strong>.<\/p>\n\n\n\n<p id=\"block-3ea95020-128c-4e7d-9308-d73669c4f2be\">La <strong>informaci\u00f3n<\/strong> de hoy procede de la Suprema Corte de Justicia<\/p>\n\n\n\n<p id=\"block-3ea95020-128c-4e7d-9308-d73669c4f2be\"><strong><mark style=\"background-color:rgba(0, 0, 0, 0);color:#d9610b\" class=\"has-inline-color\">AYUDANOS<\/mark> <\/strong>para que m\u00e1s personas conozcan esta informaci\u00f3n, comp\u00e1rtela en tus redes sociales.<\/p>\n","protected":false},"excerpt":{"rendered":"<p>Views: 27 . . Este Antecedente: Surge despu\u00e9s de que en la sentencia de amparo sujeta a revisi\u00f3n, el imputado reclamo que la notificaci\u00f3n que se le hizo personalmente respecto a que la Fiscal\u00eda decret\u00f3 el aseguramiento de su veh\u00edculo se\u00f1alado en la carpeta de investigaci\u00f3n en su contra fue ilegal ya que se practic\u00f3 [&hellip;]<\/p>\n","protected":false},"author":3,"featured_media":27330,"comment_status":"closed","ping_status":"open","sticky":false,"template":"","format":"standard","meta":{"_jetpack_memberships_contains_paid_content":false,"footnotes":""},"categories":[4],"tags":[],"jetpack_sharing_enabled":true,"jetpack_featured_media_url":"https:\/\/www.salgadonoticias.com\/wp-content\/uploads\/2024\/04\/ASEGURAMIENTO.jpg","_links":{"self":[{"href":"https:\/\/www.salgadonoticias.com\/index.php?rest_route=\/wp\/v2\/posts\/27325"}],"collection":[{"href":"https:\/\/www.salgadonoticias.com\/index.php?rest_route=\/wp\/v2\/posts"}],"about":[{"href":"https:\/\/www.salgadonoticias.com\/index.php?rest_route=\/wp\/v2\/types\/post"}],"author":[{"embeddable":true,"href":"https:\/\/www.salgadonoticias.com\/index.php?rest_route=\/wp\/v2\/users\/3"}],"replies":[{"embeddable":true,"href":"https:\/\/www.salgadonoticias.com\/index.php?rest_route=%2Fwp%2Fv2%2Fcomments&post=27325"}],"version-history":[{"count":6,"href":"https:\/\/www.salgadonoticias.com\/index.php?rest_route=\/wp\/v2\/posts\/27325\/revisions"}],"predecessor-version":[{"id":27351,"href":"https:\/\/www.salgadonoticias.com\/index.php?rest_route=\/wp\/v2\/posts\/27325\/revisions\/27351"}],"wp:featuredmedia":[{"embeddable":true,"href":"https:\/\/www.salgadonoticias.com\/index.php?rest_route=\/wp\/v2\/media\/27330"}],"wp:attachment":[{"href":"https:\/\/www.salgadonoticias.com\/index.php?rest_route=%2Fwp%2Fv2%2Fmedia&parent=27325"}],"wp:term":[{"taxonomy":"category","embeddable":true,"href":"https:\/\/www.salgadonoticias.com\/index.php?rest_route=%2Fwp%2Fv2%2Fcategories&post=27325"},{"taxonomy":"post_tag","embeddable":true,"href":"https:\/\/www.salgadonoticias.com\/index.php?rest_route=%2Fwp%2Fv2%2Ftags&post=27325"}],"curies":[{"name":"wp","href":"https:\/\/api.w.org\/{rel}","templated":true}]}}