{"id":27356,"date":"2024-04-04T01:40:00","date_gmt":"2024-04-04T07:40:00","guid":{"rendered":"https:\/\/www.salgadonoticias.com\/?p=27356"},"modified":"2024-04-04T18:27:07","modified_gmt":"2024-04-05T00:27:07","slug":"27356","status":"publish","type":"post","link":"https:\/\/www.salgadonoticias.com\/?p=27356","title":{"rendered":"REEMPLACAMIENTO en EdoMex&#8230;!!!"},"content":{"rendered":"<p>Views: 34<\/p>\n<p>.<\/p>\n\n\n\n<figure class=\"wp-block-embed is-type-video is-provider-youtube wp-block-embed-youtube wp-embed-aspect-16-9 wp-has-aspect-ratio\"><div class=\"wp-block-embed__wrapper\">\n<iframe loading=\"lazy\" title=\"Descuento en Pago de Tenencia en CdMX y REEMPLACAMIENTO en EdoMex.\" width=\"640\" height=\"360\" src=\"https:\/\/www.youtube.com\/embed\/zYDftvTkyGw?feature=oembed\" frameborder=\"0\" allow=\"accelerometer; autoplay; clipboard-write; encrypted-media; gyroscope; picture-in-picture; web-share\" referrerpolicy=\"strict-origin-when-cross-origin\" allowfullscreen><\/iframe>\n<\/div><\/figure>\n\n\n\n<p>.<\/p>\n\n\n\n<p>Si tus <strong><mark style=\"background-color:rgba(0, 0, 0, 0)\" class=\"has-inline-color has-vivid-red-color\">placas vehiculares fueron expedidas en 2019, <span style=\"text-decoration: underline;\">tendr\u00e1n vigencia hasta el 31 de diciembre de este a\u00f1o<\/span><\/mark><\/strong>, por lo que deber\u00e1s <mark style=\"background-color:#6dea1a\" class=\"has-inline-color\"><strong>REALIZA<\/strong> el<strong> tr\u00e1mite de REEMPLACAMIENTO <\/strong>del<strong> 1 de julio al 31 de diciembre de 2024<\/strong><\/mark>, conforme al siguiente calendario:<\/p>\n\n\n<div class=\"wp-block-image\">\n<figure class=\"aligncenter size-full\"><a href=\"https:\/\/www.salgadonoticias.com\/wp-content\/uploads\/2024\/04\/image-2.png\"><img loading=\"lazy\" decoding=\"async\" width=\"620\" height=\"231\" src=\"https:\/\/www.salgadonoticias.com\/wp-content\/uploads\/2024\/04\/image-2.png\" alt=\"\" class=\"wp-image-27358\" srcset=\"https:\/\/www.salgadonoticias.com\/wp-content\/uploads\/2024\/04\/image-2.png 620w, https:\/\/www.salgadonoticias.com\/wp-content\/uploads\/2024\/04\/image-2-300x112.png 300w\" sizes=\"(max-width: 620px) 100vw, 620px\" \/><\/a><\/figure><\/div>\n\n\n<p>Recuerda que las placas tienen una vigencia de 5 a\u00f1os.<\/p>\n\n\n\n<p>.<\/p>\n\n\n\n<p><\/p>\n\n\n\n<p>.<\/p>\n\n\n\n<p id=\"block-796535c5-f686-4dcf-8024-3be970f02343\">Si estas en el <strong><mark><mark style=\"background-color:#ffffff\" class=\"has-inline-color has-vivid-red-color\">Extranjero<\/mark><mark style=\"background-color:#ffffff\" class=\"has-inline-color\"> <\/mark><\/mark><\/strong>nosotros somos tu<mark style=\"background-color:rgba(0, 0, 0, 0)\" class=\"has-inline-color has-vivid-green-cyan-color\"> <strong>mejor<\/strong><\/mark><mark style=\"background-color:#ffffff\" class=\"has-inline-color\"> alternativa para <\/mark><strong><mark style=\"background-color:#ffffff\" class=\"has-inline-color has-luminous-vivid-orange-color\">velar<\/mark><\/strong><mark style=\"background-color:#ffffff\" class=\"has-inline-color\"> por tus <\/mark><strong><mark style=\"background-color:#ffffff;color:#0c74b0\" class=\"has-inline-color\">intereses<\/mark><\/strong>, escr\u00edbenos o ll\u00e1manos al Tel <strong>55581-11311<\/strong>.<\/p>\n\n\n\n<p id=\"block-3f0cb649-4142-417f-be85-20a82a0deacc\">.<\/p>\n\n\n\n<p id=\"block-0be85f9b-a54a-48a5-8974-f500a542213b\">Cuando<strong> necesites<\/strong> ayuda, <strong>asistencia<\/strong> o <strong>planeaci\u00f3n<\/strong> legal, <strong>solicita<\/strong> <strong>Cita Privada<\/strong> <a href=\"mailto:bi@sm99.mx\" target=\"_blank\" rel=\"noreferrer noopener\"><strong>Aqu\u00ed<\/strong><\/a><\/p>\n\n\n\n<p id=\"block-53241420-9292-48b8-993b-967038d0604a\">La informaci\u00f3n que AQU\u00cd te presentamos <strong>deriva<\/strong> de los <strong>Peri\u00f3dicos Oficiales <\/strong>de la<strong> CdMx<\/strong>, <strong>Estado<\/strong> de Mex., Diario <strong>Oficial<\/strong> de la Federaci\u00f3n, Suprema Corte de<strong> Justicia<\/strong> de la Naci\u00f3n, por lo tanto es de <strong>aplicaci\u00f3n OBLIGATORIA<\/strong>.<\/p>\n\n\n\n<p id=\"block-3ea95020-128c-4e7d-9308-d73669c4f2be\">La <strong>informaci\u00f3n<\/strong> de hoy procede de la Gaceta del EdoMex.<\/p>\n\n\n\n<p id=\"block-3ea95020-128c-4e7d-9308-d73669c4f2be\"><strong><mark style=\"background-color:rgba(0, 0, 0, 0);color:#d9610b\" class=\"has-inline-color\">AYUDANOS<\/mark> <\/strong>para que m\u00e1s personas conozcan esta informaci\u00f3n, comp\u00e1rtela en tus redes sociales.<\/p>\n","protected":false},"excerpt":{"rendered":"<p>Views: 34 . . Si tus placas vehiculares fueron expedidas en 2019, tendr\u00e1n vigencia hasta el 31 de diciembre de este a\u00f1o, por lo que deber\u00e1s REALIZA el tr\u00e1mite de REEMPLACAMIENTO del 1 de julio al 31 de diciembre de 2024, conforme al siguiente calendario: Recuerda que las placas tienen una vigencia de 5 a\u00f1os. [&hellip;]<\/p>\n","protected":false},"author":3,"featured_media":27362,"comment_status":"closed","ping_status":"open","sticky":false,"template":"","format":"standard","meta":{"_jetpack_memberships_contains_paid_content":false,"footnotes":""},"categories":[8],"tags":[],"jetpack_sharing_enabled":true,"jetpack_featured_media_url":"https:\/\/www.salgadonoticias.com\/wp-content\/uploads\/2024\/04\/OTRA.jpg","_links":{"self":[{"href":"https:\/\/www.salgadonoticias.com\/index.php?rest_route=\/wp\/v2\/posts\/27356"}],"collection":[{"href":"https:\/\/www.salgadonoticias.com\/index.php?rest_route=\/wp\/v2\/posts"}],"about":[{"href":"https:\/\/www.salgadonoticias.com\/index.php?rest_route=\/wp\/v2\/types\/post"}],"author":[{"embeddable":true,"href":"https:\/\/www.salgadonoticias.com\/index.php?rest_route=\/wp\/v2\/users\/3"}],"replies":[{"embeddable":true,"href":"https:\/\/www.salgadonoticias.com\/index.php?rest_route=%2Fwp%2Fv2%2Fcomments&post=27356"}],"version-history":[{"count":5,"href":"https:\/\/www.salgadonoticias.com\/index.php?rest_route=\/wp\/v2\/posts\/27356\/revisions"}],"predecessor-version":[{"id":27383,"href":"https:\/\/www.salgadonoticias.com\/index.php?rest_route=\/wp\/v2\/posts\/27356\/revisions\/27383"}],"wp:featuredmedia":[{"embeddable":true,"href":"https:\/\/www.salgadonoticias.com\/index.php?rest_route=\/wp\/v2\/media\/27362"}],"wp:attachment":[{"href":"https:\/\/www.salgadonoticias.com\/index.php?rest_route=%2Fwp%2Fv2%2Fmedia&parent=27356"}],"wp:term":[{"taxonomy":"category","embeddable":true,"href":"https:\/\/www.salgadonoticias.com\/index.php?rest_route=%2Fwp%2Fv2%2Fcategories&post=27356"},{"taxonomy":"post_tag","embeddable":true,"href":"https:\/\/www.salgadonoticias.com\/index.php?rest_route=%2Fwp%2Fv2%2Ftags&post=27356"}],"curies":[{"name":"wp","href":"https:\/\/api.w.org\/{rel}","templated":true}]}}