{"id":27369,"date":"2024-04-05T00:26:00","date_gmt":"2024-04-05T06:26:00","guid":{"rendered":"https:\/\/www.salgadonoticias.com\/?p=27369"},"modified":"2024-04-04T14:30:41","modified_gmt":"2024-04-04T20:30:41","slug":"27369","status":"publish","type":"post","link":"https:\/\/www.salgadonoticias.com\/?p=27369","title":{"rendered":"Hasta $162 mil pesos de Multa a empresas que No se afilien al Fonacot&#8230;!!!"},"content":{"rendered":"<p>Views: 26<\/p>\n<p>.<\/p>\n\n\n\n<p>Con la reforma al <mark style=\"background-color:#cbe5f4\" class=\"has-inline-color\"><strong>art\u00edculo 994 fracc. III<\/strong> de la <strong>Ley Federal del Trabajo (LFT)<\/strong><\/mark> se <strong>Impondr\u00e1n<\/strong> <strong><mark style=\"background-color:rgba(0, 0, 0, 0);color:#a80606\" class=\"has-inline-color\">MULTAS<\/mark><\/strong> de entre <mark style=\"background-color:#71d62e\" class=\"has-inline-color\"><strong>5 mil 428 y 162 mil 855<\/strong> pesos<\/mark> a las <mark style=\"background-color:rgba(0, 0, 0, 0);color:#910132\" class=\"has-inline-color\"><strong>Empresas<\/strong> que <strong>NO SE AFILIEN<\/strong><\/mark> al <mark style=\"background-color:rgba(0, 0, 0, 0)\" class=\"has-inline-color has-luminous-vivid-orange-color\"><strong>Instituto del Fondo Nacional para el Consumo de los Trabajadores (Fonacot)<\/strong>. <\/mark><\/p>\n\n\n\n<p>.<\/p>\n\n\n\n<p><mark style=\"background-color:#f1c64f\" class=\"has-inline-color has-black-color\">Las <strong>sanciones se aplicar\u00e1n a partir de hoy 5 de abril de 2024<\/strong> y ser\u00e1n <strong>por cada empleado afectado<\/strong>.<\/mark><\/p>\n\n\n\n<p>.<\/p>\n\n\n\n<p>Con esta modificaci\u00f3n se <strong>busca asegurar y garantizar a los Trabajadores, <\/strong>el <strong>acceso <\/strong>a los<strong> beneficios de financiamiento que brinda el Fonacot<\/strong>.<\/p>\n\n\n\n<p>,<\/p>\n\n\n\n<p>.<\/p>\n\n\n\n<p id=\"block-796535c5-f686-4dcf-8024-3be970f02343\">Si estas en el <strong><mark><mark style=\"background-color:#ffffff\" class=\"has-inline-color has-vivid-red-color\">Extranjero<\/mark><mark style=\"background-color:#ffffff\" class=\"has-inline-color\"> <\/mark><\/mark><\/strong>nosotros somos tu<mark style=\"background-color:rgba(0, 0, 0, 0)\" class=\"has-inline-color has-vivid-green-cyan-color\"> <strong>mejor<\/strong><\/mark><mark style=\"background-color:#ffffff\" class=\"has-inline-color\"> alternativa para <\/mark><strong><mark style=\"background-color:#ffffff\" class=\"has-inline-color has-luminous-vivid-orange-color\">velar<\/mark><\/strong><mark style=\"background-color:#ffffff\" class=\"has-inline-color\"> por tus <\/mark><strong><mark style=\"background-color:#ffffff;color:#0c74b0\" class=\"has-inline-color\">intereses<\/mark><\/strong>, escr\u00edbenos o ll\u00e1manos al Tel <strong>55581-11311<\/strong>.<\/p>\n\n\n\n<p id=\"block-3f0cb649-4142-417f-be85-20a82a0deacc\">.<\/p>\n\n\n\n<p id=\"block-0be85f9b-a54a-48a5-8974-f500a542213b\">Cuando<strong> necesites<\/strong> ayuda, <strong>asistencia<\/strong> o <strong>planeaci\u00f3n<\/strong> legal, <strong>solicita<\/strong> <strong>Cita Privada<\/strong> <a href=\"mailto:bi@sm99.mx\" target=\"_blank\" rel=\"noreferrer noopener\"><strong>Aqu\u00ed<\/strong><\/a><\/p>\n\n\n\n<p id=\"block-53241420-9292-48b8-993b-967038d0604a\">La informaci\u00f3n que AQU\u00cd te presentamos <strong>deriva<\/strong> de los <strong>Peri\u00f3dicos Oficiales <\/strong>de la<strong> CdMx<\/strong>, <strong>Estado<\/strong> de Mex., Diario <strong>Oficial<\/strong> de la Federaci\u00f3n, Suprema Corte de<strong> Justicia<\/strong> de la Naci\u00f3n, por lo tanto es de <strong>aplicaci\u00f3n OBLIGATORIA<\/strong>.<\/p>\n\n\n\n<p id=\"block-3ea95020-128c-4e7d-9308-d73669c4f2be\">La <strong>informaci\u00f3n<\/strong> de hoy procede del Diario Oficial<\/p>\n\n\n\n<p id=\"block-3ea95020-128c-4e7d-9308-d73669c4f2be\"><strong><mark style=\"background-color:rgba(0, 0, 0, 0);color:#d9610b\" class=\"has-inline-color\">AYUDANOS<\/mark> <\/strong>para que m\u00e1s personas conozcan esta informaci\u00f3n, comp\u00e1rtela en tus redes sociales.<\/p>\n","protected":false},"excerpt":{"rendered":"<p>Views: 26 . Con la reforma al art\u00edculo 994 fracc. III de la Ley Federal del Trabajo (LFT) se Impondr\u00e1n MULTAS de entre 5 mil 428 y 162 mil 855 pesos a las Empresas que NO SE AFILIEN al Instituto del Fondo Nacional para el Consumo de los Trabajadores (Fonacot). . Las sanciones se aplicar\u00e1n [&hellip;]<\/p>\n","protected":false},"author":3,"featured_media":27372,"comment_status":"closed","ping_status":"open","sticky":false,"template":"","format":"standard","meta":{"_jetpack_memberships_contains_paid_content":false,"footnotes":""},"categories":[4],"tags":[],"jetpack_sharing_enabled":true,"jetpack_featured_media_url":"https:\/\/www.salgadonoticias.com\/wp-content\/uploads\/2024\/04\/fonacot.jpg","_links":{"self":[{"href":"https:\/\/www.salgadonoticias.com\/index.php?rest_route=\/wp\/v2\/posts\/27369"}],"collection":[{"href":"https:\/\/www.salgadonoticias.com\/index.php?rest_route=\/wp\/v2\/posts"}],"about":[{"href":"https:\/\/www.salgadonoticias.com\/index.php?rest_route=\/wp\/v2\/types\/post"}],"author":[{"embeddable":true,"href":"https:\/\/www.salgadonoticias.com\/index.php?rest_route=\/wp\/v2\/users\/3"}],"replies":[{"embeddable":true,"href":"https:\/\/www.salgadonoticias.com\/index.php?rest_route=%2Fwp%2Fv2%2Fcomments&post=27369"}],"version-history":[{"count":5,"href":"https:\/\/www.salgadonoticias.com\/index.php?rest_route=\/wp\/v2\/posts\/27369\/revisions"}],"predecessor-version":[{"id":27379,"href":"https:\/\/www.salgadonoticias.com\/index.php?rest_route=\/wp\/v2\/posts\/27369\/revisions\/27379"}],"wp:featuredmedia":[{"embeddable":true,"href":"https:\/\/www.salgadonoticias.com\/index.php?rest_route=\/wp\/v2\/media\/27372"}],"wp:attachment":[{"href":"https:\/\/www.salgadonoticias.com\/index.php?rest_route=%2Fwp%2Fv2%2Fmedia&parent=27369"}],"wp:term":[{"taxonomy":"category","embeddable":true,"href":"https:\/\/www.salgadonoticias.com\/index.php?rest_route=%2Fwp%2Fv2%2Fcategories&post=27369"},{"taxonomy":"post_tag","embeddable":true,"href":"https:\/\/www.salgadonoticias.com\/index.php?rest_route=%2Fwp%2Fv2%2Ftags&post=27369"}],"curies":[{"name":"wp","href":"https:\/\/api.w.org\/{rel}","templated":true}]}}