{"id":27380,"date":"2024-04-08T01:37:00","date_gmt":"2024-04-08T06:37:00","guid":{"rendered":"https:\/\/www.salgadonoticias.com\/?p=27380"},"modified":"2024-04-08T17:20:47","modified_gmt":"2024-04-08T22:20:47","slug":"27380","status":"publish","type":"post","link":"https:\/\/www.salgadonoticias.com\/?p=27380","title":{"rendered":"Hasta 8 a\u00f1os de C\u00c1RCEL m\u00e1s Inhabilitaci\u00f3n a MAESTROS por HOSTIGAR o ACOSAR\u2026!!!"},"content":{"rendered":"<p>Views: 38<\/p>\n<p>.<br><\/p>\n\n\n\n<figure class=\"wp-block-embed is-type-video is-provider-youtube wp-block-embed-youtube wp-embed-aspect-16-9 wp-has-aspect-ratio\"><div class=\"wp-block-embed__wrapper\">\n<iframe loading=\"lazy\" title=\"Hasta 8 a\u00f1os de C\u00c1RCEL m\u00e1s Inhabilitaci\u00f3n a MAESTROS por HOSTIGAR o ACOSAR\u2026!!!\" width=\"640\" height=\"360\" src=\"https:\/\/www.youtube.com\/embed\/gIFXOKl0QLs?feature=oembed\" frameborder=\"0\" allow=\"accelerometer; autoplay; clipboard-write; encrypted-media; gyroscope; picture-in-picture; web-share\" referrerpolicy=\"strict-origin-when-cross-origin\" allowfullscreen><\/iframe>\n<\/div><\/figure>\n\n\n\n<p>Se hace reforma al C\u00f3digo Penal y la Ley de Responsabilidades Administrativas ambos del EdoM\u00e9x, con lo que a partir de esta semana se <strong><mark style=\"background-color:rgba(0, 0, 0, 0);color:#890707\" class=\"has-inline-color\">AGRAVAN las sanciones<\/mark><\/strong> a <strong>DOCENTES <\/strong>y <strong>Personal Administrativo<\/strong> que <strong>comentan<\/strong> el delito de <strong>hostigamiento sexual<\/strong> contra estudiantes o compa\u00f1eros de trabajo.<\/p>\n\n\n\n<p>Las penas <strong><mark style=\"background-color:rgba(0, 0, 0, 0)\" class=\"has-inline-color has-vivid-red-color\">ahora<\/mark><\/strong> ser\u00e1n la siguientes:<\/p>\n\n\n\n<p>Para los <strong><mark style=\"background-color:#e6b2bf\" class=\"has-inline-color\">MAESTROS<\/mark>:<\/strong><\/p>\n\n\n\n<ul>\n<li><strong><mark style=\"background-color:rgba(0, 0, 0, 0);color:#9d0505\" class=\"has-inline-color\">De 2 a 8 a\u00f1os de C\u00e1rcel e Inhabilitaci\u00f3n de 1 a 10 a\u00f1os<\/mark><\/strong>, <span style=\"text-decoration: underline;\">ANTES las penas eran de 1 a 4 a\u00f1os<\/span>.<\/li>\n<\/ul>\n\n\n\n<p>Para el <strong><mark style=\"background-color:#d5e2ed\" class=\"has-inline-color\">Personal Administrativo<\/mark><\/strong>:<\/p>\n\n\n\n<ul>\n<li><strong><mark style=\"background-color:rgba(0, 0, 0, 0);color:#ae0466\" class=\"has-inline-color\">De 1 a 4 a\u00f1os de C\u00e1rcel e Inhabilitaci\u00f3n de 1 a 10 a\u00f1os<\/mark><\/strong>, <span style=\"text-decoration: underline;\">ANTES las penas  eran de 6 meses a 2 a\u00f1os y destituci\u00f3n de 1 a 3 a\u00f1os.<\/span><\/li>\n<\/ul>\n\n\n\n<p>.<\/p>\n\n\n\n<p>Adem\u00e1s tambi\u00e9n se contempla se <strong>incorpore la perspectiva de g\u00e9nero en la atenci\u00f3n de denuncias e investigaciones<\/strong> que se inicien por estas faltas administrativas graves.<\/p>\n\n\n\n<p>.<\/p>\n\n\n\n<p id=\"block-796535c5-f686-4dcf-8024-3be970f02343\">Si estas en el <strong><mark><mark style=\"background-color:#ffffff\" class=\"has-inline-color has-vivid-red-color\">Extranjero<\/mark><mark style=\"background-color:#ffffff\" class=\"has-inline-color\"> <\/mark><\/mark><\/strong>nosotros somos tu<mark style=\"background-color:rgba(0, 0, 0, 0)\" class=\"has-inline-color has-vivid-green-cyan-color\"> <strong>mejor<\/strong><\/mark><mark style=\"background-color:#ffffff\" class=\"has-inline-color\"> alternativa para <\/mark><strong><mark style=\"background-color:#ffffff\" class=\"has-inline-color has-luminous-vivid-orange-color\">velar<\/mark><\/strong><mark style=\"background-color:#ffffff\" class=\"has-inline-color\"> por tus <\/mark><strong><mark style=\"background-color:#ffffff;color:#0c74b0\" class=\"has-inline-color\">intereses<\/mark><\/strong>, escr\u00edbenos o ll\u00e1manos al Tel <strong>55581-11311<\/strong>.<\/p>\n\n\n\n<p id=\"block-3f0cb649-4142-417f-be85-20a82a0deacc\">.<\/p>\n\n\n\n<p id=\"block-0be85f9b-a54a-48a5-8974-f500a542213b\">Cuando<strong> necesites<\/strong> ayuda, <strong>asistencia<\/strong> o <strong>planeaci\u00f3n<\/strong> legal, <strong>solicita<\/strong> <strong>Cita Privada<\/strong> <a href=\"mailto:bi@sm99.mx\" target=\"_blank\" rel=\"noreferrer noopener\"><strong>Aqu\u00ed<\/strong><\/a><\/p>\n\n\n\n<p id=\"block-53241420-9292-48b8-993b-967038d0604a\">La informaci\u00f3n que AQU\u00cd te presentamos <strong>deriva<\/strong> de los <strong>Peri\u00f3dicos Oficiales <\/strong>de la<strong> CdMx<\/strong>, <strong>Estado<\/strong> de Mex., Diario <strong>Oficial<\/strong> de la Federaci\u00f3n, Suprema Corte de<strong> Justicia<\/strong> de la Naci\u00f3n, por lo tanto es de <strong>aplicaci\u00f3n OBLIGATORIA<\/strong>.<\/p>\n\n\n\n<p id=\"block-3ea95020-128c-4e7d-9308-d73669c4f2be\">La <strong>informaci\u00f3n<\/strong> de hoy procede de la Gaceta del EdoMex.<\/p>\n\n\n\n<p id=\"block-3ea95020-128c-4e7d-9308-d73669c4f2be\"><strong><mark style=\"background-color:rgba(0, 0, 0, 0);color:#d9610b\" class=\"has-inline-color\">AYUDANOS<\/mark> <\/strong>para que m\u00e1s personas conozcan esta informaci\u00f3n, comp\u00e1rtela en tus redes sociales.<\/p>\n","protected":false},"excerpt":{"rendered":"<p>Views: 38 . Se hace reforma al C\u00f3digo Penal y la Ley de Responsabilidades Administrativas ambos del EdoM\u00e9x, con lo que a partir de esta semana se AGRAVAN las sanciones a DOCENTES y Personal Administrativo que comentan el delito de hostigamiento sexual contra estudiantes o compa\u00f1eros de trabajo. Las penas ahora ser\u00e1n la siguientes: Para [&hellip;]<\/p>\n","protected":false},"author":3,"featured_media":27396,"comment_status":"closed","ping_status":"open","sticky":false,"template":"","format":"standard","meta":{"_jetpack_memberships_contains_paid_content":false,"footnotes":""},"categories":[8],"tags":[],"jetpack_sharing_enabled":true,"jetpack_featured_media_url":"https:\/\/www.salgadonoticias.com\/wp-content\/uploads\/2024\/04\/acoso.jpg","_links":{"self":[{"href":"https:\/\/www.salgadonoticias.com\/index.php?rest_route=\/wp\/v2\/posts\/27380"}],"collection":[{"href":"https:\/\/www.salgadonoticias.com\/index.php?rest_route=\/wp\/v2\/posts"}],"about":[{"href":"https:\/\/www.salgadonoticias.com\/index.php?rest_route=\/wp\/v2\/types\/post"}],"author":[{"embeddable":true,"href":"https:\/\/www.salgadonoticias.com\/index.php?rest_route=\/wp\/v2\/users\/3"}],"replies":[{"embeddable":true,"href":"https:\/\/www.salgadonoticias.com\/index.php?rest_route=%2Fwp%2Fv2%2Fcomments&post=27380"}],"version-history":[{"count":10,"href":"https:\/\/www.salgadonoticias.com\/index.php?rest_route=\/wp\/v2\/posts\/27380\/revisions"}],"predecessor-version":[{"id":27407,"href":"https:\/\/www.salgadonoticias.com\/index.php?rest_route=\/wp\/v2\/posts\/27380\/revisions\/27407"}],"wp:featuredmedia":[{"embeddable":true,"href":"https:\/\/www.salgadonoticias.com\/index.php?rest_route=\/wp\/v2\/media\/27396"}],"wp:attachment":[{"href":"https:\/\/www.salgadonoticias.com\/index.php?rest_route=%2Fwp%2Fv2%2Fmedia&parent=27380"}],"wp:term":[{"taxonomy":"category","embeddable":true,"href":"https:\/\/www.salgadonoticias.com\/index.php?rest_route=%2Fwp%2Fv2%2Fcategories&post=27380"},{"taxonomy":"post_tag","embeddable":true,"href":"https:\/\/www.salgadonoticias.com\/index.php?rest_route=%2Fwp%2Fv2%2Ftags&post=27380"}],"curies":[{"name":"wp","href":"https:\/\/api.w.org\/{rel}","templated":true}]}}