{"id":27389,"date":"2024-04-09T00:41:00","date_gmt":"2024-04-09T05:41:00","guid":{"rendered":"https:\/\/www.salgadonoticias.com\/?p=27389"},"modified":"2024-04-09T13:44:42","modified_gmt":"2024-04-09T18:44:42","slug":"27389","status":"publish","type":"post","link":"https:\/\/www.salgadonoticias.com\/?p=27389","title":{"rendered":"Trabajador OBLIGADO a Demostrar el PORCENTAJE (%) de COMISIONES Pactado&#8230;!!!"},"content":{"rendered":"<p>Views: 26<\/p>\n<p>.<\/p>\n\n\n\n<figure class=\"wp-block-embed is-type-video is-provider-youtube wp-block-embed-youtube wp-embed-aspect-16-9 wp-has-aspect-ratio\"><div class=\"wp-block-embed__wrapper\">\n<iframe loading=\"lazy\" title=\"Trabajador OBLIGADO a Demostrar el PORCENTAJE (%) de COMISIONES Pactado...!!!\" width=\"640\" height=\"360\" src=\"https:\/\/www.youtube.com\/embed\/voFDRB5HmCc?feature=oembed\" frameborder=\"0\" allow=\"accelerometer; autoplay; clipboard-write; encrypted-media; gyroscope; picture-in-picture; web-share\" referrerpolicy=\"strict-origin-when-cross-origin\" allowfullscreen><\/iframe>\n<\/div><\/figure>\n\n\n\n<p>.<\/p>\n\n\n\n<p>Este ANTECEDENTE<\/p>\n\n\n\n<p class=\"has-text-align-justify\">Surge despu\u00e9s de que <strong>un trabajador <mark style=\"background-color:rgba(0, 0, 0, 0)\" class=\"has-inline-color has-vivid-red-color\">demand\u00f3<\/mark><\/strong> a <strong>una<\/strong> persona <strong>f\u00edsica<\/strong> <strong><mark style=\"background-color:rgba(0, 0, 0, 0)\" class=\"has-inline-color has-vivid-red-color\">y<\/mark><\/strong> a <strong>2 morales<\/strong>, adem\u00e1s de otras prestaciones el <strong>pago de comisiones<\/strong> sobre las ventas realizadas por \u00e9l; al dar contestaci\u00f3n a la demanda <strong><mark style=\"background-color:rgba(0, 0, 0, 0)\" class=\"has-inline-color has-vivid-red-color\">la persona f\u00edsica neg\u00f3 lisa y llanamente el v\u00ednculo laboral<\/mark><\/strong>, mientras que las morales estuvieron de acuerdo. <\/p>\n\n\n\n<p class=\"has-text-align-justify\">Por lo que al <strong>emitir<\/strong> la <strong><mark style=\"background-color:rgba(0, 0, 0, 0)\" class=\"has-inline-color has-vivid-red-color\">sentencia<\/mark><\/strong> la autoridad responsable <strong><mark style=\"background-color:#ff6900\" class=\"has-inline-color\">dijo que el trabador si gener\u00f3 las comisiones demandadas<\/mark><\/strong>, por lo que conden\u00f3 a su pago, contra lo cual la parte patronal promovi\u00f3 juicio de amparo directo.<\/p>\n\n\n\n<p>.<\/p>\n\n\n\n<p class=\"has-text-align-justify\">La <strong><mark style=\"background-color:rgba(0, 0, 0, 0);color:#0703c3\" class=\"has-inline-color\">Suprema Corte de Justicia<\/mark> <\/strong>a trav\u00e9s de su Tribunal Colegiado de Circuito, <strong><mark style=\"background-color:rgba(0, 0, 0, 0);color:#b70808\" class=\"has-inline-color\">DETERMIN\u00d3<\/mark><\/strong> que cuando un <strong><mark style=\"background-color:#f6d6de\" class=\"has-inline-color\">trabajador reclama el pago de comisiones<\/mark> <\/strong>por ventas <strong><mark style=\"background-color:#fcb900\" class=\"has-inline-color\">adicionalmente<\/mark><\/strong> a un salario fijo, <strong><mark style=\"background-color:#cf2e2e\" class=\"has-inline-color has-black-color\">le corresponde a este<\/mark><\/strong><mark style=\"background-color:rgba(0, 0, 0, 0);color:#f30101\" class=\"has-inline-color\"><strong> demostrar<\/strong><\/mark> la cantidad o el <strong><mark style=\"background-color:#f9da86\" class=\"has-inline-color\">porcentaje pactado y la realizaci\u00f3n de las ventas<\/mark><\/strong> correspondientes, ya que esto se constituye una <strong>prestaci\u00f3n extralegal<\/strong>.<\/p>\n\n\n\n<p>.<\/p>\n\n\n\n<p class=\"has-text-align-justify\">La justificaci\u00f3n de la <strong>SCJN<\/strong> es que conforme a la tesis de jurisprudencia 2a.\/J. 20\/96, emitida por la Segunda Sala, en la que determin\u00f3 que de la <strong><mark style=\"background-color:rgba(0, 0, 0, 0)\" class=\"has-inline-color has-luminous-vivid-orange-color\">interpretaci\u00f3n de los art\u00edculos 83, 84, 286, 287, 784 y 804<\/mark><\/strong> de la LFT  se advierte que la <strong>ley se\u00f1ala <mark style=\"background-color:#fcb900\" class=\"has-inline-color\">cuatro formas espec\u00edficas del salario<\/mark><\/strong>, entre ellas el <strong>salario por comisi\u00f3n<\/strong>, por lo que <strong><mark style=\"background-color:#b2db7b\" class=\"has-inline-color\">concluy\u00f3 que las comisiones son prestaciones de naturaleza legal<\/mark><\/strong>, en tanto <span style=\"text-decoration: underline;\">constituyen una forma de salario; es decir, una forma de pago al trabajador<\/span>, por lo que cuando se suscite controversia al respecto, <strong>corresponde al patr\u00f3n la carga probatoria<\/strong>, de conformidad con el art\u00edculo 784, fracci\u00f3n XII, de la propia ley, <strong>sobre el monto y pago del salario<\/strong>. <\/p>\n\n\n\n<p class=\"has-text-align-justify\">Pero <strong><mark style=\"background-color:#faecc7\" class=\"has-inline-color\">No es as\u00ed, <\/mark><mark style=\"background-color:#ff6900\" class=\"has-inline-color\">el pago de las comisiones<\/mark><mark style=\"background-color:#faecc7\" class=\"has-inline-color\"> por ventas<\/mark><\/strong> <span style=\"text-decoration: underline;\">es adicional al salario fijo, ya que est\u00e1 sujeto a las ventas efectuadas<\/span>; de ah\u00ed que <strong><mark style=\"background-color:#cf2e2e\" class=\"has-inline-color has-black-color\">corresponde al trabajador acreditar<\/mark><\/strong><mark style=\"background-color:rgba(0, 0, 0, 0);color:#b10404\" class=\"has-inline-color\"><strong> los presupuestos de su acci\u00f3n, esto es, la cantidad o el porcentaje pactado y la realizaci\u00f3n de las ventas correspondientes<\/strong><\/mark>. <\/p>\n\n\n\n<p class=\"has-text-align-justify\">Bajo este esquema, <strong>no puede considerarse que las comisiones por ventas son prestaciones legales<\/strong> <strong>cuando su reclamo es <mark style=\"background-color:#fcb900\" class=\"has-inline-color\">adicional<\/mark> al salario ordinario<\/strong>, ya que conforme a lo interpretado por la Segunda Sala se entiende que dicho car\u00e1cter lo adquieren cuando constituyen una forma en que se paga el salario, es decir, cuando las comisiones son el salario que se le otorga al trabajador por la prestaci\u00f3n de sus servicios (salario por comisi\u00f3n).<\/p>\n\n\n\n<p class=\"has-text-align-justify\">Cuesti\u00f3n que, a diferencia de las <strong>comisiones por ventas, <mark style=\"background-color:#ff6900\" class=\"has-inline-color\">no basta con que el actor preste sus servicios<\/mark>, sino que adem\u00e1s de ello debe demostrar el hecho generador de su reclamo<\/strong>. <\/p>\n\n\n\n<p class=\"has-text-align-justify\">De manera que cuando <strong>las comisiones<\/strong> <mark style=\"background-color:#fcb900\" class=\"has-inline-color\">son adicionales<\/mark> al <strong>salario ordinario<\/strong>, en modo alguno pueden considerarse como <strong>una percepci\u00f3n legal<\/strong>, <strong><mark style=\"background-color:#cf2e2e\" class=\"has-inline-color\">sino extralegal<\/mark><\/strong>, y si bien es cierto que integran el salario, tambi\u00e9n lo es que previo a ello debe demostrarse que efectivamente se percibieron.<\/p>\n\n\n\n<p>.<\/p>\n\n\n\n<p>Esta <strong><mark style=\"background-color:#dfe9f1\" class=\"has-inline-color\">Resoluci\u00f3n<\/mark> <\/strong>es <strong>aplicable<\/strong> para <strong><mark style=\"background-color:#fdd9e2\" class=\"has-inline-color\">quien la haga valer<\/mark><\/strong> a partir de esta semana.<\/p>\n\n\n\n<p class=\"has-small-font-size\"><strong><mark style=\"background-color:rgba(0, 0, 0, 0)\" class=\"has-inline-color has-vivid-purple-color\">Tesis-Laboral<\/mark><\/strong><\/p>\n\n\n\n<p>.<\/p>\n\n\n\n<p>.<\/p>\n\n\n\n<p id=\"block-796535c5-f686-4dcf-8024-3be970f02343\">Si estas en el <strong><mark><mark style=\"background-color:#ffffff\" class=\"has-inline-color has-vivid-red-color\">Extranjero<\/mark><mark style=\"background-color:#ffffff\" class=\"has-inline-color\"> <\/mark><\/mark><\/strong>nosotros somos tu<mark style=\"background-color:rgba(0, 0, 0, 0)\" class=\"has-inline-color has-vivid-green-cyan-color\"> <strong>mejor<\/strong><\/mark><mark style=\"background-color:#ffffff\" class=\"has-inline-color\"> alternativa para <\/mark><strong><mark style=\"background-color:#ffffff\" class=\"has-inline-color has-luminous-vivid-orange-color\">velar<\/mark><\/strong><mark style=\"background-color:#ffffff\" class=\"has-inline-color\"> por tus <\/mark><strong><mark style=\"background-color:#ffffff;color:#0c74b0\" class=\"has-inline-color\">intereses<\/mark><\/strong>, escr\u00edbenos o ll\u00e1manos al Tel <strong>55581-11311<\/strong>.<\/p>\n\n\n\n<p id=\"block-3f0cb649-4142-417f-be85-20a82a0deacc\">.<\/p>\n\n\n\n<p id=\"block-0be85f9b-a54a-48a5-8974-f500a542213b\">Cuando<strong> necesites<\/strong> ayuda, <strong>asistencia<\/strong> o <strong>planeaci\u00f3n<\/strong> legal, <strong>solicita<\/strong> <strong>Cita Privada<\/strong> <a href=\"mailto:bi@sm99.mx\" target=\"_blank\" rel=\"noreferrer noopener\"><strong>Aqu\u00ed<\/strong><\/a><\/p>\n\n\n\n<p id=\"block-53241420-9292-48b8-993b-967038d0604a\">La informaci\u00f3n que AQU\u00cd te presentamos <strong>deriva<\/strong> de los <strong>Peri\u00f3dicos Oficiales <\/strong>de la<strong> CdMx<\/strong>, <strong>Estado<\/strong> de Mex., Diario <strong>Oficial<\/strong> de la Federaci\u00f3n, Suprema Corte de<strong> Justicia<\/strong> de la Naci\u00f3n, por lo tanto es de <strong>aplicaci\u00f3n OBLIGATORIA<\/strong>.<\/p>\n\n\n\n<p id=\"block-3ea95020-128c-4e7d-9308-d73669c4f2be\">La <strong>informaci\u00f3n<\/strong> de hoy procede de la Suprema Corte<\/p>\n\n\n\n<p id=\"block-3ea95020-128c-4e7d-9308-d73669c4f2be\"><strong><mark style=\"background-color:rgba(0, 0, 0, 0);color:#d9610b\" class=\"has-inline-color\">AYUDANOS<\/mark> <\/strong>para que m\u00e1s personas conozcan esta informaci\u00f3n, comp\u00e1rtela en tus redes sociales.<\/p>\n","protected":false},"excerpt":{"rendered":"<p>Views: 26 . . Este ANTECEDENTE Surge despu\u00e9s de que un trabajador demand\u00f3 a una persona f\u00edsica y a 2 morales, adem\u00e1s de otras prestaciones el pago de comisiones sobre las ventas realizadas por \u00e9l; al dar contestaci\u00f3n a la demanda la persona f\u00edsica neg\u00f3 lisa y llanamente el v\u00ednculo laboral, mientras que las morales [&hellip;]<\/p>\n","protected":false},"author":3,"featured_media":27409,"comment_status":"closed","ping_status":"open","sticky":false,"template":"","format":"standard","meta":{"_jetpack_memberships_contains_paid_content":false,"footnotes":""},"categories":[4],"tags":[],"jetpack_sharing_enabled":true,"jetpack_featured_media_url":"https:\/\/www.salgadonoticias.com\/wp-content\/uploads\/2024\/04\/comisiones.png","_links":{"self":[{"href":"https:\/\/www.salgadonoticias.com\/index.php?rest_route=\/wp\/v2\/posts\/27389"}],"collection":[{"href":"https:\/\/www.salgadonoticias.com\/index.php?rest_route=\/wp\/v2\/posts"}],"about":[{"href":"https:\/\/www.salgadonoticias.com\/index.php?rest_route=\/wp\/v2\/types\/post"}],"author":[{"embeddable":true,"href":"https:\/\/www.salgadonoticias.com\/index.php?rest_route=\/wp\/v2\/users\/3"}],"replies":[{"embeddable":true,"href":"https:\/\/www.salgadonoticias.com\/index.php?rest_route=%2Fwp%2Fv2%2Fcomments&post=27389"}],"version-history":[{"count":8,"href":"https:\/\/www.salgadonoticias.com\/index.php?rest_route=\/wp\/v2\/posts\/27389\/revisions"}],"predecessor-version":[{"id":27423,"href":"https:\/\/www.salgadonoticias.com\/index.php?rest_route=\/wp\/v2\/posts\/27389\/revisions\/27423"}],"wp:featuredmedia":[{"embeddable":true,"href":"https:\/\/www.salgadonoticias.com\/index.php?rest_route=\/wp\/v2\/media\/27409"}],"wp:attachment":[{"href":"https:\/\/www.salgadonoticias.com\/index.php?rest_route=%2Fwp%2Fv2%2Fmedia&parent=27389"}],"wp:term":[{"taxonomy":"category","embeddable":true,"href":"https:\/\/www.salgadonoticias.com\/index.php?rest_route=%2Fwp%2Fv2%2Fcategories&post=27389"},{"taxonomy":"post_tag","embeddable":true,"href":"https:\/\/www.salgadonoticias.com\/index.php?rest_route=%2Fwp%2Fv2%2Ftags&post=27389"}],"curies":[{"name":"wp","href":"https:\/\/api.w.org\/{rel}","templated":true}]}}